{"id":9404,"date":"2024-07-01T08:47:09","date_gmt":"2024-07-01T11:47:09","guid":{"rendered":"https:\/\/guialimeira.com.br\/2024\/07\/01\/portabilidade-do-saldo-devedor-do-cartao-de-credito-comeca-hoje\/"},"modified":"2024-07-01T08:47:09","modified_gmt":"2024-07-01T11:47:09","slug":"portabilidade-do-saldo-devedor-do-cartao-de-credito-comeca-hoje","status":"publish","type":"post","link":"https:\/\/guialimeira.com.br\/news\/portabilidade-do-saldo-devedor-do-cartao-de-credito-comeca-hoje\/","title":{"rendered":"Portabilidade do saldo devedor do cart\u00e3o de cr\u00e9dito come\u00e7a hoje"},"content":{"rendered":"<p> <br \/>\n<\/p>\n<div>\n<p>A partir desta segunda-feira (1\u00ba), os donos de cart\u00e3o de cr\u00e9dito poder\u00e3o transferir o saldo devedor da fatura para uma institui\u00e7\u00e3o financeira que oferecer melhores condi\u00e7\u00f5es de renegocia\u00e7\u00e3o. \u00c9 que entra em vigor uma resolu\u00e7\u00e3o do Conselho Monet\u00e1rio Nacional (CMN) &#8211; aprovada em dezembro do ano passado &#8211; que busca diminuir o endividamento e melhorar a capacidade de o consumidor se planejar.<img data-recalc-dims=\"1\" decoding=\"async\" src=\"https:\/\/i0.wp.com\/agenciabrasil.ebc.com.br\/ebc.png?w=696&#038;ssl=1\" style=\"width:1px; height:1px; display:inline;\"\/><img data-recalc-dims=\"1\" decoding=\"async\" src=\"https:\/\/i0.wp.com\/agenciabrasil.ebc.com.br\/ebc.gif?w=696&#038;ssl=1\" style=\"width:1px; height:1px; display:inline;\"\/><\/p>\n<p>A resolu\u00e7\u00e3o \u00e9 a mesma que, desde janeiro, limitou os juros do rotativo do cart\u00e3o de cr\u00e9dito a 100% da d\u00edvida. N\u00e3o estava prevista na lei do programa Desenrola a portabilidade do saldo devedor da fatura que foi aprovada na \u00faltima reuni\u00e3o do CMN do ano passado.<\/p>\n<h2>Opera\u00e7\u00e3o de cr\u00e9dito<\/h2>\n<p>A medida tamb\u00e9m vale para os demais instrumentos de pagamento p\u00f3s-pagos, modalidades nas quais os recursos s\u00e3o depositados para pagamento de d\u00e9bitos j\u00e1 assumidos. A proposta da institui\u00e7\u00e3o financeira deve ser realizada por meio de uma opera\u00e7\u00e3o de cr\u00e9dito consolidada (que reestruture a d\u00edvida acumulada). Al\u00e9m disso, a portabilidade ter\u00e1 de ser feita de forma gratuita.<\/p>\n<p>Caso a institui\u00e7\u00e3o credora original fa\u00e7a uma contraproposta ao devedor, a opera\u00e7\u00e3o de cr\u00e9dito consolidada dever\u00e1 ter o mesmo prazo do refinanciamento da institui\u00e7\u00e3o proponente. Segundo o Banco Central (BC), a igualdade de prazos permitir\u00e1 a compara\u00e7\u00e3o dos custos.<\/p>\n<h2>Transpar\u00eancia<\/h2>\n<p>O CMN tamb\u00e9m aumentou a transpar\u00eancia nas faturas do cart\u00e3o de cr\u00e9dito. Tamb\u00e9m a partir de hoje, as faturas dever\u00e3o trazer uma \u00e1rea de destaque, com as informa\u00e7\u00f5es essenciais, como valor total da fatura, data de vencimento da fatura do per\u00edodo vigente e limite total de cr\u00e9dito.<\/p>\n<p>As faturas tamb\u00e9m dever\u00e3o ter uma \u00e1rea em que sejam oferecidas op\u00e7\u00f5es de pagamento. Nessa \u00e1rea dever\u00e3o estar especificadas apenas as seguintes informa\u00e7\u00f5es: valor do pagamento m\u00ednimo obrigat\u00f3rio; valor dos encargos a serem cobrados no per\u00edodo seguinte no caso de pagamento m\u00ednimo; op\u00e7\u00f5es de financiamento do saldo devedor da fatura, apresentadas na ordem do menor para o maior valor total a pagar; taxas efetivas de juros mensal e anual; e Custo Efetivo Total (CET) das opera\u00e7\u00f5es de cr\u00e9dito.<\/p>\n<p>O CMN tamb\u00e9m obrigou as institui\u00e7\u00f5es financeiras a enviar ao titular do cart\u00e3o a data de vencimento da fatura por e-mail ou mensagem em algum canal de atendimento. O aviso ter\u00e1 de ser remetido com pelo menos dois dias de anteced\u00eancia.<\/p>\n<p>Por fim, as faturas ter\u00e3o uma \u00e1rea com informa\u00e7\u00f5es complementares. Nesse campo, devem estar informa\u00e7\u00f5es como lan\u00e7amentos na conta de pagamento; identifica\u00e7\u00e3o das opera\u00e7\u00f5es de cr\u00e9dito contratadas; juros e encargos cobrados no per\u00edodo vigente; valor total de juros e encargos financeiros cobrados referentes \u00e0s opera\u00e7\u00f5es de cr\u00e9dito contratadas; identifica\u00e7\u00e3o das tarifas cobradas; e limites individuais para cada tipo de opera\u00e7\u00e3o, entre outros dados.<\/p>\n<\/p><\/div>\n<p><br \/>\n<br \/><a href=\"https:\/\/agenciabrasil.ebc.com.br\/economia\/noticia\/2024-07\/portabilidade-do-saldo-devedor-do-cartao-de-credito-comeca-hoje\" rel=\"noopener\">Ag\u00eancia Brasil<\/a><\/p>\n","protected":false},"excerpt":{"rendered":"<p>A partir desta segunda-feira (1\u00ba), os donos de cart\u00e3o de cr\u00e9dito poder\u00e3o transferir o saldo devedor da fatura para uma institui\u00e7\u00e3o financeira que oferecer melhores condi\u00e7\u00f5es de renegocia\u00e7\u00e3o. \u00c9 que entra em vigor uma resolu\u00e7\u00e3o do Conselho Monet\u00e1rio Nacional (CMN) &#8211; aprovada em dezembro do ano passado &#8211; que busca diminuir o endividamento e melhorar [&hellip;]<\/p>\n","protected":false},"author":1,"featured_media":9405,"comment_status":"open","ping_status":"open","sticky":false,"template":"","format":"standard","meta":{"_jetpack_newsletter_access":"","_jetpack_dont_email_post_to_subs":false,"_jetpack_newsletter_tier_id":0,"_jetpack_memberships_contains_paywalled_content":false,"_mbp_banners":[],"_jetpack_feature_clip_id":0,"_jetpack_memberships_contains_paid_content":false,"footnotes":"","jetpack_publicize_message":"","jetpack_publicize_feature_enabled":true,"jetpack_social_post_already_shared":true,"jetpack_social_options":{"image_generator_settings":{"template":"highway","default_image_id":0,"font":"","enabled":false},"version":2},"jetpack_post_was_ever_published":false},"categories":[24],"tags":[],"class_list":["post-9404","post","type-post","status-publish","format-standard","has-post-thumbnail","category-economia"],"jetpack_publicize_connections":[],"jetpack-related-posts":[],"jetpack_shortlink":"https:\/\/wp.me\/p7Eq1F-2rG","jetpack_sharing_enabled":true,"jetpack_featured_media_url":"https:\/\/i0.wp.com\/guialimeira.com.br\/news\/wp-content\/uploads\/2024\/07\/credit-card-1520400.jpg?fit=1600%2C800&ssl=1","_links":{"self":[{"href":"https:\/\/guialimeira.com.br\/news\/wp-json\/wp\/v2\/posts\/9404","targetHints":{"allow":["GET"]}}],"collection":[{"href":"https:\/\/guialimeira.com.br\/news\/wp-json\/wp\/v2\/posts"}],"about":[{"href":"https:\/\/guialimeira.com.br\/news\/wp-json\/wp\/v2\/types\/post"}],"author":[{"embeddable":true,"href":"https:\/\/guialimeira.com.br\/news\/wp-json\/wp\/v2\/users\/1"}],"replies":[{"embeddable":true,"href":"https:\/\/guialimeira.com.br\/news\/wp-json\/wp\/v2\/comments?post=9404"}],"version-history":[{"count":0,"href":"https:\/\/guialimeira.com.br\/news\/wp-json\/wp\/v2\/posts\/9404\/revisions"}],"wp:featuredmedia":[{"embeddable":true,"href":"https:\/\/guialimeira.com.br\/news\/wp-json\/wp\/v2\/media\/9405"}],"wp:attachment":[{"href":"https:\/\/guialimeira.com.br\/news\/wp-json\/wp\/v2\/media?parent=9404"}],"wp:term":[{"taxonomy":"category","embeddable":true,"href":"https:\/\/guialimeira.com.br\/news\/wp-json\/wp\/v2\/categories?post=9404"},{"taxonomy":"post_tag","embeddable":true,"href":"https:\/\/guialimeira.com.br\/news\/wp-json\/wp\/v2\/tags?post=9404"}],"curies":[{"name":"wp","href":"https:\/\/api.w.org\/{rel}","templated":true}]}}