{"id":940,"date":"2024-04-04T15:54:59","date_gmt":"2024-04-04T18:54:59","guid":{"rendered":"https:\/\/guialimeira.com.br\/2024\/04\/04\/sub-registro-de-nascimentos-e-o-menor-desde-2015\/"},"modified":"2024-04-04T15:54:59","modified_gmt":"2024-04-04T18:54:59","slug":"sub-registro-de-nascimentos-e-o-menor-desde-2015","status":"publish","type":"post","link":"https:\/\/guialimeira.com.br\/news\/sub-registro-de-nascimentos-e-o-menor-desde-2015\/","title":{"rendered":"Sub-registro de nascimentos \u00e9 o menor desde 2015"},"content":{"rendered":"<p> <br \/>\n<\/p>\n<div>\n<p>O \u00edndice de sub-registro de nascimento no Brasil em 2022 foi de 1,31%. \u00c9 o menor patamar da s\u00e9rie hist\u00f3rica iniciada em 2015 pelo Instituto Brasileiro de Geografia e Estat\u00edstica (IBGE).<img data-recalc-dims=\"1\" decoding=\"async\" src=\"https:\/\/i0.wp.com\/agenciabrasil.ebc.com.br\/ebc.png?w=696&#038;ssl=1\" style=\"width:1px; height:1px; display:inline;\"\/><img data-recalc-dims=\"1\" decoding=\"async\" src=\"https:\/\/i0.wp.com\/agenciabrasil.ebc.com.br\/ebc.gif?w=696&#038;ssl=1\" style=\"width:1px; height:1px; display:inline;\"\/><\/p>\n<p>O dado significa que dos 2,6 milh\u00f5es de nascidos vivos no pa\u00eds, 33.726 n\u00e3o foram registrados no per\u00edodo legal estipulado, que vai at\u00e9 mar\u00e7o do ano seguinte. Em 2021, o \u00edndice era de 2,06% (55.417 nascimentos).<\/p>\n<p>Os dados fazem parte do Estudo Complementar \u00e0 Aplica\u00e7\u00e3o da T\u00e9cnica de Captura-Recaptura 2022, divulgado nesta quinta-feira (4) pelo IBGE. Essa t\u00e9cnica consiste em um pareamento entre os bancos de dados da institui\u00e7\u00e3o (Estat\u00edsticas do Registro Civil) coletados em cart\u00f3rios, com a base de dados do Minist\u00e9rio da Sa\u00fade \u2013 Sistema de Informa\u00e7\u00f5es sobre Nascidos Vivos (Sinasc) e Sistema de Informa\u00e7\u00f5es sobre Mortalidade (SIM).<\/p>\n<p>As diferen\u00e7as encontradas nos dados do IBGE s\u00e3o chamadas de sub-registros, e as dos dados do Minist\u00e9rio da Sa\u00fade, de subnotifica\u00e7\u00f5es.<\/p>\n<p>Segundo o estat\u00edstico do IBGE Jos\u00e9 Eduardo Trindade, a redu\u00e7\u00e3o dos sub-registros \u00e9 consequ\u00eancia de a\u00e7\u00f5es legislativas, como o marco legal da primeira inf\u00e2ncia. \u201cFoi estabelecido que o registro civil deve ser feito em unidades interligadas da maternidade. Ent\u00e3o, a crian\u00e7a j\u00e1 sai de l\u00e1 com o registro feito.\u201d<\/p>\n<p>Trindade ressalta que os percentuais est\u00e3o caindo desde 2015, com uma pequena diferen\u00e7a em 2020, quando os cart\u00f3rios fecharam por causa da pandemia de covid-19.<\/p>\n<h2>Regi\u00f5es<\/h2>\n<p>Os dados do IBGE revelam que o Brasil tem diferen\u00e7as regionais marcantes em rela\u00e7\u00e3o ao sub-registro de nascimentos.<\/p>\n<p>O maior percentual foi verificado no Norte (5,14%), seguido do Nordeste (1,66%); e o menor, no Sul (0,21%).<\/p>\n<p>Para os pesquisadores, essa disparidade \u00e9 relacionada \u00e0 dificuldade no acesso aos cart\u00f3rios enfrentada pela popula\u00e7\u00e3o dessas regi\u00f5es.<\/p>\n<p>Outra discrep\u00e2ncia relevante \u00e9 em rela\u00e7\u00e3o \u00e0 idade das m\u00e3es. O maior percentual de sub-registro de nascimentos \u00e9 de m\u00e3es menores de 15 anos (8,06%). No caso das subnotifica\u00e7\u00f5es, a propor\u00e7\u00e3o \u00e9 maior no grupo das que tinham 49 anos (7,84%).<\/p>\n<p>\u201cNormalmente essa m\u00e3e mais jovem passa pela unidade de sa\u00fade, mas n\u00e3o est\u00e1 indo para o cart\u00f3rio. Isso tem algumas explica\u00e7\u00f5es, como a falta de rede de apoio para orient\u00e1-la da maneira mais adequada para registrar o filho, para o exerc\u00edcio da cidadania dele. Outro fator \u00e9 a espera pela participa\u00e7\u00e3o do pai, para inclus\u00e3o do nome dele no registro, o que pode atrasar mais\u201d, acrescenta Jos\u00e9 Eduardo.<\/p>\n<p>O estudo identificou que 98,93% dos nascimentos no pa\u00eds em 2022 aconteceram em hospitais e outros estabelecimentos de sa\u00fade.<\/p>\n<h2>Cidadania<\/h2>\n<p>No Brasil, o primeiro documento com validade jur\u00eddica de uma pessoa \u00e9 a certid\u00e3o de nascimento, com a qual a crian\u00e7a passa a ter nome, sobrenome, nacionalidade, filia\u00e7\u00e3o e direitos \u00e0 sa\u00fade e \u00e0 educa\u00e7\u00e3o. \u00c9 o comprovante de exist\u00eancia do cidad\u00e3o. Sem o documento, a pessoa \u00e9 impedida de exercer seus direitos civis e sociais. Na pr\u00e1tica, \u00e9 como se ficasse \u201cinvis\u00edvel\u201d.<\/p>\n<p>A emiss\u00e3o da primeira via da certid\u00e3o \u00e9 gratuita para todos os que nascem em solo brasileiro, garantida por lei federal (Lei n\u00ba 9.534\/97).<\/p>\n<p>\u201cEsse sub-registro e essa subnotifica\u00e7\u00e3o podem ser entendidos como o retrato daquele momento do pa\u00eds, naquele per\u00edodo de refer\u00eancia. Mas, conforme a crian\u00e7a cresce, ela pode ter acesso \u00e0 cidadania [sendo registrada posteriormente]. Para os \u00f3rg\u00e3os internacionais, por\u00e9m, o ideal \u00e9 a erradica\u00e7\u00e3o desse sub-registro, \u00e9 que ele seja o menor poss\u00edvel, ou seja, que a crian\u00e7a, ao nascer,j\u00e1 tenha acesso \u00e0 plena cidadania\u201d, ressalta o estat\u00edstico Luiz Fernando Costa, da Coordena\u00e7\u00e3o de Popula\u00e7\u00e3o e Indicadores Sociais do IBGE.<\/p>\n<h2>Mortes<\/h2>\n<p>Em 2022, foram estimadas 1.561.339 mortes no pa\u00eds. A propor\u00e7\u00e3o de sub-registro foi 3,65% (56.988 \u00f3bitos) acima do registrado no ano anterior (3,49%). Em 2015, in\u00edcio da s\u00e9rie hist\u00f3rica, a propor\u00e7\u00e3o era de 4,89%.<\/p>\n<p>Tanto os sub-registros (12,87%) quanto as subnotifica\u00e7\u00f5es (1,64%) foram maiores entre os beb\u00eas que morreram at\u00e9 27 dias depois de nascidos.<\/p>\n<p>Em 2022, estima-se que 501.339 pessoas com mais de 80 anos morreram. O Maranh\u00e3o foi o estado com maiores percentuais de sub-registro (36,33%) e de subnotifica\u00e7\u00e3o (4,04%) para essa popula\u00e7\u00e3o. O Distrito Federal (0,11%) teve o menor percentual de sub-registro e o Rio de Janeiro (0,22%), o mais baixo de subnotifica\u00e7\u00e3o.<\/p>\n<p>De todas as mortes estimadas no pa\u00eds em 2022, 72% (1.124.310) tiveram como local de ocorr\u00eancia hospital ou outro estabelecimento de sa\u00fade.<\/p>\n<p>No Brasil, a primeira via da certid\u00e3o de \u00f3bito \u00e9 gratuita.<\/p>\n<\/p><\/div>\n<p><br \/>\n<br \/><a href=\"https:\/\/agenciabrasil.ebc.com.br\/geral\/noticia\/2024-04\/sub-registro-de-nascimentos-e-o-menor-desde-2015\" rel=\"noopener\">Ag\u00eancia Brasil<\/a><\/p>\n","protected":false},"excerpt":{"rendered":"<p>O \u00edndice de sub-registro de nascimento no Brasil em 2022 foi de 1,31%. \u00c9 o menor patamar da s\u00e9rie hist\u00f3rica iniciada em 2015 pelo Instituto Brasileiro de Geografia e Estat\u00edstica (IBGE). O dado significa que dos 2,6 milh\u00f5es de nascidos vivos no pa\u00eds, 33.726 n\u00e3o foram registrados no per\u00edodo legal estipulado, que vai at\u00e9 mar\u00e7o [&hellip;]<\/p>\n","protected":false},"author":1,"featured_media":632,"comment_status":"open","ping_status":"open","sticky":false,"template":"","format":"standard","meta":{"_jetpack_newsletter_access":"","_jetpack_dont_email_post_to_subs":false,"_jetpack_newsletter_tier_id":0,"_jetpack_memberships_contains_paywalled_content":false,"_mbp_banners":[],"_jetpack_feature_clip_id":0,"_jetpack_memberships_contains_paid_content":false,"footnotes":"","jetpack_publicize_message":"","jetpack_publicize_feature_enabled":true,"jetpack_social_post_already_shared":true,"jetpack_social_options":{"image_generator_settings":{"template":"highway","default_image_id":0,"font":"","enabled":false},"version":2},"jetpack_post_was_ever_published":false},"categories":[1],"tags":[],"class_list":["post-940","post","type-post","status-publish","format-standard","has-post-thumbnail","category-geral"],"jetpack_publicize_connections":[],"jetpack-related-posts":[],"jetpack_shortlink":"https:\/\/wp.me\/p7Eq1F-fa","jetpack_sharing_enabled":true,"jetpack_featured_media_url":"https:\/\/i0.wp.com\/guialimeira.com.br\/news\/wp-content\/uploads\/2024\/04\/alta_pequena_elysa_-_pedro_ii1_jv.jpeg?fit=1600%2C800&ssl=1","_links":{"self":[{"href":"https:\/\/guialimeira.com.br\/news\/wp-json\/wp\/v2\/posts\/940","targetHints":{"allow":["GET"]}}],"collection":[{"href":"https:\/\/guialimeira.com.br\/news\/wp-json\/wp\/v2\/posts"}],"about":[{"href":"https:\/\/guialimeira.com.br\/news\/wp-json\/wp\/v2\/types\/post"}],"author":[{"embeddable":true,"href":"https:\/\/guialimeira.com.br\/news\/wp-json\/wp\/v2\/users\/1"}],"replies":[{"embeddable":true,"href":"https:\/\/guialimeira.com.br\/news\/wp-json\/wp\/v2\/comments?post=940"}],"version-history":[{"count":0,"href":"https:\/\/guialimeira.com.br\/news\/wp-json\/wp\/v2\/posts\/940\/revisions"}],"wp:featuredmedia":[{"embeddable":true,"href":"https:\/\/guialimeira.com.br\/news\/wp-json\/wp\/v2\/media\/632"}],"wp:attachment":[{"href":"https:\/\/guialimeira.com.br\/news\/wp-json\/wp\/v2\/media?parent=940"}],"wp:term":[{"taxonomy":"category","embeddable":true,"href":"https:\/\/guialimeira.com.br\/news\/wp-json\/wp\/v2\/categories?post=940"},{"taxonomy":"post_tag","embeddable":true,"href":"https:\/\/guialimeira.com.br\/news\/wp-json\/wp\/v2\/tags?post=940"}],"curies":[{"name":"wp","href":"https:\/\/api.w.org\/{rel}","templated":true}]}}