{"id":9379,"date":"2024-06-30T12:25:59","date_gmt":"2024-06-30T15:25:59","guid":{"rendered":"https:\/\/guialimeira.com.br\/2024\/06\/30\/julho-tera-bandeira-amarela-na-conta-de-luz-define-aneel\/"},"modified":"2024-06-30T12:25:59","modified_gmt":"2024-06-30T15:25:59","slug":"julho-tera-bandeira-amarela-na-conta-de-luz-define-aneel","status":"publish","type":"post","link":"https:\/\/guialimeira.com.br\/news\/julho-tera-bandeira-amarela-na-conta-de-luz-define-aneel\/","title":{"rendered":"Julho ter\u00e1 bandeira amarela na conta de luz, define Aneel"},"content":{"rendered":"<p> <br \/>\n<\/p>\n<div>\n<p>A Ag\u00eancia Nacional de Energia El\u00e9trica (Aneel) informou que a conta de luz ter\u00e1 acr\u00e9scimo de R$ 1,88 a cada 100 kW\/h consumidos no m\u00eas de julho. A cobran\u00e7a adicional vai ocorrer por causa do acionamento da bandeira tarif\u00e1ria amarela.<img data-recalc-dims=\"1\" decoding=\"async\" src=\"https:\/\/i0.wp.com\/agenciabrasil.ebc.com.br\/ebc.png?w=696&#038;ssl=1\" style=\"width:1px; height:1px; display:inline;\"\/><img data-recalc-dims=\"1\" decoding=\"async\" src=\"https:\/\/i0.wp.com\/agenciabrasil.ebc.com.br\/ebc.gif?w=696&#038;ssl=1\" style=\"width:1px; height:1px; display:inline;\"\/><\/p>\n<p>Segundo a ag\u00eancia, a previs\u00e3o de chuva abaixo de m\u00e9dia e a expectativa de aumento do consumo de energia justificam a tarifa extra. O alerta foi publicado na sexta-feira (28).<\/p>\n<p>&#8220;Essa \u00e9 a primeira altera\u00e7\u00e3o na bandeira desde abril de 2022. Ao todo, foram 26 meses com bandeira verde. Com o sistema de bandeiras, o consumidor consegue fazer escolhas de consumo que contribuem para reduzir os custos de opera\u00e7\u00e3o do sistema, reduzindo a necessidade de acionar termel\u00e9tricas&#8221;, afirmou a Aneel.<\/p>\n<p>A previs\u00e3o de escassez de chuvas e as temperaturas mais altas no pa\u00eds aumentam os custos de opera\u00e7\u00e3o do sistema de gera\u00e7\u00e3o de energia das hidrel\u00e9tricas. Dessa forma, \u00e9 necess\u00e1rio acionar as usinas termel\u00e9tricas, que possuem custo maior.<\/p>\n<p>Criado pela Aneel em 2015, o sistema de bandeiras tarif\u00e1rias sinaliza o custo real da energia gerada, possibilitando aos consumidores o bom uso da energia el\u00e9trica. O c\u00e1lculo para acionamento das bandeiras tarif\u00e1rias leva em conta, principalmente, dois fatores: o risco hidrol\u00f3gico e o pre\u00e7o da energia.<\/p>\n<p>As bandeiras tarif\u00e1rias funcionam da seguinte maneira: as cores verde, amarela ou vermelha (nos patamares 1 e 2) indicam se a energia custar\u00e1 mais ou menos em fun\u00e7\u00e3o das condi\u00e7\u00f5es de gera\u00e7\u00e3o, sendo a bandeira vermelha a que tem um custo maior, e a verde, o menor.<\/p>\n<\/p><\/div>\n<p><br \/>\n<br \/><a href=\"https:\/\/agenciabrasil.ebc.com.br\/economia\/noticia\/2024-06\/julho-tera-bandeira-amarela-na-conta-de-luz-define-aneel\" rel=\"noopener\">Ag\u00eancia Brasil<\/a><\/p>\n","protected":false},"excerpt":{"rendered":"<p>A Ag\u00eancia Nacional de Energia El\u00e9trica (Aneel) informou que a conta de luz ter\u00e1 acr\u00e9scimo de R$ 1,88 a cada 100 kW\/h consumidos no m\u00eas de julho. A cobran\u00e7a adicional vai ocorrer por causa do acionamento da bandeira tarif\u00e1ria amarela. Segundo a ag\u00eancia, a previs\u00e3o de chuva abaixo de m\u00e9dia e a expectativa de aumento [&hellip;]<\/p>\n","protected":false},"author":1,"featured_media":8573,"comment_status":"open","ping_status":"open","sticky":false,"template":"","format":"standard","meta":{"_jetpack_newsletter_access":"","_jetpack_dont_email_post_to_subs":false,"_jetpack_newsletter_tier_id":0,"_jetpack_memberships_contains_paywalled_content":false,"_mbp_banners":[],"_jetpack_feature_clip_id":0,"_jetpack_memberships_contains_paid_content":false,"footnotes":"","jetpack_publicize_message":"","jetpack_publicize_feature_enabled":true,"jetpack_social_post_already_shared":true,"jetpack_social_options":{"image_generator_settings":{"template":"highway","default_image_id":0,"font":"","enabled":false},"version":2},"jetpack_post_was_ever_published":false},"categories":[24],"tags":[],"class_list":["post-9379","post","type-post","status-publish","format-standard","has-post-thumbnail","category-economia"],"jetpack_publicize_connections":[],"jetpack-related-posts":[],"jetpack_shortlink":"https:\/\/wp.me\/p7Eq1F-2rh","jetpack_sharing_enabled":true,"jetpack_featured_media_url":"https:\/\/i0.wp.com\/guialimeira.com.br\/news\/wp-content\/uploads\/2024\/06\/energia_eletrica_interruptor_de_luz_energia070720211248.jpg?fit=1600%2C800&ssl=1","_links":{"self":[{"href":"https:\/\/guialimeira.com.br\/news\/wp-json\/wp\/v2\/posts\/9379","targetHints":{"allow":["GET"]}}],"collection":[{"href":"https:\/\/guialimeira.com.br\/news\/wp-json\/wp\/v2\/posts"}],"about":[{"href":"https:\/\/guialimeira.com.br\/news\/wp-json\/wp\/v2\/types\/post"}],"author":[{"embeddable":true,"href":"https:\/\/guialimeira.com.br\/news\/wp-json\/wp\/v2\/users\/1"}],"replies":[{"embeddable":true,"href":"https:\/\/guialimeira.com.br\/news\/wp-json\/wp\/v2\/comments?post=9379"}],"version-history":[{"count":0,"href":"https:\/\/guialimeira.com.br\/news\/wp-json\/wp\/v2\/posts\/9379\/revisions"}],"wp:featuredmedia":[{"embeddable":true,"href":"https:\/\/guialimeira.com.br\/news\/wp-json\/wp\/v2\/media\/8573"}],"wp:attachment":[{"href":"https:\/\/guialimeira.com.br\/news\/wp-json\/wp\/v2\/media?parent=9379"}],"wp:term":[{"taxonomy":"category","embeddable":true,"href":"https:\/\/guialimeira.com.br\/news\/wp-json\/wp\/v2\/categories?post=9379"},{"taxonomy":"post_tag","embeddable":true,"href":"https:\/\/guialimeira.com.br\/news\/wp-json\/wp\/v2\/tags?post=9379"}],"curies":[{"name":"wp","href":"https:\/\/api.w.org\/{rel}","templated":true}]}}