{"id":9365,"date":"2024-06-29T23:57:13","date_gmt":"2024-06-30T02:57:13","guid":{"rendered":"https:\/\/guialimeira.com.br\/2024\/06\/29\/serie-b-sport-marca-nos-acrescimos-e-empata-com-botafogo-sp\/"},"modified":"2024-06-29T23:57:13","modified_gmt":"2024-06-30T02:57:13","slug":"serie-b-sport-marca-nos-acrescimos-e-empata-com-botafogo-sp","status":"publish","type":"post","link":"https:\/\/guialimeira.com.br\/news\/serie-b-sport-marca-nos-acrescimos-e-empata-com-botafogo-sp\/","title":{"rendered":"S\u00e9rie B: Sport marca nos acr\u00e9scimos e empata com Botafogo-SP"},"content":{"rendered":"<p> <br \/>\n<\/p>\n<div>\n<p>Com um gol nos acr\u00e9scimos, o Sport arrancou um empate de 1 a 1 com o Botafogo-SP, na noite deste s\u00e1bado (29) no est\u00e1dio Santa Cruz, em Ribeir\u00e3o Preto, em partida v\u00e1lida pela 13\u00aa rodada da S\u00e9rie B do Campeonato Brasileiro que teve transmiss\u00e3o ao vivo da <strong>TV Brasil<\/strong>.<img data-recalc-dims=\"1\" decoding=\"async\" src=\"https:\/\/i0.wp.com\/agenciabrasil.ebc.com.br\/ebc.png?w=696&#038;ssl=1\" style=\"width:1px; height:1px; display:inline;\"\/><img data-recalc-dims=\"1\" decoding=\"async\" src=\"https:\/\/i0.wp.com\/agenciabrasil.ebc.com.br\/ebc.gif?w=696&#038;ssl=1\" style=\"width:1px; height:1px; display:inline;\"\/><\/p>\n<blockquote class=\"twitter-tweet\">\n<p dir=\"ltr\" lang=\"pt\" xml:lang=\"pt\">Fim de jogo em Ribeir\u00e3o Preto. Z\u00e9 Roberto converte p\u00eanalti e deixa tudo igual, pela 13\u00aa rodada do Brasileiro: Botafogo\/SP 1&#215;1 Sport. <a href=\"https:\/\/twitter.com\/hashtag\/Le%C3%A3oNoBrasileir%C3%A3o?src=hash&amp;ref_src=twsrc%5Etfw\" rel=\"noopener\">#Le\u00e3oNoBrasileir\u00e3o<\/a> <a href=\"https:\/\/t.co\/Tol2AR3LH4\">pic.twitter.com\/Tol2AR3LH4<\/a><\/p>\n<p>\u2014 Sport Club do Recife (@sportrecife) <a href=\"https:\/\/twitter.com\/sportrecife\/status\/1807173223857168781?ref_src=twsrc%5Etfw\" rel=\"noopener\">June 29, 2024<\/a><\/p><\/blockquote>\n<p>Gra\u00e7as ao ponto conquistado fora de casa, o Le\u00e3o da Ilha do Retiro assumiu a 5\u00aa coloca\u00e7\u00e3o da classifica\u00e7\u00e3o com 20 pontos. J\u00e1 a equipe da casa permanece na 12\u00aa posi\u00e7\u00e3o, agora com 17 pontos.<\/p>\n<p>O Botafogo-SP abriu o placar cedo, logo aos 5 minutos do primeiro tempo, quando Luciano Cast\u00e1n falhou na sa\u00edda de bola e deu a oportunidade para o volante Carlos Manuel dominar e encobrir o goleiro Ca\u00edque Fran\u00e7a. O panorama da partida permaneceu inalterado at\u00e9 os 48 minutos da etapa final, quando o Sport arrancou a igualdade com um gol do atacante Z\u00e9 Roberto em cobran\u00e7a de p\u00eanalti.<\/p>\n<h2>Saulo Mineiro artilheiro<\/h2>\n<p>Em partida que tamb\u00e9m contou com transmiss\u00e3o da <strong>TV Brasil<\/strong>, o Cear\u00e1 bateu o Ituano por 4 a 2 no Castel\u00e3o. Com este resultado o Voz\u00e3o alcan\u00e7ou a 8\u00aa coloca\u00e7\u00e3o da classifica\u00e7\u00e3o com 19 pontos. J\u00e1 o Galo de Itu permanece na vice-lanterna da tabela com apenas oito pontos ap\u00f3s o rev\u00e9s.<\/p>\n<blockquote class=\"twitter-tweet\">\n<p dir=\"ltr\" lang=\"pt\" xml:lang=\"pt\">Hoje ele tava inspirado! \ud83d\udc4a\ud83d\udd25\ud83d\udd25<\/p>\n<p>Com dois gols no primeiro e um segundo tempo, Saulo Mineiro faz o seu primeiro hat-trick na temporada. \u26bd\u26bd\u26bd<a href=\"https:\/\/twitter.com\/hashtag\/Cear%C3%A1SC?src=hash&amp;ref_src=twsrc%5Etfw\" rel=\"noopener\">#Cear\u00e1SC<\/a> <a href=\"https:\/\/twitter.com\/hashtag\/BrasileiroB2024?src=hash&amp;ref_src=twsrc%5Etfw\" rel=\"noopener\">#BrasileiroB2024<\/a> <a href=\"https:\/\/twitter.com\/hashtag\/TodoMundoJogaJunto?src=hash&amp;ref_src=twsrc%5Etfw\" rel=\"noopener\">#TodoMundoJogaJunto<\/a> <a href=\"https:\/\/t.co\/S1jkKjq3J3\">pic.twitter.com\/S1jkKjq3J3<\/a><\/p>\n<p>\u2014 Cear\u00e1 Sporting Club (@CearaSC) <a href=\"https:\/\/twitter.com\/CearaSC\/status\/1807234489271407030?ref_src=twsrc%5Etfw\" rel=\"noopener\">June 30, 2024<\/a><\/p><\/blockquote>\n<p>O grande destaque da partida foi o atacante Saulo Mineiro, que marcou tr\u00eas vezes para o Cear\u00e1, que tamb\u00e9m contou com um gol de Louren\u00e7o. J\u00e1 o Ituano descontou com Richard e Vin\u00edcius Paiva.<\/p>\n<\/p><\/div>\n<p><script async src=\"\/\/platform.twitter.com\/widgets.js\" charset=\"utf-8\"><\/script><br \/>\n<br \/><br \/>\n<br \/><a href=\"https:\/\/agenciabrasil.ebc.com.br\/esportes\/noticia\/2024-06\/serie-b-sport-marca-nos-acrescimos-e-empate-com-botafogo-sp\" rel=\"noopener\">Ag\u00eancia Brasil<\/a><\/p>\n","protected":false},"excerpt":{"rendered":"<p>Com um gol nos acr\u00e9scimos, o Sport arrancou um empate de 1 a 1 com o Botafogo-SP, na noite deste s\u00e1bado (29) no est\u00e1dio Santa Cruz, em Ribeir\u00e3o Preto, em partida v\u00e1lida pela 13\u00aa rodada da S\u00e9rie B do Campeonato Brasileiro que teve transmiss\u00e3o ao vivo da TV Brasil. Fim de jogo em Ribeir\u00e3o Preto. [&hellip;]<\/p>\n","protected":false},"author":1,"featured_media":9366,"comment_status":"open","ping_status":"open","sticky":false,"template":"","format":"standard","meta":{"_jetpack_newsletter_access":"","_jetpack_dont_email_post_to_subs":false,"_jetpack_newsletter_tier_id":0,"_jetpack_memberships_contains_paywalled_content":false,"_mbp_banners":[],"_jetpack_feature_clip_id":0,"_jetpack_memberships_contains_paid_content":false,"footnotes":"","jetpack_publicize_message":"","jetpack_publicize_feature_enabled":true,"jetpack_social_post_already_shared":true,"jetpack_social_options":{"image_generator_settings":{"template":"highway","default_image_id":0,"font":"","enabled":false},"version":2},"jetpack_post_was_ever_published":false},"categories":[23],"tags":[],"class_list":["post-9365","post","type-post","status-publish","format-standard","has-post-thumbnail","category-esportes"],"jetpack_publicize_connections":[],"jetpack-related-posts":[],"jetpack_shortlink":"https:\/\/wp.me\/p7Eq1F-2r3","jetpack_sharing_enabled":true,"jetpack_featured_media_url":"https:\/\/i0.wp.com\/guialimeira.com.br\/news\/wp-content\/uploads\/2024\/06\/53823354622_828ab20ca4_o.jpg?fit=1600%2C800&ssl=1","_links":{"self":[{"href":"https:\/\/guialimeira.com.br\/news\/wp-json\/wp\/v2\/posts\/9365","targetHints":{"allow":["GET"]}}],"collection":[{"href":"https:\/\/guialimeira.com.br\/news\/wp-json\/wp\/v2\/posts"}],"about":[{"href":"https:\/\/guialimeira.com.br\/news\/wp-json\/wp\/v2\/types\/post"}],"author":[{"embeddable":true,"href":"https:\/\/guialimeira.com.br\/news\/wp-json\/wp\/v2\/users\/1"}],"replies":[{"embeddable":true,"href":"https:\/\/guialimeira.com.br\/news\/wp-json\/wp\/v2\/comments?post=9365"}],"version-history":[{"count":0,"href":"https:\/\/guialimeira.com.br\/news\/wp-json\/wp\/v2\/posts\/9365\/revisions"}],"wp:featuredmedia":[{"embeddable":true,"href":"https:\/\/guialimeira.com.br\/news\/wp-json\/wp\/v2\/media\/9366"}],"wp:attachment":[{"href":"https:\/\/guialimeira.com.br\/news\/wp-json\/wp\/v2\/media?parent=9365"}],"wp:term":[{"taxonomy":"category","embeddable":true,"href":"https:\/\/guialimeira.com.br\/news\/wp-json\/wp\/v2\/categories?post=9365"},{"taxonomy":"post_tag","embeddable":true,"href":"https:\/\/guialimeira.com.br\/news\/wp-json\/wp\/v2\/tags?post=9365"}],"curies":[{"name":"wp","href":"https:\/\/api.w.org\/{rel}","templated":true}]}}