{"id":9362,"date":"2024-06-29T18:08:13","date_gmt":"2024-06-29T21:08:13","guid":{"rendered":"https:\/\/guialimeira.com.br\/2024\/06\/29\/empregados-domesticos-atingidos-por-cheias-no-rs-receberao-beneficio\/"},"modified":"2024-06-29T18:08:13","modified_gmt":"2024-06-29T21:08:13","slug":"empregados-domesticos-atingidos-por-cheias-no-rs-receberao-beneficio","status":"publish","type":"post","link":"https:\/\/guialimeira.com.br\/news\/empregados-domesticos-atingidos-por-cheias-no-rs-receberao-beneficio\/","title":{"rendered":"Empregados dom\u00e9sticos atingidos por cheias no RS receber\u00e3o benef\u00edcio"},"content":{"rendered":"<p> <br \/>\n<\/p>\n<div>\n<p>Come\u00e7ou neste s\u00e1bado (29) o prazo de ades\u00e3o ao apoio financeiro do governo federal destinado a empregadas e empregados dom\u00e9sticos atingidos pelas calamidades que afetam o Rio Grande do Sul. De acordo com o Minist\u00e9rio do Trabalho e Emprego (MTE), a primeira parcela ser\u00e1 paga no dia 8 de julho, de forma escalonada, conforme a data de ades\u00e3o.<img data-recalc-dims=\"1\" decoding=\"async\" src=\"https:\/\/i0.wp.com\/agenciabrasil.ebc.com.br\/ebc.png?w=696&#038;ssl=1\" style=\"width:1px; height:1px; display:inline;\"\/><img data-recalc-dims=\"1\" decoding=\"async\" src=\"https:\/\/i0.wp.com\/agenciabrasil.ebc.com.br\/ebc.gif?w=696&#038;ssl=1\" style=\"width:1px; height:1px; display:inline;\"\/><\/p>\n<p>\u201cQuem aderir at\u00e9 o dia 1\u00ba de julho, recebe em 8 de julho; se aderirem at\u00e9 5 de julho, recebem em 15 de julho; se aderirem at\u00e9 12 de julho, recebem em 22 de julho; se a ades\u00e3o ocorrer ap\u00f3s 13 de julho, receber\u00e3o junto \u00e0 segunda parcela em 5 de agosto\u201d, informou o minist\u00e9rio.<\/p>\n<p>O pedido de ades\u00e3o deve ser feito por meio do aplicativo da Carteira de Trabalho Digital ou por meio do <a href=\"https:\/\/servicos.mte.gov.br\/empregador\/#\/\" rel=\"noopener\">Portal Emprega Brasil \u2013 Trabalhador<\/a>, at\u00e9 as 23h59 do dia 26 de julho. J\u00e1 o pagamento ser\u00e1 feito pela Caixa.<\/p>\n<p>O benef\u00edcio est\u00e1 previsto no <a href=\"https:\/\/agenciabrasil.ebc.com.br\/economia\/noticia\/2024-06\/apoio-financeiro-mais-de-dez-mil-empresas-gauchas-ja-se-cadastram\" rel=\"noopener\">programa do governo federal<\/a> que prev\u00ea o pagamento de duas parcelas no valor de R$ 1.412 cada, a serem pagas a trabalhadores atingidos pela calamidade causada pelas chuvas nos munic\u00edpios ga\u00fachos.<\/p>\n<p>\u201cOs benefici\u00e1rios n\u00e3o precisam se preocupar em abrir contas para o recebimento do valor. A Caixa identifica se o trabalhador j\u00e1 possui conta corrente ou poupan\u00e7a no banco e efetua o cr\u00e9dito automaticamente, sem que seja necess\u00e1rio comparecer a uma ag\u00eancia\u201d, explicou o MTE.<\/p>\n<p>No caso de benefici\u00e1rios que n\u00e3o possuem conta banc\u00e1ria, ser\u00e1 aberta uma Poupan\u00e7a Caixa Tem de forma autom\u00e1tica pelo banco, e a movimenta\u00e7\u00e3o poder\u00e1 ser feita pelo aplicativo Caixa Tem.<\/p>\n<p>Se enquadram na categoria de trabalhador ou trabalhadora dom\u00e9stico aquele que presta servi\u00e7os de forma habitual, subordinada, recebendo pagamento e pessoal, no \u00e2mbito residencial, por mais de dois dias por semana.\u00a0<\/p>\n<p>\u00a0<\/p>\n<\/p><\/div>\n<p><br \/>\n<br \/><a href=\"https:\/\/agenciabrasil.ebc.com.br\/economia\/noticia\/2024-06\/empregados-domesticos-atingidos-por-cheias-no-rs-receberao-beneficio\" rel=\"noopener\">Ag\u00eancia Brasil<\/a><\/p>\n","protected":false},"excerpt":{"rendered":"<p>Come\u00e7ou neste s\u00e1bado (29) o prazo de ades\u00e3o ao apoio financeiro do governo federal destinado a empregadas e empregados dom\u00e9sticos atingidos pelas calamidades que afetam o Rio Grande do Sul. De acordo com o Minist\u00e9rio do Trabalho e Emprego (MTE), a primeira parcela ser\u00e1 paga no dia 8 de julho, de forma escalonada, conforme a [&hellip;]<\/p>\n","protected":false},"author":1,"featured_media":269,"comment_status":"open","ping_status":"open","sticky":false,"template":"","format":"standard","meta":{"_jetpack_newsletter_access":"","_jetpack_dont_email_post_to_subs":false,"_jetpack_newsletter_tier_id":0,"_jetpack_memberships_contains_paywalled_content":false,"_mbp_banners":[],"_jetpack_feature_clip_id":0,"_jetpack_memberships_contains_paid_content":false,"footnotes":"","jetpack_publicize_message":"","jetpack_publicize_feature_enabled":true,"jetpack_social_post_already_shared":true,"jetpack_social_options":{"image_generator_settings":{"template":"highway","default_image_id":0,"font":"","enabled":false},"version":2},"jetpack_post_was_ever_published":false},"categories":[24],"tags":[],"class_list":["post-9362","post","type-post","status-publish","format-standard","has-post-thumbnail","category-economia"],"jetpack_publicize_connections":[],"jetpack-related-posts":[],"jetpack_shortlink":"https:\/\/wp.me\/p7Eq1F-2r0","jetpack_sharing_enabled":true,"jetpack_featured_media_url":"https:\/\/i0.wp.com\/guialimeira.com.br\/news\/wp-content\/uploads\/2024\/03\/thumb_1200x600_agbrasil.png?fit=1200%2C600&ssl=1","_links":{"self":[{"href":"https:\/\/guialimeira.com.br\/news\/wp-json\/wp\/v2\/posts\/9362","targetHints":{"allow":["GET"]}}],"collection":[{"href":"https:\/\/guialimeira.com.br\/news\/wp-json\/wp\/v2\/posts"}],"about":[{"href":"https:\/\/guialimeira.com.br\/news\/wp-json\/wp\/v2\/types\/post"}],"author":[{"embeddable":true,"href":"https:\/\/guialimeira.com.br\/news\/wp-json\/wp\/v2\/users\/1"}],"replies":[{"embeddable":true,"href":"https:\/\/guialimeira.com.br\/news\/wp-json\/wp\/v2\/comments?post=9362"}],"version-history":[{"count":0,"href":"https:\/\/guialimeira.com.br\/news\/wp-json\/wp\/v2\/posts\/9362\/revisions"}],"wp:featuredmedia":[{"embeddable":true,"href":"https:\/\/guialimeira.com.br\/news\/wp-json\/wp\/v2\/media\/269"}],"wp:attachment":[{"href":"https:\/\/guialimeira.com.br\/news\/wp-json\/wp\/v2\/media?parent=9362"}],"wp:term":[{"taxonomy":"category","embeddable":true,"href":"https:\/\/guialimeira.com.br\/news\/wp-json\/wp\/v2\/categories?post=9362"},{"taxonomy":"post_tag","embeddable":true,"href":"https:\/\/guialimeira.com.br\/news\/wp-json\/wp\/v2\/tags?post=9362"}],"curies":[{"name":"wp","href":"https:\/\/api.w.org\/{rel}","templated":true}]}}