{"id":9344,"date":"2024-06-29T13:48:30","date_gmt":"2024-06-29T16:48:30","guid":{"rendered":"https:\/\/guialimeira.com.br\/2024\/06\/29\/remodelada-praca-sebastiao-fumagalli-ganha-area-para-esportes-radicais\/"},"modified":"2024-06-29T13:48:30","modified_gmt":"2024-06-29T16:48:30","slug":"remodelada-praca-sebastiao-fumagalli-ganha-area-para-esportes-radicais","status":"publish","type":"post","link":"https:\/\/guialimeira.com.br\/news\/remodelada-praca-sebastiao-fumagalli-ganha-area-para-esportes-radicais\/","title":{"rendered":"Remodelada, Pra\u00e7a Sebasti\u00e3o Fumagalli ganha \u00e1rea para esportes radicais"},"content":{"rendered":"<p> <br \/>\n<br \/><img data-recalc-dims=\"1\" decoding=\"async\" src=\"https:\/\/i0.wp.com\/ecrie.com.br\/sistema\/conteudos\/imagem\/m_137_4_2_29062024132313.jpg?w=696&#038;ssl=1\" \/><\/p>\n<p style=\"text-align: justify\">O prefeito Mario Botion e a vice-prefeita Erika Tank entregaram, na manh&atilde; de hoje (29), as obras na Pra&ccedil;a Prefeito Sebasti&atilde;o Fumagalli, localizada sob o Viaduto Paulo D&rsquo;Andr&eacute;a, no Jd. Maria Bruschi Modeneis. A interven&ccedil;&atilde;o desdobrou-se em tr&ecirc;s frentes: recupera&ccedil;&atilde;o de estrutura hidr&aacute;ulica, constru&ccedil;&atilde;o de &aacute;rea para pr&aacute;tica de esportes radicais e melhorias de acessibilidade.<\/p>\n<p style=\"text-align: justify\">O investimento &eacute; de R$ 336,8 mil, com recursos do Finisa. Tamb&eacute;m compareceram &agrave; inaugura&ccedil;&atilde;o, o vereador Farid Zaine e os secret&aacute;rios Edson Moreno Gil (Chefe de Gabinete), Dagoberto Guidi (Obras e Servi&ccedil;os P&uacute;blicos) e S&eacute;rgio Moreira (Comunica&ccedil;&atilde;o Social).<\/p>\n<p style=\"text-align: justify\">Em rela&ccedil;&atilde;o ao c&oacute;rrego Barroca Funda, que passa por baixo da pra&ccedil;a, houve a recupera&ccedil;&atilde;o da antiga tubula&ccedil;&atilde;o met&aacute;lica, com concretagem de aproximadamente um ter&ccedil;o da estrutura. Segundo Guidi, essa interven&ccedil;&atilde;o era necess&aacute;ria para evitar eros&otilde;es e preservar a funda&ccedil;&atilde;o do viaduto.<\/p>\n<p style=\"text-align: justify\">&ldquo;Este local recebeu interven&ccedil;&otilde;es e se tornou mais um espa&ccedil;o para a pr&aacute;tica de esportes radicais&rdquo;, disse Botion.<\/p>\n<p style=\"text-align: justify\">A preocupa&ccedil;&atilde;o com a seguran&ccedil;a da popula&ccedil;&atilde;o esteve presente em todo o projeto, considerando-se que o viaduto Paulo D&rsquo;Andr&eacute;a, inaugurado em 2012, n&atilde;o disp&otilde;e de passagem de pedestres. Quem segue a p&eacute; pelo local, observa Guidi, deve obrigatoriamente passar embaixo do viaduto e atravessar a rotat&oacute;ria.<\/p>\n<p style=\"text-align: justify\">Nesse sentido, o local recebeu melhorias, com a instala&ccedil;&atilde;o de cal&ccedil;amento para pedestres, garantindo a travessia segura por meio das faixas elevadas existentes no local. &ldquo;Este aproveitamento do espa&ccedil;o p&uacute;blico permitir&aacute; sua utiliza&ccedil;&atilde;o por parte dos esportistas&rdquo;, comentou Erika Tank.<\/p>\n<p style=\"text-align: justify\"><strong>SKATE PLAZA<\/strong><\/p>\n<p style=\"text-align: justify\">O destaque da interven&ccedil;&atilde;o &eacute; o Skate Plaza, uma &aacute;rea destinada &agrave; pr&aacute;tica de esportes radicais e ao lazer da popula&ccedil;&atilde;o. Um dos idealizadores do projeto, praticante de esportes radicais e tecn&oacute;logo civil da prefeitura, Andr&eacute; Lu&iacute;s Ferraz, afirmou que o conceito de aproveitamento de &aacute;reas urbanas ociosas, no caso, os v&atilde;os dos viadutos, &eacute; comum em pa&iacute;ses como EUA, Jap&atilde;o e R&uacute;ssia.<\/p>\n<p style=\"text-align: justify\">&ldquo;S&atilde;o &aacute;reas cobertas, em que os jovens podem praticar diversas atividades, como bike, parkour, skate, patins, entre outras&rdquo;, disse. Para prote&ccedil;&atilde;o dos esportistas, foram constru&iacute;das muretas de 60 cent&iacute;metros de altura, em m&eacute;dia, entre o cal&ccedil;amento e a via. Em breve, telas ser&atilde;o instaladas sob o viaduto para evitar a perman&ecirc;ncia&nbsp;de&nbsp;pombos.<\/p>\n<p><br \/>\n<br \/><a href=\"https:\/\/limeira.sp.gov.br\/remodelada-praca-sebastiao-fumagalli-ganha-area-para-esportes-radicais\" rel=\"noopener\">Informa\u00e7\u00f5es da PML <\/a><\/p>\n","protected":false},"excerpt":{"rendered":"<p>O prefeito Mario Botion e a vice-prefeita Erika Tank entregaram, na manh&atilde; de hoje (29), as obras na Pra&ccedil;a Prefeito Sebasti&atilde;o Fumagalli, localizada sob o Viaduto Paulo D&rsquo;Andr&eacute;a, no Jd. Maria Bruschi Modeneis. A interven&ccedil;&atilde;o desdobrou-se em tr&ecirc;s frentes: recupera&ccedil;&atilde;o de estrutura hidr&aacute;ulica, constru&ccedil;&atilde;o de &aacute;rea para pr&aacute;tica de esportes radicais e melhorias de acessibilidade. [&hellip;]<\/p>\n","protected":false},"author":1,"featured_media":9345,"comment_status":"open","ping_status":"open","sticky":false,"template":"","format":"standard","meta":{"_jetpack_newsletter_access":"","_jetpack_dont_email_post_to_subs":false,"_jetpack_newsletter_tier_id":0,"_jetpack_memberships_contains_paywalled_content":false,"_mbp_banners":[],"_jetpack_feature_clip_id":0,"_jetpack_memberships_contains_paid_content":false,"footnotes":"","jetpack_publicize_message":"","jetpack_publicize_feature_enabled":true,"jetpack_social_post_already_shared":true,"jetpack_social_options":{"image_generator_settings":{"template":"highway","default_image_id":0,"font":"","enabled":false},"version":2},"jetpack_post_was_ever_published":false},"categories":[16],"tags":[],"class_list":["post-9344","post","type-post","status-publish","format-standard","has-post-thumbnail","category-local"],"jetpack_publicize_connections":[],"jetpack-related-posts":[],"jetpack_shortlink":"https:\/\/wp.me\/p7Eq1F-2qI","jetpack_sharing_enabled":true,"jetpack_featured_media_url":"https:\/\/i0.wp.com\/guialimeira.com.br\/news\/wp-content\/uploads\/2024\/06\/m_137_4_2_29062024132313.jpg?fit=1280%2C852&ssl=1","_links":{"self":[{"href":"https:\/\/guialimeira.com.br\/news\/wp-json\/wp\/v2\/posts\/9344","targetHints":{"allow":["GET"]}}],"collection":[{"href":"https:\/\/guialimeira.com.br\/news\/wp-json\/wp\/v2\/posts"}],"about":[{"href":"https:\/\/guialimeira.com.br\/news\/wp-json\/wp\/v2\/types\/post"}],"author":[{"embeddable":true,"href":"https:\/\/guialimeira.com.br\/news\/wp-json\/wp\/v2\/users\/1"}],"replies":[{"embeddable":true,"href":"https:\/\/guialimeira.com.br\/news\/wp-json\/wp\/v2\/comments?post=9344"}],"version-history":[{"count":0,"href":"https:\/\/guialimeira.com.br\/news\/wp-json\/wp\/v2\/posts\/9344\/revisions"}],"wp:featuredmedia":[{"embeddable":true,"href":"https:\/\/guialimeira.com.br\/news\/wp-json\/wp\/v2\/media\/9345"}],"wp:attachment":[{"href":"https:\/\/guialimeira.com.br\/news\/wp-json\/wp\/v2\/media?parent=9344"}],"wp:term":[{"taxonomy":"category","embeddable":true,"href":"https:\/\/guialimeira.com.br\/news\/wp-json\/wp\/v2\/categories?post=9344"},{"taxonomy":"post_tag","embeddable":true,"href":"https:\/\/guialimeira.com.br\/news\/wp-json\/wp\/v2\/tags?post=9344"}],"curies":[{"name":"wp","href":"https:\/\/api.w.org\/{rel}","templated":true}]}}