{"id":9340,"date":"2024-06-29T13:00:06","date_gmt":"2024-06-29T16:00:06","guid":{"rendered":"https:\/\/guialimeira.com.br\/2024\/06\/29\/hospitais-federais-do-rio-vao-passar-por-reestruturacao-diz-ministra\/"},"modified":"2024-06-29T13:00:06","modified_gmt":"2024-06-29T16:00:06","slug":"hospitais-federais-do-rio-vao-passar-por-reestruturacao-diz-ministra","status":"publish","type":"post","link":"https:\/\/guialimeira.com.br\/news\/hospitais-federais-do-rio-vao-passar-por-reestruturacao-diz-ministra\/","title":{"rendered":"Hospitais federais do Rio v\u00e3o passar por reestrutura\u00e7\u00e3o, diz ministra"},"content":{"rendered":"<p> <br \/>\n<\/p>\n<div>\n<p>Um programa de reestrutura\u00e7\u00e3o dos seis hospitais federais do Rio de Janeiro ser\u00e1 apresentado em breve pela ministra da Sa\u00fade, N\u00edsia Trindade. Segundo ela, as institui\u00e7\u00f5es j\u00e1 est\u00e3o com suas dire\u00e7\u00f5es constitu\u00eddas e foi montado um comit\u00ea gestor que est\u00e1 trabalhando nos problemas identificados.\u00a0<img data-recalc-dims=\"1\" decoding=\"async\" src=\"https:\/\/i0.wp.com\/agenciabrasil.ebc.com.br\/ebc.png?w=696&#038;ssl=1\" style=\"width:1px; height:1px; display:inline;\"\/><img data-recalc-dims=\"1\" decoding=\"async\" src=\"https:\/\/i0.wp.com\/agenciabrasil.ebc.com.br\/ebc.gif?w=696&#038;ssl=1\" style=\"width:1px; height:1px; display:inline;\"\/><\/p>\n<p>O Minist\u00e9rio da Sa\u00fade fez parcerias com a prefeitura do Rio de Janeiro, com a Empresa Brasileira de Servi\u00e7os Hospitalares (Ebserh), a Funda\u00e7\u00e3o Oswaldo Cruz (Fiocruz) e o Grupo Hospitalar Concei\u00e7\u00e3o (GHC). \u201cEstamos trabalhando juntos para fortalecer os hospitais como unidades de refer\u00eancia no SUS [Sistema \u00danico de Sa\u00fade] Vamos apresentar mais medidas nas pr\u00f3ximas semanas\u201d, disse a ministra nesta sexta-feira (28), durante visita a unidades de sa\u00fade de Belford Roxo, na Baixada Fluminense.\u00a0<\/p>\n<p>A ministra refor\u00e7ou que o Minist\u00e9rio da Sa\u00fade est\u00e1 atento ao momento vivido pelos hospitais e que solu\u00e7\u00f5es de curto prazo j\u00e1 foram implementadas. \u201cEstamos atuando nos hospitais federais desde o ano passado, quando abrimos 300 leitos antes fechados e continuamos atentos para manter o abastecimento. Seguimos trabalhando para colocar os hospitais para funcionar e diminuir filas. Tenho conversado com o presidente Lula e essa \u00e9 uma prioridade do minist\u00e9rio\u201d, completou N\u00edsia.\u00a0<\/p>\n<p>N\u00edsia Trindade tamb\u00e9m visitou um centro especializado em atendimento a crian\u00e7as neuroat\u00edpicas, as obras de uma maternidade, um hospital oftalmol\u00f3gico, um hospital infantil, uma unidade de pronto atendimento (UPA) e um centro de fisioterapia, ortopedia e imagem.<\/p>\n<\/p><\/div>\n<p><br \/>\n<br \/><a href=\"https:\/\/agenciabrasil.ebc.com.br\/saude\/noticia\/2024-06\/hospitais-federais-do-rio-vao-passar-por-reestruturacao-diz-ministra\" rel=\"noopener\">Ag\u00eancia Brasil <\/a><\/p>\n","protected":false},"excerpt":{"rendered":"<p>Um programa de reestrutura\u00e7\u00e3o dos seis hospitais federais do Rio de Janeiro ser\u00e1 apresentado em breve pela ministra da Sa\u00fade, N\u00edsia Trindade. Segundo ela, as institui\u00e7\u00f5es j\u00e1 est\u00e3o com suas dire\u00e7\u00f5es constitu\u00eddas e foi montado um comit\u00ea gestor que est\u00e1 trabalhando nos problemas identificados.\u00a0 O Minist\u00e9rio da Sa\u00fade fez parcerias com a prefeitura do Rio [&hellip;]<\/p>\n","protected":false},"author":1,"featured_media":9341,"comment_status":"open","ping_status":"open","sticky":false,"template":"","format":"standard","meta":{"_jetpack_newsletter_access":"","_jetpack_dont_email_post_to_subs":false,"_jetpack_newsletter_tier_id":0,"_jetpack_memberships_contains_paywalled_content":false,"_mbp_banners":[],"_jetpack_feature_clip_id":0,"_jetpack_memberships_contains_paid_content":false,"footnotes":"","jetpack_publicize_message":"","jetpack_publicize_feature_enabled":true,"jetpack_social_post_already_shared":true,"jetpack_social_options":{"image_generator_settings":{"template":"highway","default_image_id":0,"font":"","enabled":false},"version":2},"jetpack_post_was_ever_published":false},"categories":[15],"tags":[],"class_list":["post-9340","post","type-post","status-publish","format-standard","has-post-thumbnail","category-saude"],"jetpack_publicize_connections":[],"jetpack-related-posts":[],"jetpack_shortlink":"https:\/\/wp.me\/p7Eq1F-2qE","jetpack_sharing_enabled":true,"jetpack_featured_media_url":"https:\/\/i0.wp.com\/guialimeira.com.br\/news\/wp-content\/uploads\/2024\/06\/970120-rj_dsc2709.jpg?fit=1600%2C800&ssl=1","_links":{"self":[{"href":"https:\/\/guialimeira.com.br\/news\/wp-json\/wp\/v2\/posts\/9340","targetHints":{"allow":["GET"]}}],"collection":[{"href":"https:\/\/guialimeira.com.br\/news\/wp-json\/wp\/v2\/posts"}],"about":[{"href":"https:\/\/guialimeira.com.br\/news\/wp-json\/wp\/v2\/types\/post"}],"author":[{"embeddable":true,"href":"https:\/\/guialimeira.com.br\/news\/wp-json\/wp\/v2\/users\/1"}],"replies":[{"embeddable":true,"href":"https:\/\/guialimeira.com.br\/news\/wp-json\/wp\/v2\/comments?post=9340"}],"version-history":[{"count":0,"href":"https:\/\/guialimeira.com.br\/news\/wp-json\/wp\/v2\/posts\/9340\/revisions"}],"wp:featuredmedia":[{"embeddable":true,"href":"https:\/\/guialimeira.com.br\/news\/wp-json\/wp\/v2\/media\/9341"}],"wp:attachment":[{"href":"https:\/\/guialimeira.com.br\/news\/wp-json\/wp\/v2\/media?parent=9340"}],"wp:term":[{"taxonomy":"category","embeddable":true,"href":"https:\/\/guialimeira.com.br\/news\/wp-json\/wp\/v2\/categories?post=9340"},{"taxonomy":"post_tag","embeddable":true,"href":"https:\/\/guialimeira.com.br\/news\/wp-json\/wp\/v2\/tags?post=9340"}],"curies":[{"name":"wp","href":"https:\/\/api.w.org\/{rel}","templated":true}]}}