{"id":9327,"date":"2024-06-29T08:59:08","date_gmt":"2024-06-29T11:59:08","guid":{"rendered":"https:\/\/guialimeira.com.br\/2024\/06\/29\/saiba-mais-sobre-o-uso-da-energia-nuclear-no-brasil-e-no-mundo\/"},"modified":"2024-06-29T08:59:08","modified_gmt":"2024-06-29T11:59:08","slug":"saiba-mais-sobre-o-uso-da-energia-nuclear-no-brasil-e-no-mundo","status":"publish","type":"post","link":"https:\/\/guialimeira.com.br\/news\/saiba-mais-sobre-o-uso-da-energia-nuclear-no-brasil-e-no-mundo\/","title":{"rendered":"Saiba mais sobre o uso da energia nuclear no Brasil e no mundo"},"content":{"rendered":"<p> <br \/>\n<\/p>\n<div>\n<p>Na mais recente Confer\u00eancia do Clima das Na\u00e7\u00f5es Unidas, a COP28, em Dubai, nos Emirados \u00c1rabes Unidos, um grupo de 22 pa\u00edses se comprometeu a triplicar a gera\u00e7\u00e3o de energia nuclear at\u00e9 2050. O esfor\u00e7o concentrado \u00e9 uma forma de contribuir para a descarboniza\u00e7\u00e3o e conter mudan\u00e7as clim\u00e1ticas. A energia nuclear \u00e9 considerada limpa porque as usinas n\u00e3o emitem gases do efeito estufa.<img data-recalc-dims=\"1\" decoding=\"async\" src=\"https:\/\/i0.wp.com\/agenciabrasil.ebc.com.br\/ebc.png?w=696&#038;ssl=1\" style=\"width:1px; height:1px; display:inline;\"\/><img data-recalc-dims=\"1\" decoding=\"async\" src=\"https:\/\/i0.wp.com\/agenciabrasil.ebc.com.br\/ebc.gif?w=696&#038;ssl=1\" style=\"width:1px; height:1px; display:inline;\"\/><\/p>\n<p>O Brasil n\u00e3o \u00e9 signat\u00e1rio do texto, mas se encontra na busca de aumentar a gera\u00e7\u00e3o nuclear, por meio da <a href=\"https:\/\/agenciabrasil.ebc.com.br\/economia\/noticia\/2024-06\/com-construcao-parada-angra-3-investe-em-conservacao-de-equipamentos\" target=\"_blank\" rel=\"noopener\">constru\u00e7\u00e3o da usina Angra 3, no litoral sul do Rio de Janeiro<\/a>.<\/p>\n<p>A <strong>Ag\u00eancia Brasil<\/strong> traz uma sele\u00e7\u00e3o de dados para compreens\u00e3o de como a usina \u00e9 usada no pa\u00eds e no mundo.<\/p>\n<h2>Brasil<\/h2>\n<p>Atualmente, o Brasil tem duas usinas em funcionamento: Angra 1 e Angra 2. Elas ficam na Central Nuclear Almirante \u00c1lvaro Alberto (CNAAA), em Angra dos Reis, Costa Verde do Rio de Janeiro. As unidades s\u00e3o operadas pela empresa estatal Eletronuclear.<\/p>\n<p>Angra 1 funciona desde 1985 e est\u00e1 em <a href=\"https:\/\/agenciabrasil.ebc.com.br\/economia\/noticia\/2024-06\/usina-nuclear-angra-1-precisa-de-aval-para-seguir-em-operacao-em-2025\" target=\"_blank\" rel=\"noopener\">processo de renova\u00e7\u00e3o de licen\u00e7a de opera\u00e7\u00e3o<\/a> por mais 20 anos. Com 640 megawatts (MW) de pot\u00eancia, a instala\u00e7\u00e3o gera energia suficiente para suprir uma cidade de 2 milh\u00f5es de habitantes, como Manaus, capital do Amazonas.<\/p>\n<p>A vizinha Angra 2 funciona desde 2001 e tem pot\u00eancia de 1.350 MW. \u00c9 capaz de abastecer uma cidade de 4 milh\u00f5es de habitantes, equivalente \u00e0s popula\u00e7\u00f5es de Bras\u00edlia e Porto Alegre somadas.<\/p>\n<div class=\"dnd-widget-wrapper context-grande_6colunas type-image atom-align-left\">\n<div class=\"dnd-atom-rendered\"><!-- scald=270360:grande_6colunas {\"additionalClasses\":\"\"} --><\/p>\n<div class=\"shadow overflow-hidden rounded-lg d-block w-100\">\n            <img data-recalc-dims=\"1\" decoding=\"async\" src=\"https:\/\/i0.wp.com\/agenciabrasil.ebc.com.br\/sites\/default\/files\/thumbnails\/image\/loading_v2.gif?w=696&#038;ssl=1\" data-echo=\"https:\/\/imagens.ebc.com.br\/3K92o9aTmnagfa1zlJm_QlvjH8g=\/463x0\/smart\/https:\/\/agenciabrasil.ebc.com.br\/sites\/default\/files\/thumbnails\/image\/whatsapp_image_2021-10-05_at_17.14.06_1.jpeg?itok=FHrVrKIf\" alt=\"Usina de Angra\" title=\"Maur\u00edcio Almeida\/ TV Brasil\" class=\"flex-fill img-cover\"\/><br \/>\n        <img data-recalc-dims=\"1\" decoding=\"async\" src=\"https:\/\/i0.wp.com\/imagens.ebc.com.br\/3K92o9aTmnagfa1zlJm_QlvjH8g%3D\/463x0\/smart\/https%3A\/\/agenciabrasil.ebc.com.br\/sites\/default\/files\/thumbnails\/image\/whatsapp_image_2021-10-05_at_17.14.06_1.jpeg?w=696&#038;ssl=1\" alt=\"Usina de Angra\" title=\"Maur\u00edcio Almeida\/ TV Brasil\" class=\"flex-fill img-cover\"\/>\n    <\/div>\n<p><!-- END scald=270360 --><\/div>\n<p><h6 class=\"meta\"><!--copyright=270360-->Usina de Angra &#8211; <strong>Maur\u00edcio Almeida\/TV Brasil<\/strong><!--END copyright=270360--><\/h6>\n<\/p>\n<\/div>\n<p>Juntas, respondem por aproximadamente 2% do consumo de energia el\u00e9trica no pa\u00eds. Apesar de estarem no Rio de Janeiro, a energia produzida pelas usinas faz parte do Sistema Interligado Nacional (SIN), ou seja, n\u00e3o \u00e9 necessariamente consumida no estado.<\/p>\n<p>Entrando em funcionamento, o que n\u00e3o \u00e9 previsto antes de 2030, Angra 3 ter\u00e1 pot\u00eancia de 1.405 megawatts (MW) e ser\u00e1 capaz de gerar mais de 12 milh\u00f5es de megawatts-hora por ano, o suficiente para atender o consumo de 4,5 milh\u00f5es de pessoas.<\/p>\n<p>Apesar de a gera\u00e7\u00e3o ser relativamente baixa, o Brasil faz parte de um seleto grupo de apenas tr\u00eas pa\u00edses (juntamente com Estados Unidos e R\u00fassia) que t\u00eam reservas de min\u00e9rio, tecnologia de beneficiamento e usinas nucleares para produzir energia.<\/p>\n<p>O Brasil tem a 8\u00aa maior reserva de ur\u00e2nio \u2013 fonte do combust\u00edvel nuclear &#8211; do mundo. A maior fica na Austr\u00e1lia.\u00a0<\/p>\n<h2>Mundo<\/h2>\n<p>A energia nuclear equivale a 23,7% da energia limpa produzida no mundo. A Fran\u00e7a, responde por mais de 70%.<\/p>\n<p>Em todo o mundo, h\u00e1 437 reatores nucleares em opera\u00e7\u00e3o. Destes, 93 est\u00e3o em funcionamento nos Estados Unidos, que \u00e9 seguido por Fran\u00e7a (56), China (55), R\u00fassia (37), Coreia do Sul (25), \u00cdndia (19) e Canad\u00e1 (19).<\/p>\n<p>Na Am\u00e9rica Latina, al\u00e9m do Brasil, Argentina (3) e M\u00e9xico (2) t\u00eam usinas nucleares. Dos tr\u00eas, o Brasil \u00e9 o que tem maior pot\u00eancia.<\/p>\n<p>No mundo h\u00e1 58 reatores em constru\u00e7\u00e3o em 17 pa\u00edses. As na\u00e7\u00f5es que concentram as constru\u00e7\u00f5es s\u00e3o China (22), \u00cdndia (8) e Turquia (4). Em toda a Europa s\u00e3o 13 reatores sendo preparados e nas Am\u00e9ricas, tr\u00eas.<\/p>\n<\/p><\/div>\n<p><br \/>\n<br \/><a href=\"https:\/\/agenciabrasil.ebc.com.br\/economia\/noticia\/2024-06\/saiba-mais-sobre-o-uso-da-energia-nuclear-no-brasil-e-no-mundo\" rel=\"noopener\">Ag\u00eancia Brasil<\/a><\/p>\n","protected":false},"excerpt":{"rendered":"<p>Na mais recente Confer\u00eancia do Clima das Na\u00e7\u00f5es Unidas, a COP28, em Dubai, nos Emirados \u00c1rabes Unidos, um grupo de 22 pa\u00edses se comprometeu a triplicar a gera\u00e7\u00e3o de energia nuclear at\u00e9 2050. O esfor\u00e7o concentrado \u00e9 uma forma de contribuir para a descarboniza\u00e7\u00e3o e conter mudan\u00e7as clim\u00e1ticas. A energia nuclear \u00e9 considerada limpa porque [&hellip;]<\/p>\n","protected":false},"author":1,"featured_media":9328,"comment_status":"open","ping_status":"open","sticky":false,"template":"","format":"standard","meta":{"_jetpack_newsletter_access":"","_jetpack_dont_email_post_to_subs":false,"_jetpack_newsletter_tier_id":0,"_jetpack_memberships_contains_paywalled_content":false,"_mbp_banners":[],"_jetpack_feature_clip_id":0,"_jetpack_memberships_contains_paid_content":false,"footnotes":"","jetpack_publicize_message":"","jetpack_publicize_feature_enabled":true,"jetpack_social_post_already_shared":true,"jetpack_social_options":{"image_generator_settings":{"template":"highway","default_image_id":0,"font":"","enabled":false},"version":2},"jetpack_post_was_ever_published":false},"categories":[24],"tags":[],"class_list":["post-9327","post","type-post","status-publish","format-standard","has-post-thumbnail","category-economia"],"jetpack_publicize_connections":[],"jetpack-related-posts":[],"jetpack_shortlink":"https:\/\/wp.me\/p7Eq1F-2qr","jetpack_sharing_enabled":true,"jetpack_featured_media_url":"https:\/\/i0.wp.com\/guialimeira.com.br\/news\/wp-content\/uploads\/2024\/06\/53b27caa-1f04-4412-8ecc-95fba97bde8c.jpg?fit=1600%2C800&ssl=1","_links":{"self":[{"href":"https:\/\/guialimeira.com.br\/news\/wp-json\/wp\/v2\/posts\/9327","targetHints":{"allow":["GET"]}}],"collection":[{"href":"https:\/\/guialimeira.com.br\/news\/wp-json\/wp\/v2\/posts"}],"about":[{"href":"https:\/\/guialimeira.com.br\/news\/wp-json\/wp\/v2\/types\/post"}],"author":[{"embeddable":true,"href":"https:\/\/guialimeira.com.br\/news\/wp-json\/wp\/v2\/users\/1"}],"replies":[{"embeddable":true,"href":"https:\/\/guialimeira.com.br\/news\/wp-json\/wp\/v2\/comments?post=9327"}],"version-history":[{"count":0,"href":"https:\/\/guialimeira.com.br\/news\/wp-json\/wp\/v2\/posts\/9327\/revisions"}],"wp:featuredmedia":[{"embeddable":true,"href":"https:\/\/guialimeira.com.br\/news\/wp-json\/wp\/v2\/media\/9328"}],"wp:attachment":[{"href":"https:\/\/guialimeira.com.br\/news\/wp-json\/wp\/v2\/media?parent=9327"}],"wp:term":[{"taxonomy":"category","embeddable":true,"href":"https:\/\/guialimeira.com.br\/news\/wp-json\/wp\/v2\/categories?post=9327"},{"taxonomy":"post_tag","embeddable":true,"href":"https:\/\/guialimeira.com.br\/news\/wp-json\/wp\/v2\/tags?post=9327"}],"curies":[{"name":"wp","href":"https:\/\/api.w.org\/{rel}","templated":true}]}}