{"id":9301,"date":"2024-06-28T20:30:02","date_gmt":"2024-06-28T23:30:02","guid":{"rendered":"https:\/\/guialimeira.com.br\/2024\/06\/28\/eduardo-de-deus-e-matheus-lima-fazem-indice-olimpico-no-trofeu-brasil\/"},"modified":"2024-06-28T20:30:02","modified_gmt":"2024-06-28T23:30:02","slug":"eduardo-de-deus-e-matheus-lima-fazem-indice-olimpico-no-trofeu-brasil","status":"publish","type":"post","link":"https:\/\/guialimeira.com.br\/news\/eduardo-de-deus-e-matheus-lima-fazem-indice-olimpico-no-trofeu-brasil\/","title":{"rendered":"Eduardo de Deus e Matheus Lima fazem \u00edndice ol\u00edmpico no Trof\u00e9u Brasil"},"content":{"rendered":"<p> <br \/>\n<\/p>\n<div>\n<p>A delega\u00e7\u00e3o brasileira de atletismo nos Jogos de Paris ganhou o refor\u00e7o de Eduardo Rodrigues de Deus, que cravou o \u00edndice ol\u00edmpico de 13s27 ao vencer a semifinal da prova dos 110 metros com barreiras, no Trof\u00e9u Brasil, em S\u00e3o Paulo.<img data-recalc-dims=\"1\" decoding=\"async\" src=\"https:\/\/i0.wp.com\/agenciabrasil.ebc.com.br\/ebc.png?w=696&#038;ssl=1\" style=\"width:1px; height:1px; display:inline;\"\/><img data-recalc-dims=\"1\" decoding=\"async\" src=\"https:\/\/i0.wp.com\/agenciabrasil.ebc.com.br\/ebc.gif?w=696&#038;ssl=1\" style=\"width:1px; height:1px; display:inline;\"\/><\/p>\n<p>Quem tamb\u00e9m teve muito o que comemorar foi o velocista Matheus Lima: pela terceira vez nesta temporada ele correu abaixo dos 45s, marca m\u00ednima exigida pela World Atlheltics (federa\u00e7\u00e3o internacional) para atletas carimbarem a vaga ol\u00edmpica em Paris na prova dos 400m rasos. O brasileiro cravou hoje 44s87.<\/p>\n<blockquote class=\"instagram-media\" data-instgrm-captioned=\"\" data-instgrm-permalink=\"https:\/\/www.instagram.com\/reel\/C8w4kI7u8SC\/?utm_source=ig_embed&amp;utm_campaign=loading\" data-instgrm-version=\"14\" style=\" background:#FFF; border:0; border-radius:3px; box-shadow:0 0 1px 0 rgba(0,0,0,0.5),0 1px 10px 0 rgba(0,0,0,0.15); margin: 1px; max-width:540px; min-width:326px; padding:0; width:99.375%; width:-webkit-calc(100% - 2px); width:calc(100% - 2px);\">\n<\/blockquote>\n<p>O Trof\u00e9u Brasil, \u00faltima chance de os atletas somarem pontos no ranking ol\u00edmpico, vai at\u00e9 domingo (30), quando fecha o per\u00edodo para a totaliza\u00e7\u00e3o dos pontos, que come\u00e7ou em 1\u00ba de julho do ano passado. O atletismo brasileiro j\u00e1 tem garantidas <a href=\"https:\/\/www.cob.org.br\/pt\/galerias\/noticias\/lista-de-vagas-e-atletas-garantidos-no-time-brasil-dos-jogos-olimpicos-paris-2024\/\" rel=\"noopener\"><strong>18 vagas em Paris<\/strong><\/a>. O Trof\u00e9u Brasil tem <a href=\"https:\/\/www.youtube.com\/@TimeBrasil\/streams\" rel=\"noopener\"><strong>transmiss\u00e3o ao vivo <\/strong><\/a>no YouTube do Time Brasil.<\/p>\n<blockquote class=\"twitter-tweet\">\n<p dir=\"ltr\" lang=\"pt\" xml:lang=\"pt\">Alerta de \u00edndice ol\u00edmpico! \ud83c\udfc3\ud83c\udffd\ud83e\udd29<\/p>\n<p>Matheus Lima vence os 400m rasos no Trof\u00e9u Brasil de Atletismo com o tempo de 44s87.<\/p>\n<p>\u25b6\ufe0f Vem curtir todas as emo\u00e7\u00f5es ao vivo em <a href=\"https:\/\/t.co\/b3cm40HRRs\">https:\/\/t.co\/b3cm40HRRs<\/a>! <a href=\"https:\/\/t.co\/Y1vAwKx7co\">pic.twitter.com\/Y1vAwKx7co<\/a><\/p>\n<p>\u2014 Time Brasil (@timebrasil) <a href=\"https:\/\/twitter.com\/timebrasil\/status\/1806775227860279644?ref_src=twsrc%5Etfw\" rel=\"noopener\">June 28, 2024<\/a><\/p><\/blockquote>\n<p>A expectativa neste s\u00e1bado (28) \u00e9 pela participa\u00e7\u00e3o de Thiago Braz, campe\u00e3o ol\u00edmpico do salto com vara na Rio 2016 e bronze em T\u00f3quio 2020. Suspenso de atividades esportivas desde julho do ano passado, por ter sido flagrado no exame antidoping, Braz conseguiu uma liminar junto a Corte Arbitral do Esporte (CAS) suspendendo a pena de 16 meses &#8211; s\u00f3 terminaria em novembro, o que inviabilizaria a classifica\u00e7\u00e3o do atleta aos Jogos.<\/p>\n<p>Na \u00fanica oportunidade para garantir a vaga em Paris, Thiago Braz precisar\u00e1 obter o \u00edndice ol\u00edmpico, saltando a uma altura m\u00ednima de 5m82. Ele compete \u00e0s 9h05 (hor\u00e1rio de Bras\u00edlia) de s\u00e1bado (29).<\/p>\n<blockquote>\n<p>&#8220;Deus me deu essa chance e \u00e9 s\u00f3 amanh\u00e3&#8221;, disse o atleta em declara\u00e7\u00e3o \u00e0 Confedera\u00e7\u00e3o Brasileira de Atletismo (CBAt).<\/p>\n<\/blockquote>\n<p>A 43\u00aa\u00a0edi\u00e7\u00e3o do Trof\u00e9u Brasil, re\u00fane\u00a0875 atletas incritos de 114 clubes (provenientes de 21 estados e do\u00a0Distrito Federal). As provas s\u00e3o realizadas no Centro\u00a0Centro de Treinamento Paral\u00edmpico Brasileiro (CTPB), na Vila Guarani, em S\u00e3o Paulo.\u00a0<\/p>\n<\/p><\/div>\n<p><script async src=\"\/\/platform.twitter.com\/widgets.js\" charset=\"utf-8\"><\/script><script async src=\"\/\/www.instagram.com\/embed.js\"><\/script><br \/>\n<br \/><br \/>\n<br \/><a href=\"https:\/\/agenciabrasil.ebc.com.br\/esportes\/noticia\/2024-06\/eduardo-de-deus-e-matheus-lima-fazem-indice-olimpico-no-trofeu-brasil\" rel=\"noopener\">Ag\u00eancia Brasil<\/a><\/p>\n","protected":false},"excerpt":{"rendered":"<p>A delega\u00e7\u00e3o brasileira de atletismo nos Jogos de Paris ganhou o refor\u00e7o de Eduardo Rodrigues de Deus, que cravou o \u00edndice ol\u00edmpico de 13s27 ao vencer a semifinal da prova dos 110 metros com barreiras, no Trof\u00e9u Brasil, em S\u00e3o Paulo. Quem tamb\u00e9m teve muito o que comemorar foi o velocista Matheus Lima: pela terceira [&hellip;]<\/p>\n","protected":false},"author":1,"featured_media":9302,"comment_status":"open","ping_status":"open","sticky":false,"template":"","format":"standard","meta":{"_jetpack_newsletter_access":"","_jetpack_dont_email_post_to_subs":false,"_jetpack_newsletter_tier_id":0,"_jetpack_memberships_contains_paywalled_content":false,"_mbp_banners":[],"_jetpack_feature_clip_id":0,"_jetpack_memberships_contains_paid_content":false,"footnotes":"","jetpack_publicize_message":"","jetpack_publicize_feature_enabled":true,"jetpack_social_post_already_shared":true,"jetpack_social_options":{"image_generator_settings":{"template":"highway","default_image_id":0,"font":"","enabled":false},"version":2},"jetpack_post_was_ever_published":false},"categories":[23],"tags":[],"class_list":["post-9301","post","type-post","status-publish","format-standard","has-post-thumbnail","category-esportes"],"jetpack_publicize_connections":[],"jetpack-related-posts":[],"jetpack_shortlink":"https:\/\/wp.me\/p7Eq1F-2q1","jetpack_sharing_enabled":true,"jetpack_featured_media_url":"https:\/\/i0.wp.com\/guialimeira.com.br\/news\/wp-content\/uploads\/2024\/06\/eduardo_de_deus_vaga_paris_100m_c_barreiras.jpg?fit=1600%2C800&ssl=1","_links":{"self":[{"href":"https:\/\/guialimeira.com.br\/news\/wp-json\/wp\/v2\/posts\/9301","targetHints":{"allow":["GET"]}}],"collection":[{"href":"https:\/\/guialimeira.com.br\/news\/wp-json\/wp\/v2\/posts"}],"about":[{"href":"https:\/\/guialimeira.com.br\/news\/wp-json\/wp\/v2\/types\/post"}],"author":[{"embeddable":true,"href":"https:\/\/guialimeira.com.br\/news\/wp-json\/wp\/v2\/users\/1"}],"replies":[{"embeddable":true,"href":"https:\/\/guialimeira.com.br\/news\/wp-json\/wp\/v2\/comments?post=9301"}],"version-history":[{"count":0,"href":"https:\/\/guialimeira.com.br\/news\/wp-json\/wp\/v2\/posts\/9301\/revisions"}],"wp:featuredmedia":[{"embeddable":true,"href":"https:\/\/guialimeira.com.br\/news\/wp-json\/wp\/v2\/media\/9302"}],"wp:attachment":[{"href":"https:\/\/guialimeira.com.br\/news\/wp-json\/wp\/v2\/media?parent=9301"}],"wp:term":[{"taxonomy":"category","embeddable":true,"href":"https:\/\/guialimeira.com.br\/news\/wp-json\/wp\/v2\/categories?post=9301"},{"taxonomy":"post_tag","embeddable":true,"href":"https:\/\/guialimeira.com.br\/news\/wp-json\/wp\/v2\/tags?post=9301"}],"curies":[{"name":"wp","href":"https:\/\/api.w.org\/{rel}","templated":true}]}}