{"id":9300,"date":"2024-06-28T19:46:00","date_gmt":"2024-06-28T22:46:00","guid":{"rendered":"https:\/\/guialimeira.com.br\/2024\/06\/28\/dolar-sobe-para-r-558-e-fecha-semestre-com-alta-de-1515\/"},"modified":"2024-06-28T19:46:00","modified_gmt":"2024-06-28T22:46:00","slug":"dolar-sobe-para-r-558-e-fecha-semestre-com-alta-de-1515","status":"publish","type":"post","link":"https:\/\/guialimeira.com.br\/news\/dolar-sobe-para-r-558-e-fecha-semestre-com-alta-de-1515\/","title":{"rendered":"D\u00f3lar sobe para R$ 5,58 e fecha semestre com alta de 15,15%"},"content":{"rendered":"<p> <br \/>\n<\/p>\n<div>\n<p>Em mais um dia de nervosismo no mercado dom\u00e9stico e internacional, o d\u00f3lar encostou em R$ 5,60 e chegou ao maior valor em dois anos e meio. A bolsa de valores teve pequena queda, mas conseguiu fechar o m\u00eas com ganhos.<img data-recalc-dims=\"1\" decoding=\"async\" src=\"https:\/\/i0.wp.com\/agenciabrasil.ebc.com.br\/ebc.png?w=696&#038;ssl=1\" style=\"width:1px; height:1px; display:inline;\"\/><img data-recalc-dims=\"1\" decoding=\"async\" src=\"https:\/\/i0.wp.com\/agenciabrasil.ebc.com.br\/ebc.gif?w=696&#038;ssl=1\" style=\"width:1px; height:1px; display:inline;\"\/><\/p>\n<p>O d\u00f3lar comercial encerrou esta sexta-feira (28) vendido a R$ 5,588, com alta de R$ 0,081 (+1,46%). A cota\u00e7\u00e3o chegou a operar em baixa nos primeiros minutos de negocia\u00e7\u00e3o, mas disparou ainda na primeira hora de funcionamento do mercado. Na m\u00e1xima do dia, por volta das 15h45, chegou a R$ 5,59.<\/p>\n<p>A moeda norte-americana est\u00e1 no maior valor desde 10 de janeiro de 2022, quando tinha fechado em R$ 5,67. A divisa subiu 6,47% apenas em junho e 15,15% no primeiro semestre. O euro comercial fechou em R$ 5,98 e aproxima-se dos R$ 6 pela primeira vez desde fevereiro de 2022.<\/p>\n<p>O mercado de a\u00e7\u00f5es teve um dia de ajuste. Ap\u00f3s dois dias seguidos de alta, o \u00edndice Ibovespa, da B3, fechou aos 123.911 pontos, com queda de 0,32%. Apesar do recuo de hoje, o indicador subiu 1,49% no m\u00eas. Em 2024, a bolsa recua 7,65%.<\/p>\n<p>Fatores internos e externos tumultuaram o mercado nesta sexta-feira. Nos Estados Unidos, a divulga\u00e7\u00e3o de que a infla\u00e7\u00e3o ao consumidor desacelerou em maio animou o mercado no in\u00edcio do dia, mas as taxas dos t\u00edtulos do Tesouro norte-americano voltaram a subir ap\u00f3s o \u00edndice de confian\u00e7a ao consumidor cair menos que o esperado. Juros altos em economias avan\u00e7adas pressionam o d\u00f3lar em pa\u00edses emergentes, como o Brasil.<\/p>\n<p>Os principais fatores, no entanto, que influenciaram o mercado financeiro nesta sexta-feira foram externos. Tradicionalmente, o \u00faltimo dia \u00fatil do semestre \u00e9 marcado pela forte demanda de d\u00f3lares por multinacionais que remetem os lucros ao exterior.<\/p>\n<p>Al\u00e9m disso, os investidores receberam mal uma entrevista em que o presidente Luiz In\u00e1cio Lula da Silva <a href=\"https:\/\/agenciabrasil.ebc.com.br\/economia\/noticia\/2024-06\/lula-com-novo-presidente-do-bc-governo-construira-nova-filosofia\" rel=\"noopener\">considerou absurda a Taxa Selic<\/a> de 10,5% ao ano. O d\u00e9ficit prim\u00e1rio de R$ 63,9 bilh\u00f5es <a href=\"https:\/\/agenciabrasil.ebc.com.br\/economia\/noticia\/2024-06\/setor-publico-tem-deficit-de-r-639-bilhoes-em-maio\" rel=\"noopener\">do setor p\u00fablico em maio<\/a> tamb\u00e9m repercutiu mal. O resultado negativo foi impulsionado pela antecipa\u00e7\u00e3o do d\u00e9cimo terceiro da Previd\u00eancia Social.<\/p>\n<p>\u00a0<\/p>\n<p><em>*Com informa\u00e7\u00f5es da Reuters<\/em><\/p>\n<\/p><\/div>\n<p><br \/>\n<br \/><a href=\"https:\/\/agenciabrasil.ebc.com.br\/economia\/noticia\/2024-06\/dolar-sobe-para-r-558-e-fecha-semestre-com-alta-de-1515\" rel=\"noopener\">Ag\u00eancia Brasil<\/a><\/p>\n","protected":false},"excerpt":{"rendered":"<p>Em mais um dia de nervosismo no mercado dom\u00e9stico e internacional, o d\u00f3lar encostou em R$ 5,60 e chegou ao maior valor em dois anos e meio. A bolsa de valores teve pequena queda, mas conseguiu fechar o m\u00eas com ganhos. O d\u00f3lar comercial encerrou esta sexta-feira (28) vendido a R$ 5,588, com alta de [&hellip;]<\/p>\n","protected":false},"author":1,"featured_media":8767,"comment_status":"open","ping_status":"open","sticky":false,"template":"","format":"standard","meta":{"_jetpack_newsletter_access":"","_jetpack_dont_email_post_to_subs":false,"_jetpack_newsletter_tier_id":0,"_jetpack_memberships_contains_paywalled_content":false,"_mbp_banners":[],"_jetpack_feature_clip_id":0,"_jetpack_memberships_contains_paid_content":false,"footnotes":"","jetpack_publicize_message":"","jetpack_publicize_feature_enabled":true,"jetpack_social_post_already_shared":true,"jetpack_social_options":{"image_generator_settings":{"template":"highway","default_image_id":0,"font":"","enabled":false},"version":2},"jetpack_post_was_ever_published":false},"categories":[24],"tags":[],"class_list":["post-9300","post","type-post","status-publish","format-standard","has-post-thumbnail","category-economia"],"jetpack_publicize_connections":[],"jetpack-related-posts":[],"jetpack_shortlink":"https:\/\/wp.me\/p7Eq1F-2q0","jetpack_sharing_enabled":true,"jetpack_featured_media_url":"https:\/\/i0.wp.com\/guialimeira.com.br\/news\/wp-content\/uploads\/2024\/06\/dolar_6.jpg?fit=1600%2C800&ssl=1","_links":{"self":[{"href":"https:\/\/guialimeira.com.br\/news\/wp-json\/wp\/v2\/posts\/9300","targetHints":{"allow":["GET"]}}],"collection":[{"href":"https:\/\/guialimeira.com.br\/news\/wp-json\/wp\/v2\/posts"}],"about":[{"href":"https:\/\/guialimeira.com.br\/news\/wp-json\/wp\/v2\/types\/post"}],"author":[{"embeddable":true,"href":"https:\/\/guialimeira.com.br\/news\/wp-json\/wp\/v2\/users\/1"}],"replies":[{"embeddable":true,"href":"https:\/\/guialimeira.com.br\/news\/wp-json\/wp\/v2\/comments?post=9300"}],"version-history":[{"count":0,"href":"https:\/\/guialimeira.com.br\/news\/wp-json\/wp\/v2\/posts\/9300\/revisions"}],"wp:featuredmedia":[{"embeddable":true,"href":"https:\/\/guialimeira.com.br\/news\/wp-json\/wp\/v2\/media\/8767"}],"wp:attachment":[{"href":"https:\/\/guialimeira.com.br\/news\/wp-json\/wp\/v2\/media?parent=9300"}],"wp:term":[{"taxonomy":"category","embeddable":true,"href":"https:\/\/guialimeira.com.br\/news\/wp-json\/wp\/v2\/categories?post=9300"},{"taxonomy":"post_tag","embeddable":true,"href":"https:\/\/guialimeira.com.br\/news\/wp-json\/wp\/v2\/tags?post=9300"}],"curies":[{"name":"wp","href":"https:\/\/api.w.org\/{rel}","templated":true}]}}