{"id":9288,"date":"2024-06-28T18:28:07","date_gmt":"2024-06-28T21:28:07","guid":{"rendered":"https:\/\/guialimeira.com.br\/2024\/06\/28\/italo-ferreira-e-campeao-de-surfe-em-saquarema-e-entra-no-top-5-da-wsl\/"},"modified":"2024-06-28T18:28:07","modified_gmt":"2024-06-28T21:28:07","slug":"italo-ferreira-e-campeao-de-surfe-em-saquarema-e-entra-no-top-5-da-wsl","status":"publish","type":"post","link":"https:\/\/guialimeira.com.br\/news\/italo-ferreira-e-campeao-de-surfe-em-saquarema-e-entra-no-top-5-da-wsl\/","title":{"rendered":"\u00cdtalo Ferreira \u00e9 campe\u00e3o de surfe em Saquarema e entra no top 5 da WSL"},"content":{"rendered":"<p> <br \/>\n<\/p>\n<div>\n<p>Pela sexta vez consecutiva, um brasileiro venceu a etapa da\u00a0Liga Mundial de Surfe (WSL, na sigla em ingl\u00eas), disputada na praia de Ita\u00fana, em Saquarema (RJ).\u00a0\u00a0Nesta sexta-feira (28), a fa\u00e7anha j\u00e1 estava garantida antes mesmo de conhecermos o campe\u00e3o,\u00a0j\u00e1 que a final era 100% nacional. O potiguar Italo Ferreira superou o paranaense Yago Dora na decis\u00e3o e, de quebra, conseguiu subiu para\u00a0<a href=\"https:\/\/www.worldsurfleague.com\/athletes\/tour\/mct?year=2024\" rel=\"noopener\"><strong>quarta posi\u00e7\u00e3o no ranking mundial <\/strong><\/a>&#8211; apenas os cinco primeiros colocados disputar\u00e3o\u00a0a fase final do circuito, a WSL Finals,\u00a0em Trestles, na Calif\u00f3rnia (Estados Unidos), em setembro. Dora tamb\u00e9m ascendeu\u00a0no ranking hoje e ocupa agora a sexta posi\u00e7\u00e3o.\u00a0<img data-recalc-dims=\"1\" decoding=\"async\" src=\"https:\/\/i0.wp.com\/agenciabrasil.ebc.com.br\/ebc.png?w=696&#038;ssl=1\" style=\"width:1px; height:1px; display:inline;\"\/><img data-recalc-dims=\"1\" decoding=\"async\" src=\"https:\/\/i0.wp.com\/agenciabrasil.ebc.com.br\/ebc.gif?w=696&#038;ssl=1\" style=\"width:1px; height:1px; display:inline;\"\/><\/p>\n<p>A WSL agora faz uma pausa para a Olimp\u00edada de Paris e retorna para a \u00faltima etapa em Fiji (Oceania).\u00a0\u00a0A derradeira chance de somar pontos ocorrer\u00e1 de entre os dias 20 e 29 de agosto. Nos Jogos de Paris, a competi\u00e7\u00e3o de surfe ocorrer\u00e1 em\u00a0 onde o surfe ser\u00e1 disputado em Teahupo&#8217;o (Taiti), entre 27 de julho e 5 de agosto.\u00a0<\/p>\n<blockquote class=\"twitter-tweet\">\n<p dir=\"ltr\" lang=\"pt\" xml:lang=\"pt\">CAMPE\u00c3O!!! <a href=\"https:\/\/twitter.com\/hashtag\/WSLBrasil?src=hash&amp;ref_src=twsrc%5Etfw\" rel=\"noopener\">#WSLBrasil<\/a> <a href=\"https:\/\/t.co\/3Ek2RnfZrZ\">pic.twitter.com\/3Ek2RnfZrZ<\/a><\/p>\n<p>\u2014 WSL Brasil \ud83c\udde7\ud83c\uddf7 (@WSLBrasil) <a href=\"https:\/\/twitter.com\/WSLBrasil\/status\/1806756327827341342?ref_src=twsrc%5Etfw\" rel=\"noopener\">June 28, 2024<\/a><\/p><\/blockquote>\n<p>\u00cdtalo Ferreira &#8211; campe\u00e3o mundial em 2019 e primeiro a conquistar o\u00a0ouro ol\u00edmpico na estreia do surfe em T\u00f3quio 2020 &#8211; nunca havia vencido a etapa brasileira na carreira. Nas cinco finais anteriores (uma no Rio de Janeiro e as \u00faltimas cinco em Saquarema), Filipe Toledo havia conquistado tr\u00eas t\u00edtulos, enquanto Adriano de Souza e Yago Dora foram campe\u00f5es uma vez cada.<\/p>\n<p>Dora, campe\u00e3o no ano passado, viu Italo Ferreira pular na frente e abrir boa vantagem na decis\u00e3o, antes de se recuperar e amea\u00e7ar a vit\u00f3ria do compatriota na reta final da bateria decisiva. No entanto, n\u00e3o foi o suficiente para tirar o t\u00edtulo do potiguar, que venceu com um somat\u00f3rio de 13.67 contra 10.60 de Yago Dora.<\/p>\n<blockquote class=\"twitter-tweet\">\n<p dir=\"ltr\" lang=\"pt\" xml:lang=\"pt\">ITALO FERREIRA \u00c9 O CAMPE\u00c3O! \ud83c\udfc4\ud83c\udffb\u200d\u2642\ufe0f\ud83d\udd25<\/p>\n<p>E a festa t\u00e1 linda em Saquarema! \ud83d\udc4f<\/p>\n<p>\ud83c\udfa5 WSL <a href=\"https:\/\/twitter.com\/hashtag\/TimeBrasil?src=hash&amp;ref_src=twsrc%5Etfw\" rel=\"noopener\">#TimeBrasil<\/a> <a href=\"https:\/\/t.co\/uuL0xj9xxq\">pic.twitter.com\/uuL0xj9xxq<\/a><\/p>\n<p>\u2014 Time Brasil (@timebrasil) <a href=\"https:\/\/twitter.com\/timebrasil\/status\/1806759329745211835?ref_src=twsrc%5Etfw\" rel=\"noopener\">June 28, 2024<\/a><\/p><\/blockquote>\n<p>Na chave feminina, a norte-americana Caitlin Simmers derrotou a compatriota Sawyer Lindblad na final (15.50 a 3.26). L\u00edder do ranking, Simmers foi campe\u00e3 pela segunda vez consecutiva em Saquarema.<\/p>\n<p>Entre os homens, Italo \u00e9 o quarto colocado, com 34.045 pontos, atr\u00e1s do havaiano John John Florence, do americano Griffin Colapinto e do australiano Jack Robinson. Outro australiano, Ethan Ewing, com 31.995 pontos, completa o top 5. Yago Dora vem logo atr\u00e1s, com 31.635. Gabriel Medina &#8211; eliminado nas quartas em Saquarema &#8211; \u00e9 outro brasileiro que ainda sonha com as finais. Ele \u00e9 o oitavo, com 28.980 pontos.<\/p>\n<p>No feminino, Tatiana Weston-Webb, que caiu na semifinal na etapa brasileira, subiu uma posi\u00e7\u00e3o e agora \u00e9 a s\u00e9tima colocada, com 35.100 pontos. A quinta posi\u00e7\u00e3o, no momento, est\u00e1 com a havaiana Gabriela Bryan, que soma 38.595 pontos.<\/p>\n<\/p><\/div>\n<p><script async src=\"\/\/platform.twitter.com\/widgets.js\" charset=\"utf-8\"><\/script><br \/>\n<br \/><br \/>\n<br \/><a href=\"https:\/\/agenciabrasil.ebc.com.br\/esportes\/noticia\/2024-06\/italo-ferreira-e-campeao-de-surfe-em-saquarema-e-entra-no-top-5-da-wsl\" rel=\"noopener\">Ag\u00eancia Brasil<\/a><\/p>\n","protected":false},"excerpt":{"rendered":"<p>Pela sexta vez consecutiva, um brasileiro venceu a etapa da\u00a0Liga Mundial de Surfe (WSL, na sigla em ingl\u00eas), disputada na praia de Ita\u00fana, em Saquarema (RJ).\u00a0\u00a0Nesta sexta-feira (28), a fa\u00e7anha j\u00e1 estava garantida antes mesmo de conhecermos o campe\u00e3o,\u00a0j\u00e1 que a final era 100% nacional. O potiguar Italo Ferreira superou o paranaense Yago Dora na [&hellip;]<\/p>\n","protected":false},"author":1,"featured_media":9289,"comment_status":"open","ping_status":"open","sticky":false,"template":"","format":"standard","meta":{"_jetpack_newsletter_access":"","_jetpack_dont_email_post_to_subs":false,"_jetpack_newsletter_tier_id":0,"_jetpack_memberships_contains_paywalled_content":false,"_mbp_banners":[],"_jetpack_feature_clip_id":0,"_jetpack_memberships_contains_paid_content":false,"footnotes":"","jetpack_publicize_message":"","jetpack_publicize_feature_enabled":true,"jetpack_social_post_already_shared":true,"jetpack_social_options":{"image_generator_settings":{"template":"highway","default_image_id":0,"font":"","enabled":false},"version":2},"jetpack_post_was_ever_published":false},"categories":[23],"tags":[],"class_list":["post-9288","post","type-post","status-publish","format-standard","has-post-thumbnail","category-esportes"],"jetpack_publicize_connections":[],"jetpack-related-posts":[],"jetpack_shortlink":"https:\/\/wp.me\/p7Eq1F-2pO","jetpack_sharing_enabled":true,"jetpack_featured_media_url":"https:\/\/i0.wp.com\/guialimeira.com.br\/news\/wp-content\/uploads\/2024\/06\/italo.jpg?fit=1600%2C800&ssl=1","_links":{"self":[{"href":"https:\/\/guialimeira.com.br\/news\/wp-json\/wp\/v2\/posts\/9288","targetHints":{"allow":["GET"]}}],"collection":[{"href":"https:\/\/guialimeira.com.br\/news\/wp-json\/wp\/v2\/posts"}],"about":[{"href":"https:\/\/guialimeira.com.br\/news\/wp-json\/wp\/v2\/types\/post"}],"author":[{"embeddable":true,"href":"https:\/\/guialimeira.com.br\/news\/wp-json\/wp\/v2\/users\/1"}],"replies":[{"embeddable":true,"href":"https:\/\/guialimeira.com.br\/news\/wp-json\/wp\/v2\/comments?post=9288"}],"version-history":[{"count":0,"href":"https:\/\/guialimeira.com.br\/news\/wp-json\/wp\/v2\/posts\/9288\/revisions"}],"wp:featuredmedia":[{"embeddable":true,"href":"https:\/\/guialimeira.com.br\/news\/wp-json\/wp\/v2\/media\/9289"}],"wp:attachment":[{"href":"https:\/\/guialimeira.com.br\/news\/wp-json\/wp\/v2\/media?parent=9288"}],"wp:term":[{"taxonomy":"category","embeddable":true,"href":"https:\/\/guialimeira.com.br\/news\/wp-json\/wp\/v2\/categories?post=9288"},{"taxonomy":"post_tag","embeddable":true,"href":"https:\/\/guialimeira.com.br\/news\/wp-json\/wp\/v2\/tags?post=9288"}],"curies":[{"name":"wp","href":"https:\/\/api.w.org\/{rel}","templated":true}]}}