{"id":9286,"date":"2024-06-28T17:44:21","date_gmt":"2024-06-28T20:44:21","guid":{"rendered":"https:\/\/guialimeira.com.br\/2024\/06\/28\/governo-federal-anuncia-r-58-bilhoes-em-investimentos-em-minas-gerais\/"},"modified":"2024-06-28T17:44:21","modified_gmt":"2024-06-28T20:44:21","slug":"governo-federal-anuncia-r-58-bilhoes-em-investimentos-em-minas-gerais","status":"publish","type":"post","link":"https:\/\/guialimeira.com.br\/news\/governo-federal-anuncia-r-58-bilhoes-em-investimentos-em-minas-gerais\/","title":{"rendered":"Governo federal anuncia R$ 58 bilh\u00f5es em investimentos em Minas Gerais"},"content":{"rendered":"<p> <br \/>\n<\/p>\n<div>\n<p>O ministro de Minas e Energia, Alexandre Silveira, anunciou, nesta sexta-feira (28), R$ 58 bilh\u00f5es em investimentos para Minas Gerais. Durante cerim\u00f4nia em Belo Horizonte, ele lembrou que o estado concentra um sexto dos munic\u00edpios brasileiros.<img data-recalc-dims=\"1\" decoding=\"async\" src=\"https:\/\/i0.wp.com\/agenciabrasil.ebc.com.br\/ebc.png?w=696&#038;ssl=1\" style=\"width:1px; height:1px; display:inline;\"\/><img data-recalc-dims=\"1\" decoding=\"async\" src=\"https:\/\/i0.wp.com\/agenciabrasil.ebc.com.br\/ebc.gif?w=696&#038;ssl=1\" style=\"width:1px; height:1px; display:inline;\"\/><\/p>\n<p>A proposta do governo \u00e9 criar o Circuito Mineiro de Investimentos em Transi\u00e7\u00e3o Energ\u00e9tica, beneficiando os setores el\u00e9trico e de biocombust\u00edveis.<\/p>\n<p>\u201cTudo isso para destacar a nossa voca\u00e7\u00e3o de l\u00edder da transi\u00e7\u00e3o energ\u00e9tica global. Nosso estado possui a maior capacidade de esta\u00e7\u00e3o instalada para gera\u00e7\u00e3o de energia solar do Brasil. Quase um ter\u00e7o de todo o potencial do pa\u00eds est\u00e1 aqui em terras mineiras\u201d, disse. Dos recursos anunciados, R$ 31 bilh\u00f5es s\u00e3o para a gera\u00e7\u00e3o de energia el\u00e9trica renov\u00e1vel; R$ 23 bilh\u00f5es para investimentos em transmiss\u00e3o e R$ 4 bilh\u00f5es para biocombust\u00edveis.<\/p>\n<p>O an\u00fancio foi feito durante solenidade com a presen\u00e7a do presidente Lula.<\/p>\n<h2>Linhas de transmiss\u00e3o<\/h2>\n<p>O ministro anunciou ainda R$ 12,5 bilh\u00f5es em linhas de transmiss\u00e3o para o estado \u2013 a maior parte na regi\u00e3o leste, incluindo o munic\u00edpio de Governador Valadares, e norte, com Jequitinhonha e Mucuri.<\/p>\n<p>Os investimentos v\u00e3o garantir 3,7 mil quil\u00f4metros de linhas e interligar cidades mineiras ao restante do pa\u00eds, gerando 18 mil empregos diretos e indiretos durante as obras.<\/p>\n<p>\u00a0<\/p>\n<\/p><\/div>\n<p><br \/>\n<br \/><a href=\"https:\/\/agenciabrasil.ebc.com.br\/economia\/noticia\/2024-06\/governo-federal-anuncia-r-58-bilhoes-em-investimentos-em-minas-gerais\" rel=\"noopener\">Ag\u00eancia Brasil<\/a><\/p>\n","protected":false},"excerpt":{"rendered":"<p>O ministro de Minas e Energia, Alexandre Silveira, anunciou, nesta sexta-feira (28), R$ 58 bilh\u00f5es em investimentos para Minas Gerais. Durante cerim\u00f4nia em Belo Horizonte, ele lembrou que o estado concentra um sexto dos munic\u00edpios brasileiros. A proposta do governo \u00e9 criar o Circuito Mineiro de Investimentos em Transi\u00e7\u00e3o Energ\u00e9tica, beneficiando os setores el\u00e9trico e [&hellip;]<\/p>\n","protected":false},"author":1,"featured_media":9287,"comment_status":"open","ping_status":"open","sticky":false,"template":"","format":"standard","meta":{"_jetpack_newsletter_access":"","_jetpack_dont_email_post_to_subs":false,"_jetpack_newsletter_tier_id":0,"_jetpack_memberships_contains_paywalled_content":false,"_mbp_banners":[],"_jetpack_feature_clip_id":0,"_jetpack_memberships_contains_paid_content":false,"footnotes":"","jetpack_publicize_message":"","jetpack_publicize_feature_enabled":true,"jetpack_social_post_already_shared":true,"jetpack_social_options":{"image_generator_settings":{"template":"highway","default_image_id":0,"font":"","enabled":false},"version":2},"jetpack_post_was_ever_published":false},"categories":[24],"tags":[],"class_list":["post-9286","post","type-post","status-publish","format-standard","has-post-thumbnail","category-economia"],"jetpack_publicize_connections":[],"jetpack-related-posts":[],"jetpack_shortlink":"https:\/\/wp.me\/p7Eq1F-2pM","jetpack_sharing_enabled":true,"jetpack_featured_media_url":"https:\/\/i0.wp.com\/guialimeira.com.br\/news\/wp-content\/uploads\/2024\/06\/53820772727_5645f00eef_o.jpg?fit=1600%2C800&ssl=1","_links":{"self":[{"href":"https:\/\/guialimeira.com.br\/news\/wp-json\/wp\/v2\/posts\/9286","targetHints":{"allow":["GET"]}}],"collection":[{"href":"https:\/\/guialimeira.com.br\/news\/wp-json\/wp\/v2\/posts"}],"about":[{"href":"https:\/\/guialimeira.com.br\/news\/wp-json\/wp\/v2\/types\/post"}],"author":[{"embeddable":true,"href":"https:\/\/guialimeira.com.br\/news\/wp-json\/wp\/v2\/users\/1"}],"replies":[{"embeddable":true,"href":"https:\/\/guialimeira.com.br\/news\/wp-json\/wp\/v2\/comments?post=9286"}],"version-history":[{"count":0,"href":"https:\/\/guialimeira.com.br\/news\/wp-json\/wp\/v2\/posts\/9286\/revisions"}],"wp:featuredmedia":[{"embeddable":true,"href":"https:\/\/guialimeira.com.br\/news\/wp-json\/wp\/v2\/media\/9287"}],"wp:attachment":[{"href":"https:\/\/guialimeira.com.br\/news\/wp-json\/wp\/v2\/media?parent=9286"}],"wp:term":[{"taxonomy":"category","embeddable":true,"href":"https:\/\/guialimeira.com.br\/news\/wp-json\/wp\/v2\/categories?post=9286"},{"taxonomy":"post_tag","embeddable":true,"href":"https:\/\/guialimeira.com.br\/news\/wp-json\/wp\/v2\/tags?post=9286"}],"curies":[{"name":"wp","href":"https:\/\/api.w.org\/{rel}","templated":true}]}}