{"id":9284,"date":"2024-06-28T17:37:37","date_gmt":"2024-06-28T20:37:37","guid":{"rendered":"https:\/\/guialimeira.com.br\/2024\/06\/28\/saude-anuncia-r-75-milhoes-para-rede-de-atencao-primaria-no-rs\/"},"modified":"2024-06-28T17:37:37","modified_gmt":"2024-06-28T20:37:37","slug":"saude-anuncia-r-75-milhoes-para-rede-de-atencao-primaria-no-rs","status":"publish","type":"post","link":"https:\/\/guialimeira.com.br\/news\/saude-anuncia-r-75-milhoes-para-rede-de-atencao-primaria-no-rs\/","title":{"rendered":"Sa\u00fade anuncia R$ 75 milh\u00f5es para rede de aten\u00e7\u00e3o prim\u00e1ria no RS"},"content":{"rendered":"<p> <br \/>\n<\/p>\n<div>\n<p>O Minist\u00e9rio da Sa\u00fade anunciou nesta quinta-feira (27) R$ 24,1 milh\u00f5es para a reconstru\u00e7\u00e3o da rede de assist\u00eancia da aten\u00e7\u00e3o prim\u00e1ria em munic\u00edpios do Rio Grande do Sul afetados pelas enchentes. De acordo com a pasta, o aporte, de car\u00e1ter excepcional e em parcela \u00fanica, vai beneficiar 52 cidades ga\u00fachas.<img data-recalc-dims=\"1\" decoding=\"async\" src=\"https:\/\/i0.wp.com\/agenciabrasil.ebc.com.br\/ebc.png?w=696&#038;ssl=1\" style=\"width:1px; height:1px; display:inline;\"\/><img data-recalc-dims=\"1\" decoding=\"async\" src=\"https:\/\/i0.wp.com\/agenciabrasil.ebc.com.br\/ebc.gif?w=696&#038;ssl=1\" style=\"width:1px; height:1px; display:inline;\"\/><\/p>\n<p>\u201cA iniciativa visa a aumentar e refor\u00e7ar o acesso da popula\u00e7\u00e3o \u00e0s a\u00e7\u00f5es e aos servi\u00e7os da aten\u00e7\u00e3o prim\u00e1ria, garantindo assist\u00eancia, diagn\u00f3stico, tratamento, preven\u00e7\u00e3o e controle de enfermidades decorrentes dos desastres meteorol\u00f3gicos\u201d, destacou o minist\u00e9rio em nota. Os recursos s\u00e3o destinados \u00e0 manuten\u00e7\u00e3o e amplia\u00e7\u00e3o de insumos e \u00e0 contrata\u00e7\u00e3o de equipes.<\/p>\n<p>A rela\u00e7\u00e3o de munic\u00edpios que v\u00e3o receber recursos pode ser acessada<a href=\"https:\/\/www.gov.br\/saude\/pt-br\/assuntos\/noticias\/2024\/junho\/ministerio-da-saude-destina-mais-r-24-1-mi-para-restauracao-da-saude-na-regiao\" target=\"_blank\" rel=\"noopener\"> aqui<\/a>.<\/p>\n<h2>Equipes multiprofissionais<\/h2>\n<p>O minist\u00e9rio tamb\u00e9m anunciou o credenciamento de equipes de sa\u00fade para os munic\u00edpios, garantindo a transfer\u00eancia de incentivos financeiros para o custeio de equipes multiprofissionais e de servi\u00e7os de aten\u00e7\u00e3o b\u00e1sica na regi\u00e3o. A <a href=\"https:\/\/www.in.gov.br\/en\/web\/dou\/-\/portaria-gm\/ms-n-4.476-de-21-de-junho-de-2024-568302214\" target=\"_blank\" rel=\"noopener\">portaria<\/a> prev\u00ea R$ 50,9 milh\u00f5es para minimizar os impactos da trag\u00e9dia e restaurar estruturas no estado.<\/p>\n<p>\u201cO recurso permitir\u00e1 que as cidades efetivem o credenciamento de equipes e profissionais de sa\u00fade da fam\u00edlia, sa\u00fade bucal, equipes multiprofissionais e agentes comunit\u00e1rios de sa\u00fade para refor\u00e7ar a aten\u00e7\u00e3o prim\u00e1ria na regi\u00e3o\u201d, destacou a pasta, ao citar ainda a oferta de centros de especialidades odontol\u00f3gicas e laborat\u00f3rios regionais de pr\u00f3teses.<\/p>\n<\/p><\/div>\n<p><br \/>\n<br \/><a href=\"https:\/\/agenciabrasil.ebc.com.br\/saude\/noticia\/2024-06\/saude-anuncia-r-75-milhoes-para-rede-de-atencao-primaria-no-rs\" rel=\"noopener\">Ag\u00eancia Brasil <\/a><\/p>\n","protected":false},"excerpt":{"rendered":"<p>O Minist\u00e9rio da Sa\u00fade anunciou nesta quinta-feira (27) R$ 24,1 milh\u00f5es para a reconstru\u00e7\u00e3o da rede de assist\u00eancia da aten\u00e7\u00e3o prim\u00e1ria em munic\u00edpios do Rio Grande do Sul afetados pelas enchentes. De acordo com a pasta, o aporte, de car\u00e1ter excepcional e em parcela \u00fanica, vai beneficiar 52 cidades ga\u00fachas. \u201cA iniciativa visa a aumentar [&hellip;]<\/p>\n","protected":false},"author":1,"featured_media":9201,"comment_status":"open","ping_status":"open","sticky":false,"template":"","format":"standard","meta":{"_jetpack_newsletter_access":"","_jetpack_dont_email_post_to_subs":false,"_jetpack_newsletter_tier_id":0,"_jetpack_memberships_contains_paywalled_content":false,"_mbp_banners":[],"_jetpack_feature_clip_id":0,"_jetpack_memberships_contains_paid_content":false,"footnotes":"","jetpack_publicize_message":"","jetpack_publicize_feature_enabled":true,"jetpack_social_post_already_shared":true,"jetpack_social_options":{"image_generator_settings":{"template":"highway","default_image_id":0,"font":"","enabled":false},"version":2},"jetpack_post_was_ever_published":false},"categories":[15],"tags":[],"class_list":["post-9284","post","type-post","status-publish","format-standard","has-post-thumbnail","category-saude"],"jetpack_publicize_connections":[],"jetpack-related-posts":[],"jetpack_shortlink":"https:\/\/wp.me\/p7Eq1F-2pK","jetpack_sharing_enabled":true,"jetpack_featured_media_url":"https:\/\/i0.wp.com\/guialimeira.com.br\/news\/wp-content\/uploads\/2024\/06\/1105854-dsc_5760.jpg?fit=1600%2C800&ssl=1","_links":{"self":[{"href":"https:\/\/guialimeira.com.br\/news\/wp-json\/wp\/v2\/posts\/9284","targetHints":{"allow":["GET"]}}],"collection":[{"href":"https:\/\/guialimeira.com.br\/news\/wp-json\/wp\/v2\/posts"}],"about":[{"href":"https:\/\/guialimeira.com.br\/news\/wp-json\/wp\/v2\/types\/post"}],"author":[{"embeddable":true,"href":"https:\/\/guialimeira.com.br\/news\/wp-json\/wp\/v2\/users\/1"}],"replies":[{"embeddable":true,"href":"https:\/\/guialimeira.com.br\/news\/wp-json\/wp\/v2\/comments?post=9284"}],"version-history":[{"count":0,"href":"https:\/\/guialimeira.com.br\/news\/wp-json\/wp\/v2\/posts\/9284\/revisions"}],"wp:featuredmedia":[{"embeddable":true,"href":"https:\/\/guialimeira.com.br\/news\/wp-json\/wp\/v2\/media\/9201"}],"wp:attachment":[{"href":"https:\/\/guialimeira.com.br\/news\/wp-json\/wp\/v2\/media?parent=9284"}],"wp:term":[{"taxonomy":"category","embeddable":true,"href":"https:\/\/guialimeira.com.br\/news\/wp-json\/wp\/v2\/categories?post=9284"},{"taxonomy":"post_tag","embeddable":true,"href":"https:\/\/guialimeira.com.br\/news\/wp-json\/wp\/v2\/tags?post=9284"}],"curies":[{"name":"wp","href":"https:\/\/api.w.org\/{rel}","templated":true}]}}