{"id":9280,"date":"2024-06-28T16:43:07","date_gmt":"2024-06-28T19:43:07","guid":{"rendered":"https:\/\/guialimeira.com.br\/2024\/06\/28\/g20-faz-reuniao-sobre-grupo-de-comercio-e-investimento\/"},"modified":"2024-06-28T16:43:07","modified_gmt":"2024-06-28T19:43:07","slug":"g20-faz-reuniao-sobre-grupo-de-comercio-e-investimento","status":"publish","type":"post","link":"https:\/\/guialimeira.com.br\/news\/g20-faz-reuniao-sobre-grupo-de-comercio-e-investimento\/","title":{"rendered":"G20 faz reuni\u00e3o sobre grupo de com\u00e9rcio e investimento"},"content":{"rendered":"<p> <br \/>\n<\/p>\n<div>\n<p>A terceira reuni\u00e3o do Grupo de Trabalho de Com\u00e9rcio e Investimentos do G20 ocorreu no Rio de Janeiro nos dias 27 e 28 de junho. O GT discutiu, ao longo dos dois dias, os seguintes temas: mulheres e com\u00e9rcio internacional; com\u00e9rcio e desenvolvimento sustent\u00e1vel; reforma da Organiza\u00e7\u00e3o Mundial do Com\u00e9rcio (OMC) e fortalecimento do sistema multilateral de com\u00e9rcio; al\u00e9m do\u00a0 mapeamento de cl\u00e1usulas sobre desenvolvimento sustent\u00e1vel em acordos de investimento. O evento reuniu 48 delega\u00e7\u00f5es, entre pa\u00edses membros, pa\u00edses convidados e organiza\u00e7\u00f5es internacionais.<img data-recalc-dims=\"1\" decoding=\"async\" src=\"https:\/\/i0.wp.com\/agenciabrasil.ebc.com.br\/ebc.png?w=696&#038;ssl=1\" style=\"width:1px; height:1px; display:inline;\"\/><img data-recalc-dims=\"1\" decoding=\"async\" src=\"https:\/\/i0.wp.com\/agenciabrasil.ebc.com.br\/ebc.gif?w=696&#038;ssl=1\" style=\"width:1px; height:1px; display:inline;\"\/><\/p>\n<p>Tatiana Prazeres, secret\u00e1ria de Com\u00e9rcio Exterior do Minist\u00e9rio do Desenvolvimento, Ind\u00fastria, Com\u00e9rcio e Servi\u00e7os, disse que a presid\u00eancia brasileira definiu quatro prioridades para esse grupo de trabalho, que s\u00e3o mulheres e com\u00e9rcio internacional, com\u00e9rcio e desenvolvimento sustent\u00e1vel, disciplinas e desenvolvimento sustent\u00e1vel em acordos de investimento e reforma da OMC no contexto da governan\u00e7a econ\u00f4mica global.<\/p>\n<p>\u201cTalvez o tema mais desafiador seja a quest\u00e3o do com\u00e9rcio e desenvolvimento sustent\u00e1vel em que a presid\u00eancia brasileira apresentou uma proposta ambiciosa de princ\u00edpios que deveriam orientar a rela\u00e7\u00e3o entre com\u00e9rcio e desenvolvimento sustent\u00e1vel. H\u00e1 um interesse grande dos membros do G20 na pauta proposta pela presid\u00eancia brasileira. H\u00e1 um n\u00edvel de engajamento muito elevado, muitas sugest\u00f5es e isso tudo vai fazer parte dos nossos esfor\u00e7os para que ao final esse processo culmine numa reuni\u00e3o de ministros de Com\u00e9rcio do G20 que acontece em outubro em Bras\u00edlia. O objetivo \u00e9 viabilizar esses consensos nesses quatro pontos priorit\u00e1rios para o Brasil\u201d, disse Tatiana.<\/p>\n<p>Sobre o tema com\u00e9rcio e desenvolvimento sustent\u00e1vel, o \u00fanico consenso obtido at\u00e9 agora \u00e9 que o tema \u00e9 importante. \u201cTodo mundo acha que o G20 \u00e9 um f\u00f3rum relevante para tratar do tema e que \u00e9 um assunto que merece ser discutido atualmente, mas fora isso h\u00e1 muita diverg\u00eancia, principalmente entre pa\u00edses desenvolvidos e em desenvolvimento. Mas todo mundo concorda que \u00e9 importante essa tentativa de encontrar um denominador comum\u201d, disse o embaixador Fernando Pimentel, diretor do Departamento de Pol\u00edtica Comercial do Minist\u00e9rio das Rela\u00e7\u00f5es Exteriores.<\/p>\n<\/p><\/div>\n<p><br \/>\n<br \/><a href=\"https:\/\/agenciabrasil.ebc.com.br\/economia\/noticia\/2024-06\/g20-faz-reuniao-sobre-grupo-de-comercio-e-investimento\" rel=\"noopener\">Ag\u00eancia Brasil<\/a><\/p>\n","protected":false},"excerpt":{"rendered":"<p>A terceira reuni\u00e3o do Grupo de Trabalho de Com\u00e9rcio e Investimentos do G20 ocorreu no Rio de Janeiro nos dias 27 e 28 de junho. O GT discutiu, ao longo dos dois dias, os seguintes temas: mulheres e com\u00e9rcio internacional; com\u00e9rcio e desenvolvimento sustent\u00e1vel; reforma da Organiza\u00e7\u00e3o Mundial do Com\u00e9rcio (OMC) e fortalecimento do sistema [&hellip;]<\/p>\n","protected":false},"author":1,"featured_media":269,"comment_status":"open","ping_status":"open","sticky":false,"template":"","format":"standard","meta":{"_jetpack_newsletter_access":"","_jetpack_dont_email_post_to_subs":false,"_jetpack_newsletter_tier_id":0,"_jetpack_memberships_contains_paywalled_content":false,"_mbp_banners":[],"_jetpack_feature_clip_id":0,"_jetpack_memberships_contains_paid_content":false,"footnotes":"","jetpack_publicize_message":"","jetpack_publicize_feature_enabled":true,"jetpack_social_post_already_shared":true,"jetpack_social_options":{"image_generator_settings":{"template":"highway","default_image_id":0,"font":"","enabled":false},"version":2},"jetpack_post_was_ever_published":false},"categories":[24],"tags":[],"class_list":["post-9280","post","type-post","status-publish","format-standard","has-post-thumbnail","category-economia"],"jetpack_publicize_connections":[],"jetpack-related-posts":[],"jetpack_shortlink":"https:\/\/wp.me\/p7Eq1F-2pG","jetpack_sharing_enabled":true,"jetpack_featured_media_url":"https:\/\/i0.wp.com\/guialimeira.com.br\/news\/wp-content\/uploads\/2024\/03\/thumb_1200x600_agbrasil.png?fit=1200%2C600&ssl=1","_links":{"self":[{"href":"https:\/\/guialimeira.com.br\/news\/wp-json\/wp\/v2\/posts\/9280","targetHints":{"allow":["GET"]}}],"collection":[{"href":"https:\/\/guialimeira.com.br\/news\/wp-json\/wp\/v2\/posts"}],"about":[{"href":"https:\/\/guialimeira.com.br\/news\/wp-json\/wp\/v2\/types\/post"}],"author":[{"embeddable":true,"href":"https:\/\/guialimeira.com.br\/news\/wp-json\/wp\/v2\/users\/1"}],"replies":[{"embeddable":true,"href":"https:\/\/guialimeira.com.br\/news\/wp-json\/wp\/v2\/comments?post=9280"}],"version-history":[{"count":0,"href":"https:\/\/guialimeira.com.br\/news\/wp-json\/wp\/v2\/posts\/9280\/revisions"}],"wp:featuredmedia":[{"embeddable":true,"href":"https:\/\/guialimeira.com.br\/news\/wp-json\/wp\/v2\/media\/269"}],"wp:attachment":[{"href":"https:\/\/guialimeira.com.br\/news\/wp-json\/wp\/v2\/media?parent=9280"}],"wp:term":[{"taxonomy":"category","embeddable":true,"href":"https:\/\/guialimeira.com.br\/news\/wp-json\/wp\/v2\/categories?post=9280"},{"taxonomy":"post_tag","embeddable":true,"href":"https:\/\/guialimeira.com.br\/news\/wp-json\/wp\/v2\/tags?post=9280"}],"curies":[{"name":"wp","href":"https:\/\/api.w.org\/{rel}","templated":true}]}}