{"id":9276,"date":"2024-06-28T16:27:22","date_gmt":"2024-06-28T19:27:22","guid":{"rendered":"https:\/\/guialimeira.com.br\/2024\/06\/28\/campanha-julho-sem-plastico-sera-lancada-na-proxima-segunda-1o\/"},"modified":"2024-06-28T16:27:22","modified_gmt":"2024-06-28T19:27:22","slug":"campanha-julho-sem-plastico-sera-lancada-na-proxima-segunda-1o","status":"publish","type":"post","link":"https:\/\/guialimeira.com.br\/news\/campanha-julho-sem-plastico-sera-lancada-na-proxima-segunda-1o\/","title":{"rendered":"Campanha Julho sem Pl\u00e1stico\u00a0ser\u00e1 lan\u00e7ada na pr\u00f3xima segunda (1\u00ba)"},"content":{"rendered":"<p> <br \/>\n<br \/><img data-recalc-dims=\"1\" decoding=\"async\" src=\"https:\/\/i0.wp.com\/ecrie.com.br\/sistema\/conteudos\/imagem\/m_137_0_1_28062024152755.jpg?w=696&#038;ssl=1\" \/><\/p>\n<p>A Prefeitura de Limeira, por meio da Secretaria de Meio Ambiente e Agricultura, promove a partir da pr&oacute;xima segunda-feira (1&ordm;) a campanha Julho sem Pl&aacute;stico. Trata-se de um movimento global&nbsp;de conscientiza&ccedil;&atilde;o sobre&nbsp;os problemas gerados pela polui&ccedil;&atilde;o pl&aacute;stica. &ldquo;A iniciativa prop&otilde;e a reflex&atilde;o sobre o consumo consciente e a necessidade de redu&ccedil;&atilde;o do uso desse material nas tarefas cotidianas&rdquo;, destacou o secret&aacute;rio da pasta, Reinaldo Buck Belussi.<\/p>\n<p>Para tanto, diversas atividades educativas ser&atilde;o realizadas ao longo do m&ecirc;s, como distribui&ccedil;&atilde;o de folhetos, montagem de estandes em locais p&uacute;blicos, visita &agrave; Casa Ecol&oacute;gica no Horto Florestal, recebimento de equipamentos eletr&ocirc;nicos, entre outros.<\/p>\n<p>A programa&ccedil;&atilde;o completa das a&ccedil;&otilde;es est&aacute; dispon&iacute;vel por meio do link: www.limeira.sp.gov.br\/julhosemplastico<\/p>\n<p>&nbsp;<\/p>\n<p><br \/>\n<br \/><a href=\"https:\/\/limeira.sp.gov.br\/campanha-julho-sem-plasticosera-lancada-na-proxima-segunda-1\" rel=\"noopener\">Informa\u00e7\u00f5es da PML <\/a><\/p>\n","protected":false},"excerpt":{"rendered":"<p>A Prefeitura de Limeira, por meio da Secretaria de Meio Ambiente e Agricultura, promove a partir da pr&oacute;xima segunda-feira (1&ordm;) a campanha Julho sem Pl&aacute;stico. Trata-se de um movimento global&nbsp;de conscientiza&ccedil;&atilde;o sobre&nbsp;os problemas gerados pela polui&ccedil;&atilde;o pl&aacute;stica. &ldquo;A iniciativa prop&otilde;e a reflex&atilde;o sobre o consumo consciente e a necessidade de redu&ccedil;&atilde;o do uso desse material [&hellip;]<\/p>\n","protected":false},"author":1,"featured_media":9277,"comment_status":"open","ping_status":"open","sticky":false,"template":"","format":"standard","meta":{"_jetpack_newsletter_access":"","_jetpack_dont_email_post_to_subs":false,"_jetpack_newsletter_tier_id":0,"_jetpack_memberships_contains_paywalled_content":false,"_mbp_banners":[],"_jetpack_feature_clip_id":0,"_jetpack_memberships_contains_paid_content":false,"footnotes":"","jetpack_publicize_message":"","jetpack_publicize_feature_enabled":true,"jetpack_social_post_already_shared":true,"jetpack_social_options":{"image_generator_settings":{"template":"highway","default_image_id":0,"font":"","enabled":false},"version":2},"jetpack_post_was_ever_published":false},"categories":[16],"tags":[],"class_list":["post-9276","post","type-post","status-publish","format-standard","has-post-thumbnail","category-local"],"jetpack_publicize_connections":[],"jetpack-related-posts":[],"jetpack_shortlink":"https:\/\/wp.me\/p7Eq1F-2pC","jetpack_sharing_enabled":true,"jetpack_featured_media_url":"https:\/\/i0.wp.com\/guialimeira.com.br\/news\/wp-content\/uploads\/2024\/06\/m_137_0_1_28062024152755.jpg?fit=1280%2C852&ssl=1","_links":{"self":[{"href":"https:\/\/guialimeira.com.br\/news\/wp-json\/wp\/v2\/posts\/9276","targetHints":{"allow":["GET"]}}],"collection":[{"href":"https:\/\/guialimeira.com.br\/news\/wp-json\/wp\/v2\/posts"}],"about":[{"href":"https:\/\/guialimeira.com.br\/news\/wp-json\/wp\/v2\/types\/post"}],"author":[{"embeddable":true,"href":"https:\/\/guialimeira.com.br\/news\/wp-json\/wp\/v2\/users\/1"}],"replies":[{"embeddable":true,"href":"https:\/\/guialimeira.com.br\/news\/wp-json\/wp\/v2\/comments?post=9276"}],"version-history":[{"count":0,"href":"https:\/\/guialimeira.com.br\/news\/wp-json\/wp\/v2\/posts\/9276\/revisions"}],"wp:featuredmedia":[{"embeddable":true,"href":"https:\/\/guialimeira.com.br\/news\/wp-json\/wp\/v2\/media\/9277"}],"wp:attachment":[{"href":"https:\/\/guialimeira.com.br\/news\/wp-json\/wp\/v2\/media?parent=9276"}],"wp:term":[{"taxonomy":"category","embeddable":true,"href":"https:\/\/guialimeira.com.br\/news\/wp-json\/wp\/v2\/categories?post=9276"},{"taxonomy":"post_tag","embeddable":true,"href":"https:\/\/guialimeira.com.br\/news\/wp-json\/wp\/v2\/tags?post=9276"}],"curies":[{"name":"wp","href":"https:\/\/api.w.org\/{rel}","templated":true}]}}