{"id":9270,"date":"2024-06-28T15:26:18","date_gmt":"2024-06-28T18:26:18","guid":{"rendered":"https:\/\/guialimeira.com.br\/2024\/06\/28\/central-de-ambulancia-passara-por-desinsetizacao-no-final-de-semana\/"},"modified":"2024-06-28T15:26:18","modified_gmt":"2024-06-28T18:26:18","slug":"central-de-ambulancia-passara-por-desinsetizacao-no-final-de-semana","status":"publish","type":"post","link":"https:\/\/guialimeira.com.br\/news\/central-de-ambulancia-passara-por-desinsetizacao-no-final-de-semana\/","title":{"rendered":"Central de Ambul\u00e2ncia passar\u00e1 por desinsetiza\u00e7\u00e3o no final de semana"},"content":{"rendered":"<p> <br \/>\n<br \/><img data-recalc-dims=\"1\" decoding=\"async\" src=\"https:\/\/i0.wp.com\/ecrie.com.br\/sistema\/conteudos\/imagem\/m_137_0_1_28062024145836.jpg?w=696&#038;ssl=1\" \/><\/p>\n<div style=\"text-align: justify\">A Secretaria de Sa&uacute;de informa que, nos dias 29 e 30 (s&aacute;bado e domingo), a Central de Ambul&acirc;ncias, que fica na Rua Cunha Bastos, 222, passar&aacute; por uma desinsetiza&ccedil;&atilde;o.<\/div>\n<div style=\"text-align: justify\">&nbsp;<\/div>\n<div style=\"text-align: justify\">A pasta informa que os mun&iacute;cipes que precisarem utilizar o servi&ccedil;o devem ligar no n&uacute;mero 3446-4766.<\/div>\n<p><br \/>\n<br \/><a href=\"https:\/\/limeira.sp.gov.br\/central-de-ambulancia-passara-por-desinsetizacao-no-final-de-semana\" rel=\"noopener\">Informa\u00e7\u00f5es da PML <\/a><\/p>\n","protected":false},"excerpt":{"rendered":"<p>A Secretaria de Sa&uacute;de informa que, nos dias 29 e 30 (s&aacute;bado e domingo), a Central de Ambul&acirc;ncias, que fica na Rua Cunha Bastos, 222, passar&aacute; por uma desinsetiza&ccedil;&atilde;o. &nbsp; A pasta informa que os mun&iacute;cipes que precisarem utilizar o servi&ccedil;o devem ligar no n&uacute;mero 3446-4766. Informa\u00e7\u00f5es da PML<\/p>\n","protected":false},"author":1,"featured_media":9271,"comment_status":"open","ping_status":"open","sticky":false,"template":"","format":"standard","meta":{"_jetpack_newsletter_access":"","_jetpack_dont_email_post_to_subs":false,"_jetpack_newsletter_tier_id":0,"_jetpack_memberships_contains_paywalled_content":false,"_mbp_banners":[],"_jetpack_feature_clip_id":0,"_jetpack_memberships_contains_paid_content":false,"footnotes":"","jetpack_publicize_message":"","jetpack_publicize_feature_enabled":true,"jetpack_social_post_already_shared":true,"jetpack_social_options":{"image_generator_settings":{"template":"highway","default_image_id":0,"font":"","enabled":false},"version":2},"jetpack_post_was_ever_published":false},"categories":[16],"tags":[],"class_list":["post-9270","post","type-post","status-publish","format-standard","has-post-thumbnail","category-local"],"jetpack_publicize_connections":[],"jetpack-related-posts":[],"jetpack_shortlink":"https:\/\/wp.me\/p7Eq1F-2pw","jetpack_sharing_enabled":true,"jetpack_featured_media_url":"https:\/\/i0.wp.com\/guialimeira.com.br\/news\/wp-content\/uploads\/2024\/06\/m_137_0_1_28062024145836.jpg?fit=1278%2C852&ssl=1","_links":{"self":[{"href":"https:\/\/guialimeira.com.br\/news\/wp-json\/wp\/v2\/posts\/9270","targetHints":{"allow":["GET"]}}],"collection":[{"href":"https:\/\/guialimeira.com.br\/news\/wp-json\/wp\/v2\/posts"}],"about":[{"href":"https:\/\/guialimeira.com.br\/news\/wp-json\/wp\/v2\/types\/post"}],"author":[{"embeddable":true,"href":"https:\/\/guialimeira.com.br\/news\/wp-json\/wp\/v2\/users\/1"}],"replies":[{"embeddable":true,"href":"https:\/\/guialimeira.com.br\/news\/wp-json\/wp\/v2\/comments?post=9270"}],"version-history":[{"count":0,"href":"https:\/\/guialimeira.com.br\/news\/wp-json\/wp\/v2\/posts\/9270\/revisions"}],"wp:featuredmedia":[{"embeddable":true,"href":"https:\/\/guialimeira.com.br\/news\/wp-json\/wp\/v2\/media\/9271"}],"wp:attachment":[{"href":"https:\/\/guialimeira.com.br\/news\/wp-json\/wp\/v2\/media?parent=9270"}],"wp:term":[{"taxonomy":"category","embeddable":true,"href":"https:\/\/guialimeira.com.br\/news\/wp-json\/wp\/v2\/categories?post=9270"},{"taxonomy":"post_tag","embeddable":true,"href":"https:\/\/guialimeira.com.br\/news\/wp-json\/wp\/v2\/tags?post=9270"}],"curies":[{"name":"wp","href":"https:\/\/api.w.org\/{rel}","templated":true}]}}