{"id":9267,"date":"2024-06-28T14:38:33","date_gmt":"2024-06-28T17:38:33","guid":{"rendered":"https:\/\/guialimeira.com.br\/2024\/06\/28\/lula-com-novo-presidente-do-bc-governo-construira-nova-filosofia\/"},"modified":"2024-06-28T14:38:33","modified_gmt":"2024-06-28T17:38:33","slug":"lula-com-novo-presidente-do-bc-governo-construira-nova-filosofia","status":"publish","type":"post","link":"https:\/\/guialimeira.com.br\/news\/lula-com-novo-presidente-do-bc-governo-construira-nova-filosofia\/","title":{"rendered":"Lula: com novo presidente do BC, governo construir\u00e1 nova filosofia"},"content":{"rendered":"<p> <br \/>\n<\/p>\n<div>\n<p>O presidente Luiz In\u00e1cio Lula da Silva disse nesta sexta-feira (28) que, quando puder indicar o pr\u00f3ximo presidente do Banco Central (BC), vai construir o que chamou de \u201cnova filosofia\u201d para o pa\u00eds. Para ele, o atual presidente da entidade, Roberto Campos Neto, n\u00e3o est\u00e1 fazendo o que deveria ser feito.<img data-recalc-dims=\"1\" decoding=\"async\" src=\"https:\/\/i0.wp.com\/agenciabrasil.ebc.com.br\/ebc.png?w=696&#038;ssl=1\" style=\"width:1px; height:1px; display:inline;\"\/><img data-recalc-dims=\"1\" decoding=\"async\" src=\"https:\/\/i0.wp.com\/agenciabrasil.ebc.com.br\/ebc.gif?w=696&#038;ssl=1\" style=\"width:1px; height:1px; display:inline;\"\/><\/p>\n<p>\u201cA infla\u00e7\u00e3o est\u00e1 controlada. Est\u00e1 em\u00a04%,\u00a0dentro da meta. O Brasil tem um colch\u00e3o de reserva de R$ 355 bilh\u00f5es que fomos n\u00f3s que fizemos, eu e Dilma. Fizemos uma reserva para dar estabilidade ao\u00a0pa\u00eds. Estabilidade econ\u00f4mica. Ent\u00e3o, n\u00e3o h\u00e1\u00a0necessidade de os juros estarem desse tamanho\u201d, disse, em entrevista ao jornal <em>O tempo, de <\/em>Belo Horizonte<em>.<\/em><\/p>\n<p>Segundo Lula, o atual presidente da Rep\u00fablica \u201cn\u00e3o pode ficar brigando\u201d com o presidente do Banco Central, uma vez que ele foi escolhido pelo governo anterior. \u201c\u00c9 importante lembrar que ele pensa ideologicamente igual ao governo anterior. E acho que ele n\u00e3o est\u00e1 fazendo o que deveria ser feito corretamente\u201d.<\/p>\n<p>\u201cDe qualquer forma, ele tem um mandato. At\u00e9 dezembro, ele \u00e9 presidente do Banco Central. Somente a partir da\u00ed \u00e9 que vou escolher o meu presidente do Banco Central. Vou escolher uma pessoa que seja respons\u00e1vel. Com uma pessoa que \u00e9 respons\u00e1vel, o presidente da Rep\u00fablica n\u00e3o vai ficar dando palpite. \u2018Baixa os juros. Aumenta os juros\u2019. N\u00e3o. Tem que confiar que a pessoa que est\u00e1 l\u00e1 tem compet\u00eancia para fazer as coisas.\u201d<\/p>\n<p>Na entrevista, Lula disse ainda que o d\u00f3lar est\u00e1 subindo porque h\u00e1 especula\u00e7\u00e3o com derivativos na perspectiva de desvalorizar o real. \u201cO Banco Central tem obriga\u00e7\u00e3o de investigar isso. Foi isso que falei e vou continuar falando. Se um presidente da Rep\u00fablica, que foi eleito, n\u00e3o puder falar, quem vai falar?\u201d<\/p>\n<p>\u201cA taxa de juros de 10,5% \u00e9 irreal para uma infla\u00e7\u00e3o de 4%. \u00c9 isso. \u00c9 importante todo mundo saber. Agora, n\u00e3o sou do Conselho Monet\u00e1rio Nacional, n\u00e3o sou diretor do Banco Central. Isso vai melhorar quando eu puder indicar o presidente que vai para o Banco Central. E a gente vai construir uma nova filosofia.\u201d<\/p>\n<\/p><\/div>\n<p><br \/>\n<br \/><a href=\"https:\/\/agenciabrasil.ebc.com.br\/economia\/noticia\/2024-06\/lula-com-novo-presidente-do-bc-governo-construira-nova-filosofia\" rel=\"noopener\">Ag\u00eancia Brasil<\/a><\/p>\n","protected":false},"excerpt":{"rendered":"<p>O presidente Luiz In\u00e1cio Lula da Silva disse nesta sexta-feira (28) que, quando puder indicar o pr\u00f3ximo presidente do Banco Central (BC), vai construir o que chamou de \u201cnova filosofia\u201d para o pa\u00eds. Para ele, o atual presidente da entidade, Roberto Campos Neto, n\u00e3o est\u00e1 fazendo o que deveria ser feito. \u201cA infla\u00e7\u00e3o est\u00e1 controlada. [&hellip;]<\/p>\n","protected":false},"author":1,"featured_media":9113,"comment_status":"open","ping_status":"open","sticky":false,"template":"","format":"standard","meta":{"_jetpack_newsletter_access":"","_jetpack_dont_email_post_to_subs":false,"_jetpack_newsletter_tier_id":0,"_jetpack_memberships_contains_paywalled_content":false,"_mbp_banners":[],"_jetpack_feature_clip_id":0,"_jetpack_memberships_contains_paid_content":false,"footnotes":"","jetpack_publicize_message":"","jetpack_publicize_feature_enabled":true,"jetpack_social_post_already_shared":true,"jetpack_social_options":{"image_generator_settings":{"template":"highway","default_image_id":0,"font":"","enabled":false},"version":2},"jetpack_post_was_ever_published":false},"categories":[24],"tags":[],"class_list":["post-9267","post","type-post","status-publish","format-standard","has-post-thumbnail","category-economia"],"jetpack_publicize_connections":[],"jetpack-related-posts":[],"jetpack_shortlink":"https:\/\/wp.me\/p7Eq1F-2pt","jetpack_sharing_enabled":true,"jetpack_featured_media_url":"https:\/\/i0.wp.com\/guialimeira.com.br\/news\/wp-content\/uploads\/2024\/06\/53817421511_96f077ddf6_o.jpg?fit=1600%2C800&ssl=1","_links":{"self":[{"href":"https:\/\/guialimeira.com.br\/news\/wp-json\/wp\/v2\/posts\/9267","targetHints":{"allow":["GET"]}}],"collection":[{"href":"https:\/\/guialimeira.com.br\/news\/wp-json\/wp\/v2\/posts"}],"about":[{"href":"https:\/\/guialimeira.com.br\/news\/wp-json\/wp\/v2\/types\/post"}],"author":[{"embeddable":true,"href":"https:\/\/guialimeira.com.br\/news\/wp-json\/wp\/v2\/users\/1"}],"replies":[{"embeddable":true,"href":"https:\/\/guialimeira.com.br\/news\/wp-json\/wp\/v2\/comments?post=9267"}],"version-history":[{"count":0,"href":"https:\/\/guialimeira.com.br\/news\/wp-json\/wp\/v2\/posts\/9267\/revisions"}],"wp:featuredmedia":[{"embeddable":true,"href":"https:\/\/guialimeira.com.br\/news\/wp-json\/wp\/v2\/media\/9113"}],"wp:attachment":[{"href":"https:\/\/guialimeira.com.br\/news\/wp-json\/wp\/v2\/media?parent=9267"}],"wp:term":[{"taxonomy":"category","embeddable":true,"href":"https:\/\/guialimeira.com.br\/news\/wp-json\/wp\/v2\/categories?post=9267"},{"taxonomy":"post_tag","embeddable":true,"href":"https:\/\/guialimeira.com.br\/news\/wp-json\/wp\/v2\/tags?post=9267"}],"curies":[{"name":"wp","href":"https:\/\/api.w.org\/{rel}","templated":true}]}}