{"id":9260,"date":"2024-06-28T14:25:05","date_gmt":"2024-06-28T17:25:05","guid":{"rendered":"https:\/\/guialimeira.com.br\/2024\/06\/28\/vacinacao-contra-a-gripe-e-prorrogada-em-limeira\/"},"modified":"2024-06-28T14:25:05","modified_gmt":"2024-06-28T17:25:05","slug":"vacinacao-contra-a-gripe-e-prorrogada-em-limeira","status":"publish","type":"post","link":"https:\/\/guialimeira.com.br\/news\/vacinacao-contra-a-gripe-e-prorrogada-em-limeira\/","title":{"rendered":"Vacina\u00e7\u00e3o contra a gripe \u00e9 prorrogada em Limeira"},"content":{"rendered":"<p> <br \/>\n<br \/><img data-recalc-dims=\"1\" decoding=\"async\" src=\"https:\/\/i0.wp.com\/ecrie.com.br\/sistema\/conteudos\/imagem\/m_137_0_1_10072023171151.jpg?w=696&#038;ssl=1\" \/><\/p>\n<p style=\"text-align: justify\">A vacina&ccedil;&atilde;o contra a influenza (gripe) foi prorrogada pela Secretaria de Sa&uacute;de. Toda a popula&ccedil;&atilde;o maior de 6 meses pode receber o imunizante, dispon&iacute;vel de segunda a sexta-feira, das 8h &agrave;s 12h e das 13h &agrave;s 16h e nos plant&otilde;es de vacina&ccedil;&atilde;o aos s&aacute;bados. &Eacute; necess&aacute;rio apresentar documento com foto, CPF, comprovante de resid&ecirc;ncia, carteira de vacina&ccedil;&atilde;o e Cart&atilde;o SUS.<\/p>\n<p style=\"text-align: justify\">Para se vacinar, basta procurar um dos 16 pontos de imuniza&ccedil;&atilde;o: UBS Ab&iacute;lio Pedro, UBS Aeroporto, UBS Campo Belo, UBS Cecap, UBS Morro Azul, UBS Dores 1, UBS Dores 2, UBS Nova Europa, UBS Nova Limeira, UBS Nova Su&iacute;&ccedil;a, UBS Novo Horizonte, UBS Planalto, UBS Hip&oacute;lito 1, UBS Vista Alegre e UBS Graminha e Ambulat&oacute;rio de Especialidades Rubi.<\/p>\n<p><br \/>\n<br \/><a href=\"https:\/\/limeira.sp.gov.br\/vacinacao-contra-a-gripe-e-prorrogada-em-limeira\" rel=\"noopener\">Informa\u00e7\u00f5es da PML <\/a><\/p>\n","protected":false},"excerpt":{"rendered":"<p>A vacina&ccedil;&atilde;o contra a influenza (gripe) foi prorrogada pela Secretaria de Sa&uacute;de. Toda a popula&ccedil;&atilde;o maior de 6 meses pode receber o imunizante, dispon&iacute;vel de segunda a sexta-feira, das 8h &agrave;s 12h e das 13h &agrave;s 16h e nos plant&otilde;es de vacina&ccedil;&atilde;o aos s&aacute;bados. &Eacute; necess&aacute;rio apresentar documento com foto, CPF, comprovante de resid&ecirc;ncia, carteira [&hellip;]<\/p>\n","protected":false},"author":1,"featured_media":960,"comment_status":"open","ping_status":"open","sticky":false,"template":"","format":"standard","meta":{"_jetpack_newsletter_access":"","_jetpack_dont_email_post_to_subs":false,"_jetpack_newsletter_tier_id":0,"_jetpack_memberships_contains_paywalled_content":false,"_mbp_banners":[],"_jetpack_feature_clip_id":0,"_jetpack_memberships_contains_paid_content":false,"footnotes":"","jetpack_publicize_message":"","jetpack_publicize_feature_enabled":true,"jetpack_social_post_already_shared":true,"jetpack_social_options":{"image_generator_settings":{"template":"highway","default_image_id":0,"font":"","enabled":false},"version":2},"jetpack_post_was_ever_published":false},"categories":[16],"tags":[],"class_list":["post-9260","post","type-post","status-publish","format-standard","has-post-thumbnail","category-local"],"jetpack_publicize_connections":[],"jetpack-related-posts":[],"jetpack_shortlink":"https:\/\/wp.me\/p7Eq1F-2pm","jetpack_sharing_enabled":true,"jetpack_featured_media_url":"https:\/\/i0.wp.com\/guialimeira.com.br\/news\/wp-content\/uploads\/2024\/04\/m_137_0_1_10072023171151.jpg?fit=1280%2C852&ssl=1","_links":{"self":[{"href":"https:\/\/guialimeira.com.br\/news\/wp-json\/wp\/v2\/posts\/9260","targetHints":{"allow":["GET"]}}],"collection":[{"href":"https:\/\/guialimeira.com.br\/news\/wp-json\/wp\/v2\/posts"}],"about":[{"href":"https:\/\/guialimeira.com.br\/news\/wp-json\/wp\/v2\/types\/post"}],"author":[{"embeddable":true,"href":"https:\/\/guialimeira.com.br\/news\/wp-json\/wp\/v2\/users\/1"}],"replies":[{"embeddable":true,"href":"https:\/\/guialimeira.com.br\/news\/wp-json\/wp\/v2\/comments?post=9260"}],"version-history":[{"count":0,"href":"https:\/\/guialimeira.com.br\/news\/wp-json\/wp\/v2\/posts\/9260\/revisions"}],"wp:featuredmedia":[{"embeddable":true,"href":"https:\/\/guialimeira.com.br\/news\/wp-json\/wp\/v2\/media\/960"}],"wp:attachment":[{"href":"https:\/\/guialimeira.com.br\/news\/wp-json\/wp\/v2\/media?parent=9260"}],"wp:term":[{"taxonomy":"category","embeddable":true,"href":"https:\/\/guialimeira.com.br\/news\/wp-json\/wp\/v2\/categories?post=9260"},{"taxonomy":"post_tag","embeddable":true,"href":"https:\/\/guialimeira.com.br\/news\/wp-json\/wp\/v2\/tags?post=9260"}],"curies":[{"name":"wp","href":"https:\/\/api.w.org\/{rel}","templated":true}]}}