{"id":9248,"date":"2024-06-28T11:32:00","date_gmt":"2024-06-28T14:32:00","guid":{"rendered":"https:\/\/guialimeira.com.br\/2024\/06\/28\/inscricao-para-1a-etapa-do-revalida-termina-nesta-sexta-feira\/"},"modified":"2024-06-28T11:32:00","modified_gmt":"2024-06-28T14:32:00","slug":"inscricao-para-1a-etapa-do-revalida-termina-nesta-sexta-feira","status":"publish","type":"post","link":"https:\/\/guialimeira.com.br\/news\/inscricao-para-1a-etapa-do-revalida-termina-nesta-sexta-feira\/","title":{"rendered":"Inscri\u00e7\u00e3o para 1\u00aa etapa do Revalida termina nesta sexta-feira"},"content":{"rendered":"<p> <br \/>\n<\/p>\n<div>\n<p>As inscri\u00e7\u00f5es para o Exame Nacional de Revalida\u00e7\u00e3o de Diplomas M\u00e9dios de Institui\u00e7\u00e3o Estrangeira (Revalida) do segundo semestre de 2024 terminam nesta sexta-feira (28). Os m\u00e9dicos formados no exterior que desejam atuar no Brasil devem fazer a inscri\u00e7\u00e3o no Sistema Revalida <a href=\"https:\/\/revalida.inep.gov.br\/revalida\/\" target=\"_blank\" rel=\"noopener\">aqui<\/a>.\u00a0O prazo tamb\u00e9m vale para as solicita\u00e7\u00f5es de atendimento especializado e tratamento por nome social.<img data-recalc-dims=\"1\" decoding=\"async\" src=\"https:\/\/i0.wp.com\/agenciabrasil.ebc.com.br\/ebc.png?w=696&#038;ssl=1\" style=\"width:1px; height:1px; display:inline;\"\/><img data-recalc-dims=\"1\" decoding=\"async\" src=\"https:\/\/i0.wp.com\/agenciabrasil.ebc.com.br\/ebc.gif?w=696&#038;ssl=1\" style=\"width:1px; height:1px; display:inline;\"\/><\/p>\n<p>Quem n\u00e3o tiver o diploma deve apresentar a declara\u00e7\u00e3o ou o certificado de conclus\u00e3o do curso. O documento deve ter sido emitido por institui\u00e7\u00e3o de ensino superior de medicina reconhecida pelo Minist\u00e9rio da Educa\u00e7\u00e3o do pa\u00eds de origem ou \u00f3rg\u00e3o equivalente. Al\u00e9m disso, o documento deve ser autenticado pela autoridade consular brasileira.<\/p>\n<p>Al\u00e9m da autentica\u00e7\u00e3o por autoridade consular,\u00a0h\u00e1 a alternativa de validar o documento por meio do processo de Conven\u00e7\u00e3o sobre a Elimina\u00e7\u00e3o da Exig\u00eancia de Legaliza\u00e7\u00e3o de Documentos P\u00fablicos Estrangeiros, conforme define o <a href=\"https:\/\/www.planalto.gov.br\/ccivil_03\/_ato2015-2018\/2016\/decreto\/d8660.htm\" target=\"_blank\" rel=\"noopener\">Decreto n\u00ba 8.660, de 29 de janeiro de 2016<\/a>.\u00a0<\/p>\n<p>O documento que esteja em idioma diferente da l\u00edngua portuguesa, inglesa, francesa ou espanhola dever\u00e1 ser acompanhada de tradu\u00e7\u00e3o juramentada.<\/p>\n<p>A divulga\u00e7\u00e3o da nota de corte para esta edi\u00e7\u00e3o do Revalida ser\u00e1 no dia 10 de julho, j\u00e1 a divulga\u00e7\u00e3o do cart\u00e3o de confirma\u00e7\u00e3o da inscri\u00e7\u00e3o ser\u00e1 no dia 30 de julho.<\/p>\n<p>As provas do Revalida 2024\/2 est\u00e3o previstas para o dia 25 de agosto e ser\u00e1 aplicada nas seguintes cidades: Belo Horizonte (MG), Bras\u00edlia (DF), Campo Grande (MS), Curitiba (PR), Porto Velho (RO), Recife (PE), Rio Branco (AC), Salvador (BA) e S\u00e3o Paulo (SP).<\/p>\n<h2>Revalida<\/h2>\n<p>O exame \u00e9 composto por duas etapas (te\u00f3rica e pr\u00e1tica), que abordam as cinco grandes \u00e1reas da medicina: cl\u00ednica m\u00e9dica, cirurgia, ginecologia e obstetr\u00edcia, pediatria, e medicina da fam\u00edlia e comunidade (sa\u00fade coletiva). O objetivo \u00e9 avaliar habilidades, compet\u00eancias e conhecimentos necess\u00e1rios para o exerc\u00edcio profissional adequado aos princ\u00edpios e necessidades do Sistema \u00danico de Sa\u00fade (SUS).<\/p>\n<\/p><\/div>\n<p><br \/>\n<br \/><a href=\"https:\/\/agenciabrasil.ebc.com.br\/saude\/noticia\/2024-06\/inscricao-para-1a-etapa-do-revalida-termina-nesta-sexta-feira\" rel=\"noopener\">Ag\u00eancia Brasil <\/a><\/p>\n","protected":false},"excerpt":{"rendered":"<p>As inscri\u00e7\u00f5es para o Exame Nacional de Revalida\u00e7\u00e3o de Diplomas M\u00e9dios de Institui\u00e7\u00e3o Estrangeira (Revalida) do segundo semestre de 2024 terminam nesta sexta-feira (28). Os m\u00e9dicos formados no exterior que desejam atuar no Brasil devem fazer a inscri\u00e7\u00e3o no Sistema Revalida aqui.\u00a0O prazo tamb\u00e9m vale para as solicita\u00e7\u00f5es de atendimento especializado e tratamento por nome [&hellip;]<\/p>\n","protected":false},"author":1,"featured_media":9249,"comment_status":"open","ping_status":"open","sticky":false,"template":"","format":"standard","meta":{"_jetpack_newsletter_access":"","_jetpack_dont_email_post_to_subs":false,"_jetpack_newsletter_tier_id":0,"_jetpack_memberships_contains_paywalled_content":false,"_mbp_banners":[],"_jetpack_feature_clip_id":0,"_jetpack_memberships_contains_paid_content":false,"footnotes":"","jetpack_publicize_message":"","jetpack_publicize_feature_enabled":true,"jetpack_social_post_already_shared":true,"jetpack_social_options":{"image_generator_settings":{"template":"highway","default_image_id":0,"font":"","enabled":false},"version":2},"jetpack_post_was_ever_published":false},"categories":[15],"tags":[],"class_list":["post-9248","post","type-post","status-publish","format-standard","has-post-thumbnail","category-saude"],"jetpack_publicize_connections":[],"jetpack-related-posts":[],"jetpack_shortlink":"https:\/\/wp.me\/p7Eq1F-2pa","jetpack_sharing_enabled":true,"jetpack_featured_media_url":"https:\/\/i0.wp.com\/guialimeira.com.br\/news\/wp-content\/uploads\/2024\/06\/revalida_mcamgo_abr_100720211818-9.jpg?fit=1600%2C800&ssl=1","_links":{"self":[{"href":"https:\/\/guialimeira.com.br\/news\/wp-json\/wp\/v2\/posts\/9248","targetHints":{"allow":["GET"]}}],"collection":[{"href":"https:\/\/guialimeira.com.br\/news\/wp-json\/wp\/v2\/posts"}],"about":[{"href":"https:\/\/guialimeira.com.br\/news\/wp-json\/wp\/v2\/types\/post"}],"author":[{"embeddable":true,"href":"https:\/\/guialimeira.com.br\/news\/wp-json\/wp\/v2\/users\/1"}],"replies":[{"embeddable":true,"href":"https:\/\/guialimeira.com.br\/news\/wp-json\/wp\/v2\/comments?post=9248"}],"version-history":[{"count":0,"href":"https:\/\/guialimeira.com.br\/news\/wp-json\/wp\/v2\/posts\/9248\/revisions"}],"wp:featuredmedia":[{"embeddable":true,"href":"https:\/\/guialimeira.com.br\/news\/wp-json\/wp\/v2\/media\/9249"}],"wp:attachment":[{"href":"https:\/\/guialimeira.com.br\/news\/wp-json\/wp\/v2\/media?parent=9248"}],"wp:term":[{"taxonomy":"category","embeddable":true,"href":"https:\/\/guialimeira.com.br\/news\/wp-json\/wp\/v2\/categories?post=9248"},{"taxonomy":"post_tag","embeddable":true,"href":"https:\/\/guialimeira.com.br\/news\/wp-json\/wp\/v2\/tags?post=9248"}],"curies":[{"name":"wp","href":"https:\/\/api.w.org\/{rel}","templated":true}]}}