{"id":9221,"date":"2024-06-27T21:06:01","date_gmt":"2024-06-28T00:06:01","guid":{"rendered":"https:\/\/guialimeira.com.br\/2024\/06\/27\/gabriel-medina-italo-ferreira-e-yago-dora-avancam-em-saquarema\/"},"modified":"2024-06-27T21:06:01","modified_gmt":"2024-06-28T00:06:01","slug":"gabriel-medina-italo-ferreira-e-yago-dora-avancam-em-saquarema","status":"publish","type":"post","link":"https:\/\/guialimeira.com.br\/news\/gabriel-medina-italo-ferreira-e-yago-dora-avancam-em-saquarema\/","title":{"rendered":"Gabriel Medina, Italo Ferreira e Yago Dora avan\u00e7am em Saquarema"},"content":{"rendered":"<p> <br \/>\n<\/p>\n<div>\n<p>Em uma quinta-feira (27) na qual as ondas da Praia de Ita\u00fana, em Saquarema, no Rio de Janeiro, chegaram a at\u00e9 tr\u00eas metros, os brasileiros Gabriel Medina, Italo Ferreira e Yago Dora garantiram a presen\u00e7a nas quartas de final da 8\u00aa etapa do Circuito Mundial de Surfe.<img data-recalc-dims=\"1\" decoding=\"async\" src=\"https:\/\/i0.wp.com\/agenciabrasil.ebc.com.br\/ebc.png?w=696&#038;ssl=1\" style=\"width:1px; height:1px; display:inline;\"\/><img data-recalc-dims=\"1\" decoding=\"async\" src=\"https:\/\/i0.wp.com\/agenciabrasil.ebc.com.br\/ebc.gif?w=696&#038;ssl=1\" style=\"width:1px; height:1px; display:inline;\"\/><\/p>\n<p>O primeiro atleta do Brasil a avan\u00e7ar na competi\u00e7\u00e3o foi o campe\u00e3o ol\u00edmpico Italo Ferreira, que superou o indon\u00e9sio Rio Waida por 17,50 a 11,70 pontos. \u201cEu s\u00f3 queria surfar e aproveitar que tinha algumas rampas para fazer manobras que elevariam um pouco as notas. Esse tipo de mar \u00e9 muito parecido com o que eu surfo l\u00e1 em Ba\u00eda Formosa [praia do Rio Grande do Norte], mar de vento que tem esses picos que te d\u00e1 muita velocidade para voar. Foi o que aconteceu nessa bateria\u201d, declarou o potiguar.<\/p>\n<blockquote class=\"twitter-tweet\">\n<p dir=\"ltr\" lang=\"pt\" xml:lang=\"pt\">\u00cdtalo Ferreira vence a bateria contra Rio Waida. E essa foi a onda absurda que lhe rendeu uma nota 9 <a href=\"https:\/\/twitter.com\/hashtag\/WSLBrasil?src=hash&amp;ref_src=twsrc%5Etfw\" rel=\"noopener\">#WSLBrasil<\/a> <a href=\"https:\/\/t.co\/0Zp8sS8UDr\">pic.twitter.com\/0Zp8sS8UDr<\/a><\/p>\n<p>\u2014 WSL Brasil \ud83c\udde7\ud83c\uddf7 (@WSLBrasil) <a href=\"https:\/\/twitter.com\/WSLBrasil\/status\/1806360788313035194?ref_src=twsrc%5Etfw\" rel=\"noopener\">June 27, 2024<\/a><\/p><\/blockquote>\n<p>Depois foi a vez de Gabriel Medina bater o norte-americano Cole Houshmand por 9,60 a 9,27. E o tricampe\u00e3o mundial deixou claro que ficou feliz com a classifica\u00e7\u00e3o: \u201cAmanh\u00e3 acho que vai dar altas ondas e estou feliz de estar nas quartas de final\u201d. O terceiro e \u00faltimo representante do Brasil a cair na \u00e1gua foi Yago Dora. O paranaense abusou dos a\u00e9reos em uma praia que conhece muito para derrotar o norte-americano Crosby Colapinto por 13,90 a 10,83. \u201cAcho que conhecer o pico ajuda muito nesses dias, porque \u00e9 um mar dif\u00edcil, mas que t\u00eam certos pontinhos que voc\u00ea sabe que tem mais chance de vir uma onda boa. E eu adoro competir no Brasil. Saquarema \u00e9 um lugar especial para mim e me sinto bem demais em competir em casa\u201d, afirmou.<\/p>\n<p>Ap\u00f3s o final das disputas desta quinta, a WSL (Liga Mundial de Surfe) informou que os t\u00edtulos da etapa de Saquarema ser\u00e3o decididos na pr\u00f3xima sexta-feira (28), com a primeira chamada sendo realizada a partir das 7h30 (hor\u00e1rio de Bras\u00edlia).<\/p>\n<p>O Brasil tamb\u00e9m est\u00e1 vivo na disputa feminina, com Tatiana Weston-Webb, que busca uma vaga nas semifinais diante da costarriquenha Brisa Hennessy, e com Luana Silva, que ter\u00e1 pela frente a norte-americana Caitlin Simmers.<\/p>\n<\/p><\/div>\n<p><script async src=\"\/\/platform.twitter.com\/widgets.js\" charset=\"utf-8\"><\/script><br \/>\n<br \/><br \/>\n<br \/><a href=\"https:\/\/agenciabrasil.ebc.com.br\/esportes\/noticia\/2024-06\/gabriel-medina-italo-ferreira-e-yago-dora-avancam-em-saquarema\" rel=\"noopener\">Ag\u00eancia Brasil<\/a><\/p>\n","protected":false},"excerpt":{"rendered":"<p>Em uma quinta-feira (27) na qual as ondas da Praia de Ita\u00fana, em Saquarema, no Rio de Janeiro, chegaram a at\u00e9 tr\u00eas metros, os brasileiros Gabriel Medina, Italo Ferreira e Yago Dora garantiram a presen\u00e7a nas quartas de final da 8\u00aa etapa do Circuito Mundial de Surfe. O primeiro atleta do Brasil a avan\u00e7ar na [&hellip;]<\/p>\n","protected":false},"author":1,"featured_media":9222,"comment_status":"open","ping_status":"open","sticky":false,"template":"","format":"standard","meta":{"_jetpack_newsletter_access":"","_jetpack_dont_email_post_to_subs":false,"_jetpack_newsletter_tier_id":0,"_jetpack_memberships_contains_paywalled_content":false,"_mbp_banners":[],"_jetpack_feature_clip_id":0,"_jetpack_memberships_contains_paid_content":false,"footnotes":"","jetpack_publicize_message":"","jetpack_publicize_feature_enabled":true,"jetpack_social_post_already_shared":true,"jetpack_social_options":{"image_generator_settings":{"template":"highway","default_image_id":0,"font":"","enabled":false},"version":2},"jetpack_post_was_ever_published":false},"categories":[23],"tags":[],"class_list":["post-9221","post","type-post","status-publish","format-standard","has-post-thumbnail","category-esportes"],"jetpack_publicize_connections":[],"jetpack-related-posts":[],"jetpack_shortlink":"https:\/\/wp.me\/p7Eq1F-2oJ","jetpack_sharing_enabled":true,"jetpack_featured_media_url":"https:\/\/i0.wp.com\/guialimeira.com.br\/news\/wp-content\/uploads\/2024\/06\/gabriel_medina_24rio_img_7331_daniel_smorigo.jpg?fit=1600%2C800&ssl=1","_links":{"self":[{"href":"https:\/\/guialimeira.com.br\/news\/wp-json\/wp\/v2\/posts\/9221","targetHints":{"allow":["GET"]}}],"collection":[{"href":"https:\/\/guialimeira.com.br\/news\/wp-json\/wp\/v2\/posts"}],"about":[{"href":"https:\/\/guialimeira.com.br\/news\/wp-json\/wp\/v2\/types\/post"}],"author":[{"embeddable":true,"href":"https:\/\/guialimeira.com.br\/news\/wp-json\/wp\/v2\/users\/1"}],"replies":[{"embeddable":true,"href":"https:\/\/guialimeira.com.br\/news\/wp-json\/wp\/v2\/comments?post=9221"}],"version-history":[{"count":0,"href":"https:\/\/guialimeira.com.br\/news\/wp-json\/wp\/v2\/posts\/9221\/revisions"}],"wp:featuredmedia":[{"embeddable":true,"href":"https:\/\/guialimeira.com.br\/news\/wp-json\/wp\/v2\/media\/9222"}],"wp:attachment":[{"href":"https:\/\/guialimeira.com.br\/news\/wp-json\/wp\/v2\/media?parent=9221"}],"wp:term":[{"taxonomy":"category","embeddable":true,"href":"https:\/\/guialimeira.com.br\/news\/wp-json\/wp\/v2\/categories?post=9221"},{"taxonomy":"post_tag","embeddable":true,"href":"https:\/\/guialimeira.com.br\/news\/wp-json\/wp\/v2\/tags?post=9221"}],"curies":[{"name":"wp","href":"https:\/\/api.w.org\/{rel}","templated":true}]}}