{"id":9206,"date":"2024-06-27T19:04:00","date_gmt":"2024-06-27T22:04:00","guid":{"rendered":"https:\/\/guialimeira.com.br\/2024\/06\/27\/brasil-fecha-copa-do-mundo-de-halterofilismo-paralimpico-com-5-podios\/"},"modified":"2024-06-27T19:04:00","modified_gmt":"2024-06-27T22:04:00","slug":"brasil-fecha-copa-do-mundo-de-halterofilismo-paralimpico-com-5-podios","status":"publish","type":"post","link":"https:\/\/guialimeira.com.br\/news\/brasil-fecha-copa-do-mundo-de-halterofilismo-paralimpico-com-5-podios\/","title":{"rendered":"Brasil fecha Copa do Mundo de halterofilismo paral\u00edmpico com 5 p\u00f3dios"},"content":{"rendered":"<p> <br \/>\n<\/p>\n<div>\n<p>O Brasil encerrou a participa\u00e7\u00e3o na Copa do Mundo de halterofilismo paral\u00edmpico disputada em Tbilisi (Ge\u00f3rgia) com o total de cinco medalhas. No \u00faltimo dia de disputas, na \u00faltima quarta-feira (26), a equipe brasileira feminina (formada por Mariana D\u2019Andrea, Tayana Medeiros e Lara Lima) garantiu um ouro, enquanto a masculina (composta por Bruno Carra, Jo\u00e3o Maria Fran\u00e7a e Mateus Assis) conquistou um bronze.<img data-recalc-dims=\"1\" decoding=\"async\" src=\"https:\/\/i0.wp.com\/agenciabrasil.ebc.com.br\/ebc.png?w=696&#038;ssl=1\" style=\"width:1px; height:1px; display:inline;\"\/><img data-recalc-dims=\"1\" decoding=\"async\" src=\"https:\/\/i0.wp.com\/agenciabrasil.ebc.com.br\/ebc.gif?w=696&#038;ssl=1\" style=\"width:1px; height:1px; display:inline;\"\/><\/p>\n<blockquote class=\"twitter-tweet\">\n<p dir=\"ltr\" lang=\"pt\" xml:lang=\"pt\">Equipe feminina \u00e9 ouro e Brasil encerra Copa do Mundo de halterofilismo com cinco medalhas. \ud83e\udd47\ud83e\udd48\ud83e\udd49<\/p>\n<p>Leia em nosso site: <a href=\"https:\/\/t.co\/Az3KS6GwcV\">https:\/\/t.co\/Az3KS6GwcV<\/a><a href=\"https:\/\/twitter.com\/hashtag\/LoteriasCaixa?src=hash&amp;ref_src=twsrc%5Etfw\" rel=\"noopener\">#LoteriasCaixa<\/a> <a href=\"https:\/\/t.co\/bjJAXcx6Yk\">pic.twitter.com\/bjJAXcx6Yk<\/a><\/p>\n<p>\u2014 Comit\u00ea Paral\u00edmpico Brasileiro (@BraParalimpico) <a href=\"https:\/\/twitter.com\/BraParalimpico\/status\/1806056415477252304?ref_src=twsrc%5Etfw\" rel=\"noopener\">June 26, 2024<\/a><\/p><\/blockquote>\n<p>O time feminino do Brasil conquistou o lugar mais alto do p\u00f3dio ao somar o total de 297,18 pontos na decis\u00e3o, enquanto o Uzbequist\u00e3o (com 235,19 pontos), garantiu a prata. J\u00e1 a equipe masculina derrotou a Tail\u00e2ndia na disputa pelo bronze, garantindo o terceiro lugar, ap\u00f3s ter sido superada por Cuba na etapa anterior.<\/p>\n<p>Al\u00e9m das medalhas obtidas nas disputas por equipes, o Brasil conquistou um ouro com Mariana D\u2019Andrea na categoria at\u00e9 73 quilos, uma prata com Tayana Medeiros na categoria at\u00e9 86 quilos e um bronze com Lara Lima na categoria at\u00e9 41 quilos.<\/p>\n<p>A Copa do Mundo foi o \u00faltimo torneio internacional dos halterofilistas brasileiros antes da pr\u00f3xima edi\u00e7\u00e3o dos Jogos Paral\u00edmpicos, que ser\u00e3o disputados em Paris (Fran\u00e7a) a partir do dia 28 de agosto. Esta tamb\u00e9m foi a \u00faltima oportunidade para os atletas assegurarem sua participa\u00e7\u00e3o no megaevento por meio do ranking espec\u00edfico para a competi\u00e7\u00e3o na capital francesa.<\/p>\n<\/p><\/div>\n<p><script async src=\"\/\/platform.twitter.com\/widgets.js\" charset=\"utf-8\"><\/script><br \/>\n<br \/><br \/>\n<br \/><a href=\"https:\/\/agenciabrasil.ebc.com.br\/esportes\/noticia\/2024-06\/brasil-fecha-copa-do-mundo-de-halterofilismo-paralimpico-com-5-podios\" rel=\"noopener\">Ag\u00eancia Brasil<\/a><\/p>\n","protected":false},"excerpt":{"rendered":"<p>O Brasil encerrou a participa\u00e7\u00e3o na Copa do Mundo de halterofilismo paral\u00edmpico disputada em Tbilisi (Ge\u00f3rgia) com o total de cinco medalhas. No \u00faltimo dia de disputas, na \u00faltima quarta-feira (26), a equipe brasileira feminina (formada por Mariana D\u2019Andrea, Tayana Medeiros e Lara Lima) garantiu um ouro, enquanto a masculina (composta por Bruno Carra, Jo\u00e3o [&hellip;]<\/p>\n","protected":false},"author":1,"featured_media":9207,"comment_status":"open","ping_status":"open","sticky":false,"template":"","format":"standard","meta":{"_jetpack_newsletter_access":"","_jetpack_dont_email_post_to_subs":false,"_jetpack_newsletter_tier_id":0,"_jetpack_memberships_contains_paywalled_content":false,"_mbp_banners":[],"_jetpack_feature_clip_id":0,"_jetpack_memberships_contains_paid_content":false,"footnotes":"","jetpack_publicize_message":"","jetpack_publicize_feature_enabled":true,"jetpack_social_post_already_shared":true,"jetpack_social_options":{"image_generator_settings":{"template":"highway","default_image_id":0,"font":"","enabled":false},"version":2},"jetpack_post_was_ever_published":false},"categories":[23],"tags":[],"class_list":["post-9206","post","type-post","status-publish","format-standard","has-post-thumbnail","category-esportes"],"jetpack_publicize_connections":[],"jetpack-related-posts":[],"jetpack_shortlink":"https:\/\/wp.me\/p7Eq1F-2ou","jetpack_sharing_enabled":true,"jetpack_featured_media_url":"https:\/\/i0.wp.com\/guialimeira.com.br\/news\/wp-content\/uploads\/2024\/06\/51372103310_593054b9ba_o.jpg?fit=1600%2C800&ssl=1","_links":{"self":[{"href":"https:\/\/guialimeira.com.br\/news\/wp-json\/wp\/v2\/posts\/9206","targetHints":{"allow":["GET"]}}],"collection":[{"href":"https:\/\/guialimeira.com.br\/news\/wp-json\/wp\/v2\/posts"}],"about":[{"href":"https:\/\/guialimeira.com.br\/news\/wp-json\/wp\/v2\/types\/post"}],"author":[{"embeddable":true,"href":"https:\/\/guialimeira.com.br\/news\/wp-json\/wp\/v2\/users\/1"}],"replies":[{"embeddable":true,"href":"https:\/\/guialimeira.com.br\/news\/wp-json\/wp\/v2\/comments?post=9206"}],"version-history":[{"count":0,"href":"https:\/\/guialimeira.com.br\/news\/wp-json\/wp\/v2\/posts\/9206\/revisions"}],"wp:featuredmedia":[{"embeddable":true,"href":"https:\/\/guialimeira.com.br\/news\/wp-json\/wp\/v2\/media\/9207"}],"wp:attachment":[{"href":"https:\/\/guialimeira.com.br\/news\/wp-json\/wp\/v2\/media?parent=9206"}],"wp:term":[{"taxonomy":"category","embeddable":true,"href":"https:\/\/guialimeira.com.br\/news\/wp-json\/wp\/v2\/categories?post=9206"},{"taxonomy":"post_tag","embeddable":true,"href":"https:\/\/guialimeira.com.br\/news\/wp-json\/wp\/v2\/tags?post=9206"}],"curies":[{"name":"wp","href":"https:\/\/api.w.org\/{rel}","templated":true}]}}