{"id":9187,"date":"2024-06-27T17:02:00","date_gmt":"2024-06-27T20:02:00","guid":{"rendered":"https:\/\/guialimeira.com.br\/2024\/06\/27\/verstappen-confirma-que-pilotara-pela-red-bull-no-proximo-ano-na-f1\/"},"modified":"2024-06-27T17:02:00","modified_gmt":"2024-06-27T20:02:00","slug":"verstappen-confirma-que-pilotara-pela-red-bull-no-proximo-ano-na-f1","status":"publish","type":"post","link":"https:\/\/guialimeira.com.br\/news\/verstappen-confirma-que-pilotara-pela-red-bull-no-proximo-ano-na-f1\/","title":{"rendered":"Verstappen confirma que pilotar\u00e1 pela Red Bull no pr\u00f3ximo ano na F1"},"content":{"rendered":"<p> <br \/>\n<\/p>\n<div>\n<p>O tricampe\u00e3o mundial Max Verstappen finalmente disse sim quando lhe perguntaram diretamente se ele correria pela Red Bull na pr\u00f3xima temporada, depois que as respostas anteriores n\u00e3o foram um compromisso absoluto.<img data-recalc-dims=\"1\" decoding=\"async\" src=\"https:\/\/i0.wp.com\/agenciabrasil.ebc.com.br\/ebc.png?w=696&#038;ssl=1\" style=\"width:1px; height:1px; display:inline;\"\/><img data-recalc-dims=\"1\" decoding=\"async\" src=\"https:\/\/i0.wp.com\/agenciabrasil.ebc.com.br\/ebc.gif?w=696&#038;ssl=1\" style=\"width:1px; height:1px; display:inline;\"\/><\/p>\n<p>A Mercedes tem feito sondagens ao holand\u00eas de 26 anos, apesar de ele ter um contrato com a Red Bull at\u00e9 o final de 2028 e de seu carro atual ter vencido sete das 10 corridas desta temporada.<\/p>\n<blockquote class=\"instagram-media\" data-instgrm-captioned=\"\" data-instgrm-permalink=\"https:\/\/www.instagram.com\/p\/C8uYdOjIpSg\/?utm_source=ig_embed&amp;utm_campaign=loading\" data-instgrm-version=\"14\" style=\" background:#FFF; border:0; border-radius:3px; box-shadow:0 0 1px 0 rgba(0,0,0,0.5),0 1px 10px 0 rgba(0,0,0,0.15); margin: 1px; max-width:540px; min-width:326px; padding:0; width:99.375%; width:-webkit-calc(100% - 2px); width:calc(100% - 2px);\">\n<\/blockquote>\n<p>Verstappen foi questionado em uma coletiva de imprensa antes do Grande Pr\u00eamio da \u00c1ustria nesta quinta-feira (27) se ele queria acabar com as especula\u00e7\u00f5es confirmando 100% que ficaria na atual campe\u00e3 da F\u00f3rmula 1.<\/p>\n<p>Inicialmente, o l\u00edder do campeonato fez outro desvio.<\/p>\n<blockquote>\n<p>&#8220;Acho que j\u00e1 disse isso antes&#8221;, respondeu ele. &#8220;Quero dizer, \u00e9 claro que as pessoas est\u00e3o falando, mas o mais importante \u00e9 que tenhamos um carro muito competitivo para o futuro.&#8221;\u00a0&#8220;No momento, \u00e9 claro que est\u00e1 muito apertado, mas estamos trabalhando muito bem como equipe para tentar melhorar ainda mais. Com certeza, eu j\u00e1 disse isso \u00e0 equipe, estamos trabalhando e nos concentrando no pr\u00f3ximo ano para tentarmos ser competitivos.&#8221;<\/p>\n<\/blockquote>\n<p>Perguntado se ele poderia decidir sair se o carro de 2025 parecesse n\u00e3o ser o melhor, Verstappen afirmou que n\u00e3o era assim que o esporte funcionava.<\/p>\n<blockquote>\n<p>&#8220;Tenho um longo contrato com a equipe, estou muito feliz onde estou e, como eu disse antes, estamos nos concentrando tamb\u00e9m no pr\u00f3ximo ano com coisas que podemos implementar no carro&#8221;, acrescentou. &#8220;Ent\u00e3o, acho que isso deve dizer o suficiente sobre onde vou pilotar no pr\u00f3ximo ano.&#8221;<\/p>\n<\/blockquote>\n<p>A resposta n\u00e3o satisfez plenamente os rep\u00f3rteres, em um esporte em que as respostas s\u00e3o cuidadosamente redigidas para abranger v\u00e1rias eventualidades, e Verstappen enfrentou uma continua\u00e7\u00e3o pedindo um simples sim ou n\u00e3o.<\/p>\n<blockquote>\n<p>&#8220;Voc\u00eas n\u00e3o entenderam minha resposta antes?&#8221;, respondeu ele.\u00a0&#8220;OK. Sim. E foi isso que eu disse. Tamb\u00e9m j\u00e1 estamos trabalhando no carro do pr\u00f3ximo ano. Acho que quando voc\u00ea est\u00e1 muito concentrado nisso, significa que voc\u00ea tamb\u00e9m est\u00e1 dirigindo para a equipe.&#8221;<\/p>\n<\/blockquote>\n<p><em><strong>* \u00c9 proibida a reprodu\u00e7\u00e3o deste conte\u00fado.\u00a0<\/strong><\/em><\/p>\n<\/p><\/div>\n<p><script async src=\"\/\/www.instagram.com\/embed.js\"><\/script><br \/>\n<br \/><br \/>\n<br \/><a href=\"https:\/\/agenciabrasil.ebc.com.br\/esportes\/noticia\/2024-06\/verstappen-confirma-que-pilotara-pela-red-bull-no-proximo-ano-na-f1\" rel=\"noopener\">Ag\u00eancia Brasil<\/a><\/p>\n","protected":false},"excerpt":{"rendered":"<p>O tricampe\u00e3o mundial Max Verstappen finalmente disse sim quando lhe perguntaram diretamente se ele correria pela Red Bull na pr\u00f3xima temporada, depois que as respostas anteriores n\u00e3o foram um compromisso absoluto. A Mercedes tem feito sondagens ao holand\u00eas de 26 anos, apesar de ele ter um contrato com a Red Bull at\u00e9 o final de [&hellip;]<\/p>\n","protected":false},"author":1,"featured_media":9188,"comment_status":"open","ping_status":"open","sticky":false,"template":"","format":"standard","meta":{"_jetpack_newsletter_access":"","_jetpack_dont_email_post_to_subs":false,"_jetpack_newsletter_tier_id":0,"_jetpack_memberships_contains_paywalled_content":false,"_mbp_banners":[],"_jetpack_feature_clip_id":0,"_jetpack_memberships_contains_paid_content":false,"footnotes":"","jetpack_publicize_message":"","jetpack_publicize_feature_enabled":true,"jetpack_social_post_already_shared":true,"jetpack_social_options":{"image_generator_settings":{"template":"highway","default_image_id":0,"font":"","enabled":false},"version":2},"jetpack_post_was_ever_published":false},"categories":[23],"tags":[],"class_list":["post-9187","post","type-post","status-publish","format-standard","has-post-thumbnail","category-esportes"],"jetpack_publicize_connections":[],"jetpack-related-posts":[],"jetpack_shortlink":"https:\/\/wp.me\/p7Eq1F-2ob","jetpack_sharing_enabled":true,"jetpack_featured_media_url":"https:\/\/i0.wp.com\/guialimeira.com.br\/news\/wp-content\/uploads\/2024\/06\/verstappen_na_red_bull_em_2025.jpg?fit=1600%2C800&ssl=1","_links":{"self":[{"href":"https:\/\/guialimeira.com.br\/news\/wp-json\/wp\/v2\/posts\/9187","targetHints":{"allow":["GET"]}}],"collection":[{"href":"https:\/\/guialimeira.com.br\/news\/wp-json\/wp\/v2\/posts"}],"about":[{"href":"https:\/\/guialimeira.com.br\/news\/wp-json\/wp\/v2\/types\/post"}],"author":[{"embeddable":true,"href":"https:\/\/guialimeira.com.br\/news\/wp-json\/wp\/v2\/users\/1"}],"replies":[{"embeddable":true,"href":"https:\/\/guialimeira.com.br\/news\/wp-json\/wp\/v2\/comments?post=9187"}],"version-history":[{"count":0,"href":"https:\/\/guialimeira.com.br\/news\/wp-json\/wp\/v2\/posts\/9187\/revisions"}],"wp:featuredmedia":[{"embeddable":true,"href":"https:\/\/guialimeira.com.br\/news\/wp-json\/wp\/v2\/media\/9188"}],"wp:attachment":[{"href":"https:\/\/guialimeira.com.br\/news\/wp-json\/wp\/v2\/media?parent=9187"}],"wp:term":[{"taxonomy":"category","embeddable":true,"href":"https:\/\/guialimeira.com.br\/news\/wp-json\/wp\/v2\/categories?post=9187"},{"taxonomy":"post_tag","embeddable":true,"href":"https:\/\/guialimeira.com.br\/news\/wp-json\/wp\/v2\/tags?post=9187"}],"curies":[{"name":"wp","href":"https:\/\/api.w.org\/{rel}","templated":true}]}}