{"id":9184,"date":"2024-06-27T16:11:20","date_gmt":"2024-06-27T19:11:20","guid":{"rendered":"https:\/\/guialimeira.com.br\/2024\/06\/27\/painel-vai-monitorar-poluicao-atmosferica-e-impactos-na-saude-humana\/"},"modified":"2024-06-27T16:11:20","modified_gmt":"2024-06-27T19:11:20","slug":"painel-vai-monitorar-poluicao-atmosferica-e-impactos-na-saude-humana","status":"publish","type":"post","link":"https:\/\/guialimeira.com.br\/news\/painel-vai-monitorar-poluicao-atmosferica-e-impactos-na-saude-humana\/","title":{"rendered":"Painel vai monitorar polui\u00e7\u00e3o atmosf\u00e9rica e impactos na sa\u00fade humana"},"content":{"rendered":"<p> <br \/>\n<\/p>\n<div>\n<p>O Minist\u00e9rio da Sa\u00fade, em parceria com o Minist\u00e9rio do Meio Ambiente, lan\u00e7a nesta quinta-feira (27), em Bras\u00edlia, uma ferramenta para monitorar a polui\u00e7\u00e3o atmosf\u00e9rica e seus impactos na sa\u00fade da popula\u00e7\u00e3o brasileira.<img data-recalc-dims=\"1\" decoding=\"async\" src=\"https:\/\/i0.wp.com\/agenciabrasil.ebc.com.br\/ebc.png?w=696&#038;ssl=1\" style=\"width:1px; height:1px; display:inline;\"\/><img data-recalc-dims=\"1\" decoding=\"async\" src=\"https:\/\/i0.wp.com\/agenciabrasil.ebc.com.br\/ebc.gif?w=696&#038;ssl=1\" style=\"width:1px; height:1px; display:inline;\"\/><\/p>\n<p>O<a href=\"https:\/\/app.powerbi.com\/view?r=eyJrIjoiNmRhODQwNzItNThlOS00ZmQ4LWJjZmItZDYxOTNhOTRmYmFhIiwidCI6IjlhNTU0YWQzLWI1MmItNDg2Mi1hMzZmLTg0ZDg5MWU1YzcwNSJ9\" target=\"_blank\" rel=\"noopener\"> Painel Vigiar<\/a> pretende identificar \u00e1reas com maior exposi\u00e7\u00e3o \u00e0 polui\u00e7\u00e3o, permitindo a formula\u00e7\u00e3o de pol\u00edticas p\u00fablicas e a\u00e7\u00f5es de sa\u00fade ambiental, al\u00e9m de melhorar a qualidade das informa\u00e7\u00f5es e fortalecer a vigil\u00e2ncia em sa\u00fade no pa\u00eds.<\/p>\n<p>A plataforma fornece estimativas de impactos na sa\u00fade humana atribu\u00edveis \u00e0 exposi\u00e7\u00e3o ao chamado material particulado fino (MP2,5) para munic\u00edpios com popula\u00e7\u00e3o adulta acima de 10 mil habitantes, destacando o n\u00famero de mortes que poderiam ser evitadas se as concentra\u00e7\u00f5es de polui\u00e7\u00e3o atmosf\u00e9rica estivessem dentro dos limites recomendados pela Organiza\u00e7\u00e3o Mundial da Sa\u00fade (OMS).<\/p>\n<p>Segundo o Minist\u00e9rio da Sa\u00fade, a ferramenta identifica e prioriza \u00e1reas no Brasil onde atividades econ\u00f4micas ou sociais podem expor mais a popula\u00e7\u00e3o aos poluentes do ar. As situa\u00e7\u00f5es classificadas como cr\u00edticas incluem regi\u00f5es afetadas por queimadas e inc\u00eandios florestais; \u00e1reas urbanas com alta concentra\u00e7\u00e3o de poluentes; \u00e1reas com grande atividade industrial; ambientes internos com polui\u00e7\u00e3o do ar; e impactos das mudan\u00e7as clim\u00e1ticas na qualidade do ar.<\/p>\n<p>\u201cA Vigiar considera aspectos socioambientais essenciais para a sa\u00fade e qualidade de vida. Isso inclui fatores como pobreza, fome, sa\u00fade, educa\u00e7\u00e3o, aquecimento global, igualdade de g\u00eanero, \u00e1gua, saneamento, energia, urbaniza\u00e7\u00e3o, meio ambiente e justi\u00e7a social. Esses fatores s\u00e3o fundamentais para avaliar os impactos da polui\u00e7\u00e3o do ar e promover a sa\u00fade da popula\u00e7\u00e3o\u201d, informou o minist\u00e9rio.<\/p>\n<p>O painel tamb\u00e9m disponibiliza as concentra\u00e7\u00f5es anuais e mensais de material particulado e o percentual de popula\u00e7\u00f5es expostas, dados que podem ser consultados por localidade e grupos populacionais.<\/p>\n<h2>Entenda<\/h2>\n<p>Ainda de acordo com o minist\u00e9rio, o material particulado fino (MP2,5) refere-se a part\u00edculas finas presentes no ar, de natureza s\u00f3lida ou l\u00edquida, originadas de variadas fontes de emiss\u00e3o como ve\u00edculos, ind\u00fastrias, inc\u00eandios florestais e atividades humanas. Devido ao tamanho microsc\u00f3pico, elas podem penetrar no trato respirat\u00f3rio inferior e alcan\u00e7ar alv\u00e9olos pulmonares e corrente sangu\u00ednea, causando doen\u00e7as respirat\u00f3rias, card\u00edacas e mesmo c\u00e2ncer.<\/p>\n<p>Entre os grupos mais sens\u00edveis para esse tipo de exposi\u00e7\u00e3o est\u00e3o crian\u00e7as, idosos, gestantes e popula\u00e7\u00f5es com pr\u00e9-condi\u00e7\u00f5es de sa\u00fade.<\/p>\n<\/p><\/div>\n<p><br \/>\n<br \/><a href=\"https:\/\/agenciabrasil.ebc.com.br\/saude\/noticia\/2024-06\/painel-vai-monitorar-poluicao-atmosferica-e-impactos-na-saude-humana\" rel=\"noopener\">Ag\u00eancia Brasil <\/a><\/p>\n","protected":false},"excerpt":{"rendered":"<p>O Minist\u00e9rio da Sa\u00fade, em parceria com o Minist\u00e9rio do Meio Ambiente, lan\u00e7a nesta quinta-feira (27), em Bras\u00edlia, uma ferramenta para monitorar a polui\u00e7\u00e3o atmosf\u00e9rica e seus impactos na sa\u00fade da popula\u00e7\u00e3o brasileira. O Painel Vigiar pretende identificar \u00e1reas com maior exposi\u00e7\u00e3o \u00e0 polui\u00e7\u00e3o, permitindo a formula\u00e7\u00e3o de pol\u00edticas p\u00fablicas e a\u00e7\u00f5es de sa\u00fade ambiental, [&hellip;]<\/p>\n","protected":false},"author":1,"featured_media":1318,"comment_status":"open","ping_status":"open","sticky":false,"template":"","format":"standard","meta":{"_jetpack_newsletter_access":"","_jetpack_dont_email_post_to_subs":false,"_jetpack_newsletter_tier_id":0,"_jetpack_memberships_contains_paywalled_content":false,"_mbp_banners":[],"_jetpack_feature_clip_id":0,"_jetpack_memberships_contains_paid_content":false,"footnotes":"","jetpack_publicize_message":"","jetpack_publicize_feature_enabled":true,"jetpack_social_post_already_shared":true,"jetpack_social_options":{"image_generator_settings":{"template":"highway","default_image_id":0,"font":"","enabled":false},"version":2},"jetpack_post_was_ever_published":false},"categories":[15],"tags":[],"class_list":["post-9184","post","type-post","status-publish","format-standard","has-post-thumbnail","category-saude"],"jetpack_publicize_connections":[],"jetpack-related-posts":[],"jetpack_shortlink":"https:\/\/wp.me\/p7Eq1F-2o8","jetpack_sharing_enabled":true,"jetpack_featured_media_url":"https:\/\/i0.wp.com\/guialimeira.com.br\/news\/wp-content\/uploads\/2024\/04\/agenciabrasil230812mcsp17.jpg?fit=1600%2C800&ssl=1","_links":{"self":[{"href":"https:\/\/guialimeira.com.br\/news\/wp-json\/wp\/v2\/posts\/9184","targetHints":{"allow":["GET"]}}],"collection":[{"href":"https:\/\/guialimeira.com.br\/news\/wp-json\/wp\/v2\/posts"}],"about":[{"href":"https:\/\/guialimeira.com.br\/news\/wp-json\/wp\/v2\/types\/post"}],"author":[{"embeddable":true,"href":"https:\/\/guialimeira.com.br\/news\/wp-json\/wp\/v2\/users\/1"}],"replies":[{"embeddable":true,"href":"https:\/\/guialimeira.com.br\/news\/wp-json\/wp\/v2\/comments?post=9184"}],"version-history":[{"count":0,"href":"https:\/\/guialimeira.com.br\/news\/wp-json\/wp\/v2\/posts\/9184\/revisions"}],"wp:featuredmedia":[{"embeddable":true,"href":"https:\/\/guialimeira.com.br\/news\/wp-json\/wp\/v2\/media\/1318"}],"wp:attachment":[{"href":"https:\/\/guialimeira.com.br\/news\/wp-json\/wp\/v2\/media?parent=9184"}],"wp:term":[{"taxonomy":"category","embeddable":true,"href":"https:\/\/guialimeira.com.br\/news\/wp-json\/wp\/v2\/categories?post=9184"},{"taxonomy":"post_tag","embeddable":true,"href":"https:\/\/guialimeira.com.br\/news\/wp-json\/wp\/v2\/tags?post=9184"}],"curies":[{"name":"wp","href":"https:\/\/api.w.org\/{rel}","templated":true}]}}