{"id":9181,"date":"2024-06-27T16:02:01","date_gmt":"2024-06-27T19:02:01","guid":{"rendered":"https:\/\/guialimeira.com.br\/2024\/06\/27\/caps-infantojuvenil-passara-por-desinsetizacao-na-sexta-feira\/"},"modified":"2024-06-27T16:02:01","modified_gmt":"2024-06-27T19:02:01","slug":"caps-infantojuvenil-passara-por-desinsetizacao-na-sexta-feira","status":"publish","type":"post","link":"https:\/\/guialimeira.com.br\/news\/caps-infantojuvenil-passara-por-desinsetizacao-na-sexta-feira\/","title":{"rendered":"Caps Infantojuvenil passar\u00e1 por desinsetiza\u00e7\u00e3o na sexta-feira"},"content":{"rendered":"<p> <br \/>\n<br \/><img data-recalc-dims=\"1\" decoding=\"async\" src=\"https:\/\/i0.wp.com\/ecrie.com.br\/sistema\/conteudos\/imagem\/m_137_0_1_03022023192744.jpg?w=696&#038;ssl=1\" \/><\/p>\n<p>A Secretaria de Sa&uacute;de informa que na sexta-feira (28) o Caps Infantojuvenil, que fica no Jd. Montezuma, passar&aacute; por uma desinsetiza&ccedil;&atilde;o. Assim, o espa&ccedil;o n&atilde;o ter&aacute; atendimento. A pasta informa que, em casos de urg&ecirc;ncia, o paciente pode procurar o Hospital Humanit&aacute;ria, seguindo o protocolo do servi&ccedil;o. Os pacientes atendidos pelo espa&ccedil;o j&aacute; foram devidamente avisados sobre a altera&ccedil;&atilde;o. Mais informa&ccedil;&otilde;es podem ser obtidas pelo telefone 3444-3892. O Caps Infantojuvenil fica na Rua Samuel Chequi, 355<\/p>\n<p><br \/>\n<br \/><a href=\"https:\/\/limeira.sp.gov.br\/caps-infantojuvenil-passara-por-desinsetizacao-na-sexta-feira\" rel=\"noopener\">Informa\u00e7\u00f5es da PML <\/a><\/p>\n","protected":false},"excerpt":{"rendered":"<p>A Secretaria de Sa&uacute;de informa que na sexta-feira (28) o Caps Infantojuvenil, que fica no Jd. Montezuma, passar&aacute; por uma desinsetiza&ccedil;&atilde;o. Assim, o espa&ccedil;o n&atilde;o ter&aacute; atendimento. A pasta informa que, em casos de urg&ecirc;ncia, o paciente pode procurar o Hospital Humanit&aacute;ria, seguindo o protocolo do servi&ccedil;o. Os pacientes atendidos pelo espa&ccedil;o j&aacute; foram devidamente [&hellip;]<\/p>\n","protected":false},"author":1,"featured_media":9182,"comment_status":"open","ping_status":"open","sticky":false,"template":"","format":"standard","meta":{"_jetpack_newsletter_access":"","_jetpack_dont_email_post_to_subs":false,"_jetpack_newsletter_tier_id":0,"_jetpack_memberships_contains_paywalled_content":false,"_mbp_banners":[],"_jetpack_feature_clip_id":0,"_jetpack_memberships_contains_paid_content":false,"footnotes":"","jetpack_publicize_message":"","jetpack_publicize_feature_enabled":true,"jetpack_social_post_already_shared":true,"jetpack_social_options":{"image_generator_settings":{"template":"highway","default_image_id":0,"font":"","enabled":false},"version":2},"jetpack_post_was_ever_published":false},"categories":[16],"tags":[],"class_list":["post-9181","post","type-post","status-publish","format-standard","has-post-thumbnail","category-local"],"jetpack_publicize_connections":[],"jetpack-related-posts":[],"jetpack_shortlink":"https:\/\/wp.me\/p7Eq1F-2o5","jetpack_sharing_enabled":true,"jetpack_featured_media_url":"https:\/\/i0.wp.com\/guialimeira.com.br\/news\/wp-content\/uploads\/2024\/06\/m_137_0_1_03022023192744.jpg?fit=849%2C571&ssl=1","_links":{"self":[{"href":"https:\/\/guialimeira.com.br\/news\/wp-json\/wp\/v2\/posts\/9181","targetHints":{"allow":["GET"]}}],"collection":[{"href":"https:\/\/guialimeira.com.br\/news\/wp-json\/wp\/v2\/posts"}],"about":[{"href":"https:\/\/guialimeira.com.br\/news\/wp-json\/wp\/v2\/types\/post"}],"author":[{"embeddable":true,"href":"https:\/\/guialimeira.com.br\/news\/wp-json\/wp\/v2\/users\/1"}],"replies":[{"embeddable":true,"href":"https:\/\/guialimeira.com.br\/news\/wp-json\/wp\/v2\/comments?post=9181"}],"version-history":[{"count":0,"href":"https:\/\/guialimeira.com.br\/news\/wp-json\/wp\/v2\/posts\/9181\/revisions"}],"wp:featuredmedia":[{"embeddable":true,"href":"https:\/\/guialimeira.com.br\/news\/wp-json\/wp\/v2\/media\/9182"}],"wp:attachment":[{"href":"https:\/\/guialimeira.com.br\/news\/wp-json\/wp\/v2\/media?parent=9181"}],"wp:term":[{"taxonomy":"category","embeddable":true,"href":"https:\/\/guialimeira.com.br\/news\/wp-json\/wp\/v2\/categories?post=9181"},{"taxonomy":"post_tag","embeddable":true,"href":"https:\/\/guialimeira.com.br\/news\/wp-json\/wp\/v2\/tags?post=9181"}],"curies":[{"name":"wp","href":"https:\/\/api.w.org\/{rel}","templated":true}]}}