{"id":9172,"date":"2024-06-27T14:00:22","date_gmt":"2024-06-27T17:00:22","guid":{"rendered":"https:\/\/guialimeira.com.br\/2024\/06\/27\/belinha-ometto-recebe-mutirao-de-castracao-gratuita-no-fim-de-semana\/"},"modified":"2024-06-27T14:00:22","modified_gmt":"2024-06-27T17:00:22","slug":"belinha-ometto-recebe-mutirao-de-castracao-gratuita-no-fim-de-semana","status":"publish","type":"post","link":"https:\/\/guialimeira.com.br\/news\/belinha-ometto-recebe-mutirao-de-castracao-gratuita-no-fim-de-semana\/","title":{"rendered":"Belinha Ometto recebe mutir\u00e3o de castra\u00e7\u00e3o gratuita no fim de semana"},"content":{"rendered":"<p> <br \/>\n<br \/><img data-recalc-dims=\"1\" decoding=\"async\" src=\"https:\/\/i0.wp.com\/ecrie.com.br\/sistema\/conteudos\/imagem\/m_137_0_1_25102023171842.jpg?w=696&#038;ssl=1\" \/><\/p>\n<p style=\"text-align: justify\">A Prefeitura de Limeira realiza nos dias 29 e 30 &ndash; s&aacute;bado e domingo &ndash; mais um mutir&atilde;o de castra&ccedil;&atilde;o gratuita de c&atilde;es e gatos. O programa &ldquo;Castra + Limeira&rdquo; ser&aacute; das 8h &agrave;s 15h, no Ceief Governador Mario Covas, no Pq. Res. Belinha Ometto &ndash; Rua Carlos Henrique Teixeira Martins, 570. &Eacute; necess&aacute;rio cadastro pr&eacute;vio e as vagas s&atilde;o limitadas.<\/p>\n<p style=\"text-align: justify\">O cadastro deve ser feito por meio de dois links para o s&aacute;bado, um espec&iacute;fico para gatos (<a href=\"https:\/\/form.jotform.com\/230173482558661\" target=\"_blank\" rel=\"noopener\">form.jotform.com\/230173482558661<\/a>) e outro para c&atilde;es (<a href=\"https:\/\/form.jotform.com\/230173239232044\" target=\"_blank\" rel=\"noopener\">form.jotform.com\/230173239232044<\/a>); e dois links para o domingo, um para gatos (<a href=\"https:\/\/form.jotform.com\/232693053272657\" target=\"_blank\" rel=\"noopener\">form.jotform.com\/232693053272657<\/a>) e outro para c&atilde;es (<a href=\"https:\/\/form.jotform.com\/232693564855671\" target=\"_blank\" rel=\"noopener\">form.jotform.com\/232693564855671<\/a>).<\/p>\n<p style=\"text-align: justify\">No momento da inscri&ccedil;&atilde;o, o interessado preencher&aacute; os dados e escolher&aacute; o hor&aacute;rio dispon&iacute;vel para o procedimento. Depois de conclu&iacute;do, o mun&iacute;cipe receber&aacute; um informativo com os procedimentos pr&eacute; e p&oacute;s-operat&oacute;rios.<\/p>\n<p style=\"text-align: justify\">A Secretaria de Meio Ambiente e Agricultura tamb&eacute;m disponibilizar&aacute; a sexta-feira (28) para cadastro presencial. Nesse caso, basta procurar o Ceief Governador Mario Covas, das 9h30 &agrave;s 14h30, e apresentar RG, CPF e comprovante de endere&ccedil;o. As inscri&ccedil;&otilde;es acontecem at&eacute; o preenchimento das vagas. N&atilde;o &eacute; necess&aacute;rio levar o animal no momento da inscri&ccedil;&atilde;o.<\/p>\n<p style=\"text-align: justify\"><strong>ORIENTA&Ccedil;&Otilde;ES<\/strong><\/p>\n<p style=\"text-align: justify\">Respons&aacute;vel pela pasta, Reinaldo Buck Belussi destaca que a castra&ccedil;&atilde;o &eacute; disponibilizada para animais maiores de seis meses, que devem estar em jejum de 6 a 8 horas antes do hor&aacute;rio agendado. &Eacute; necess&aacute;rio levar os c&atilde;es com coleira e guia e os gatos devem estar em caixas de transporte. &ldquo;O animal receber&aacute; anestesia para a cirurgia. Por isso, &eacute; importante que ele esteja em bom estado de sa&uacute;de para um procedimento mais seguro&rdquo;, ressalta.<\/p>\n<p><br \/>\n<br \/><a href=\"https:\/\/limeira.sp.gov.br\/belinha-ometto-recebe-mutirao-de-castracao-gratuita-no-fim-de-semana\" rel=\"noopener\">Informa\u00e7\u00f5es da PML <\/a><\/p>\n","protected":false},"excerpt":{"rendered":"<p>A Prefeitura de Limeira realiza nos dias 29 e 30 &ndash; s&aacute;bado e domingo &ndash; mais um mutir&atilde;o de castra&ccedil;&atilde;o gratuita de c&atilde;es e gatos. O programa &ldquo;Castra + Limeira&rdquo; ser&aacute; das 8h &agrave;s 15h, no Ceief Governador Mario Covas, no Pq. Res. Belinha Ometto &ndash; Rua Carlos Henrique Teixeira Martins, 570. &Eacute; necess&aacute;rio cadastro [&hellip;]<\/p>\n","protected":false},"author":1,"featured_media":9173,"comment_status":"open","ping_status":"open","sticky":false,"template":"","format":"standard","meta":{"_jetpack_newsletter_access":"","_jetpack_dont_email_post_to_subs":false,"_jetpack_newsletter_tier_id":0,"_jetpack_memberships_contains_paywalled_content":false,"_mbp_banners":[],"_jetpack_feature_clip_id":0,"_jetpack_memberships_contains_paid_content":false,"footnotes":"","jetpack_publicize_message":"","jetpack_publicize_feature_enabled":true,"jetpack_social_post_already_shared":true,"jetpack_social_options":{"image_generator_settings":{"template":"highway","default_image_id":0,"font":"","enabled":false},"version":2},"jetpack_post_was_ever_published":false},"categories":[16],"tags":[],"class_list":["post-9172","post","type-post","status-publish","format-standard","has-post-thumbnail","category-local"],"jetpack_publicize_connections":[],"jetpack-related-posts":[],"jetpack_shortlink":"https:\/\/wp.me\/p7Eq1F-2nW","jetpack_sharing_enabled":true,"jetpack_featured_media_url":"https:\/\/i0.wp.com\/guialimeira.com.br\/news\/wp-content\/uploads\/2024\/06\/m_137_0_1_25102023171842.jpg?fit=1250%2C852&ssl=1","_links":{"self":[{"href":"https:\/\/guialimeira.com.br\/news\/wp-json\/wp\/v2\/posts\/9172","targetHints":{"allow":["GET"]}}],"collection":[{"href":"https:\/\/guialimeira.com.br\/news\/wp-json\/wp\/v2\/posts"}],"about":[{"href":"https:\/\/guialimeira.com.br\/news\/wp-json\/wp\/v2\/types\/post"}],"author":[{"embeddable":true,"href":"https:\/\/guialimeira.com.br\/news\/wp-json\/wp\/v2\/users\/1"}],"replies":[{"embeddable":true,"href":"https:\/\/guialimeira.com.br\/news\/wp-json\/wp\/v2\/comments?post=9172"}],"version-history":[{"count":0,"href":"https:\/\/guialimeira.com.br\/news\/wp-json\/wp\/v2\/posts\/9172\/revisions"}],"wp:featuredmedia":[{"embeddable":true,"href":"https:\/\/guialimeira.com.br\/news\/wp-json\/wp\/v2\/media\/9173"}],"wp:attachment":[{"href":"https:\/\/guialimeira.com.br\/news\/wp-json\/wp\/v2\/media?parent=9172"}],"wp:term":[{"taxonomy":"category","embeddable":true,"href":"https:\/\/guialimeira.com.br\/news\/wp-json\/wp\/v2\/categories?post=9172"},{"taxonomy":"post_tag","embeddable":true,"href":"https:\/\/guialimeira.com.br\/news\/wp-json\/wp\/v2\/tags?post=9172"}],"curies":[{"name":"wp","href":"https:\/\/api.w.org\/{rel}","templated":true}]}}