{"id":9157,"date":"2024-06-27T11:57:13","date_gmt":"2024-06-27T14:57:13","guid":{"rendered":"https:\/\/guialimeira.com.br\/2024\/06\/27\/natasha-ferreira-e-ketleyn-quadros-representarao-o-brasil-em-paris\/"},"modified":"2024-06-27T11:57:13","modified_gmt":"2024-06-27T14:57:13","slug":"natasha-ferreira-e-ketleyn-quadros-representarao-o-brasil-em-paris","status":"publish","type":"post","link":"https:\/\/guialimeira.com.br\/news\/natasha-ferreira-e-ketleyn-quadros-representarao-o-brasil-em-paris\/","title":{"rendered":"Natasha Ferreira e Ketleyn Quadros representar\u00e3o o Brasil em Paris"},"content":{"rendered":"<p> <br \/>\n<\/p>\n<div>\n<p>As judocas Natasha Ferreira e Ketleyn Quadros representar\u00e3o o Brasil na pr\u00f3xima edi\u00e7\u00e3o dos Jogos Ol\u00edmpicos, que ser\u00e3o disputados em Paris (Fran\u00e7a). As vagas das brasileiras foram confirmadas na \u00faltima segunda-feira (24) pela Federa\u00e7\u00e3o Internacional de Jud\u00f4 (IJF), ap\u00f3s um processo de realoca\u00e7\u00e3o de cotas.<img data-recalc-dims=\"1\" decoding=\"async\" src=\"https:\/\/i0.wp.com\/agenciabrasil.ebc.com.br\/ebc.png?w=696&#038;ssl=1\" style=\"width:1px; height:1px; display:inline;\"\/><img data-recalc-dims=\"1\" decoding=\"async\" src=\"https:\/\/i0.wp.com\/agenciabrasil.ebc.com.br\/ebc.gif?w=696&#038;ssl=1\" style=\"width:1px; height:1px; display:inline;\"\/><\/p>\n<blockquote class=\"twitter-tweet\">\n<p dir=\"ltr\" lang=\"pt\" xml:lang=\"pt\">O jud\u00f4 brasileiro est\u00e1 completo para <a href=\"https:\/\/twitter.com\/hashtag\/Paris2024?src=hash&amp;ref_src=twsrc%5Etfw\" rel=\"noopener\">#Paris2024<\/a>! \ud83e\udd4b\ud83c\uddeb\ud83c\uddf7<\/p>\n<p>A Federa\u00e7\u00e3o Internacional de Jud\u00f4 confirmou nesta segunda-feira, 24, as classifica\u00e7\u00f5es de Ketleyn Quadros e Natasha Ferreira para os Jogos Ol\u00edmpicos! \ud83e\udd29<a href=\"https:\/\/twitter.com\/hashtag\/TimeBrasil?src=hash&amp;ref_src=twsrc%5Etfw\" rel=\"noopener\">#TimeBrasil<\/a> <a href=\"https:\/\/t.co\/Hs3IX6Y2DV\">pic.twitter.com\/Hs3IX6Y2DV<\/a><\/p>\n<p>\u2014 Time Brasil (@timebrasil) <a href=\"https:\/\/twitter.com\/timebrasil\/status\/1805380941424087301?ref_src=twsrc%5Etfw\" rel=\"noopener\">June 24, 2024<\/a><\/p><\/blockquote>\n<p>Ketleyn Quadros se garantiu na categoria at\u00e9 63 quilos pelo crit\u00e9rio de cota continental (Pan-Am\u00e9rica). A brasiliense de 36 anos tem como \u00e1pice na carreira uma medalha de bronze alcan\u00e7ada nos Jogos Ol\u00edmpicos de 2008 (Pequim), na categoria at\u00e9 57 quilos.<\/p>\n<p>J\u00e1 a paranaense Natasha Ferreira alcan\u00e7ou a classifica\u00e7\u00e3o na categoria at\u00e9 48 quilos. Esta ser\u00e1 a primeira oportunidade na qual a atleta de 25 anos participar\u00e1 de uma edi\u00e7\u00e3o de Jogos Ol\u00edmpicos. A vaga dela \u00e9 fruto de uma cota continental realocada (n\u00e3o utilizada por outro continente).<\/p>\n<\/p><\/div>\n<p><script async src=\"\/\/platform.twitter.com\/widgets.js\" charset=\"utf-8\"><\/script><br \/>\n<br \/><br \/>\n<br \/><a href=\"https:\/\/agenciabrasil.ebc.com.br\/esportes\/noticia\/2024-06\/natasha-ferreira-e-ketleyn-quadros-representarao-o-brasil-em-paris\" rel=\"noopener\">Ag\u00eancia Brasil<\/a><\/p>\n","protected":false},"excerpt":{"rendered":"<p>As judocas Natasha Ferreira e Ketleyn Quadros representar\u00e3o o Brasil na pr\u00f3xima edi\u00e7\u00e3o dos Jogos Ol\u00edmpicos, que ser\u00e3o disputados em Paris (Fran\u00e7a). As vagas das brasileiras foram confirmadas na \u00faltima segunda-feira (24) pela Federa\u00e7\u00e3o Internacional de Jud\u00f4 (IJF), ap\u00f3s um processo de realoca\u00e7\u00e3o de cotas. O jud\u00f4 brasileiro est\u00e1 completo para #Paris2024! \ud83e\udd4b\ud83c\uddeb\ud83c\uddf7 A Federa\u00e7\u00e3o [&hellip;]<\/p>\n","protected":false},"author":1,"featured_media":9158,"comment_status":"open","ping_status":"open","sticky":false,"template":"","format":"standard","meta":{"_jetpack_newsletter_access":"","_jetpack_dont_email_post_to_subs":false,"_jetpack_newsletter_tier_id":0,"_jetpack_memberships_contains_paywalled_content":false,"_mbp_banners":[],"_jetpack_feature_clip_id":0,"_jetpack_memberships_contains_paid_content":false,"footnotes":"","jetpack_publicize_message":"","jetpack_publicize_feature_enabled":true,"jetpack_social_post_already_shared":true,"jetpack_social_options":{"image_generator_settings":{"template":"highway","default_image_id":0,"font":"","enabled":false},"version":2},"jetpack_post_was_ever_published":false},"categories":[23],"tags":[],"class_list":["post-9157","post","type-post","status-publish","format-standard","has-post-thumbnail","category-esportes"],"jetpack_publicize_connections":[],"jetpack-related-posts":[],"jetpack_shortlink":"https:\/\/wp.me\/p7Eq1F-2nH","jetpack_sharing_enabled":true,"jetpack_featured_media_url":"https:\/\/i0.wp.com\/guialimeira.com.br\/news\/wp-content\/uploads\/2024\/06\/final63bra-isr1-1680368844-1680368844.jpg?fit=1600%2C800&ssl=1","_links":{"self":[{"href":"https:\/\/guialimeira.com.br\/news\/wp-json\/wp\/v2\/posts\/9157","targetHints":{"allow":["GET"]}}],"collection":[{"href":"https:\/\/guialimeira.com.br\/news\/wp-json\/wp\/v2\/posts"}],"about":[{"href":"https:\/\/guialimeira.com.br\/news\/wp-json\/wp\/v2\/types\/post"}],"author":[{"embeddable":true,"href":"https:\/\/guialimeira.com.br\/news\/wp-json\/wp\/v2\/users\/1"}],"replies":[{"embeddable":true,"href":"https:\/\/guialimeira.com.br\/news\/wp-json\/wp\/v2\/comments?post=9157"}],"version-history":[{"count":0,"href":"https:\/\/guialimeira.com.br\/news\/wp-json\/wp\/v2\/posts\/9157\/revisions"}],"wp:featuredmedia":[{"embeddable":true,"href":"https:\/\/guialimeira.com.br\/news\/wp-json\/wp\/v2\/media\/9158"}],"wp:attachment":[{"href":"https:\/\/guialimeira.com.br\/news\/wp-json\/wp\/v2\/media?parent=9157"}],"wp:term":[{"taxonomy":"category","embeddable":true,"href":"https:\/\/guialimeira.com.br\/news\/wp-json\/wp\/v2\/categories?post=9157"},{"taxonomy":"post_tag","embeddable":true,"href":"https:\/\/guialimeira.com.br\/news\/wp-json\/wp\/v2\/tags?post=9157"}],"curies":[{"name":"wp","href":"https:\/\/api.w.org\/{rel}","templated":true}]}}