{"id":9146,"date":"2024-06-27T10:08:08","date_gmt":"2024-06-27T13:08:08","guid":{"rendered":"https:\/\/guialimeira.com.br\/2024\/06\/27\/deficit-primario-sobe-para-r-61-bi-com-13o-para-aposentados\/"},"modified":"2024-06-27T10:08:08","modified_gmt":"2024-06-27T13:08:08","slug":"deficit-primario-sobe-para-r-61-bi-com-13o-para-aposentados","status":"publish","type":"post","link":"https:\/\/guialimeira.com.br\/news\/deficit-primario-sobe-para-r-61-bi-com-13o-para-aposentados\/","title":{"rendered":"D\u00e9ficit prim\u00e1rio sobe para R$ 61 bi com 13\u00ba para aposentados"},"content":{"rendered":"<p> <br \/>\n<\/p>\n<div>\n<p>\u00a0<\/p>\n<p>Pressionadas pela antecipa\u00e7\u00e3o do d\u00e9cimo terceiro a aposentados e pensionistas, as contas do Governo Central (Tesouro Nacional, Previd\u00eancia Social e Banco Central) fechou maio com d\u00e9ficit prim\u00e1rio de R$ 61 bilh\u00f5es. O valor representa aumento real (acima da infla\u00e7\u00e3o) de 30,4% em rela\u00e7\u00e3o ao mesmo m\u00eas do ano passado.<img data-recalc-dims=\"1\" decoding=\"async\" src=\"https:\/\/i0.wp.com\/agenciabrasil.ebc.com.br\/ebc.png?w=696&#038;ssl=1\" style=\"width:1px; height:1px; display:inline;\"\/><img data-recalc-dims=\"1\" decoding=\"async\" src=\"https:\/\/i0.wp.com\/agenciabrasil.ebc.com.br\/ebc.gif?w=696&#038;ssl=1\" style=\"width:1px; height:1px; display:inline;\"\/><\/p>\n<p>Este \u00e9 o segundo pior d\u00e9ficit para meses de maio desde 2020, no in\u00edcio da pandemia de covid-19. Na ocasi\u00e3o, o resultado negativo tinha ficado em R$ 126,635 bilh\u00f5es. O resultado veio pior do que o esperado pelas institui\u00e7\u00f5es financeiras.<\/p>\n<p>Segundo a pesquisa Prisma Fiscal, divulgada todos os meses pelo Minist\u00e9rio da Economia, os analistas de mercado esperavam resultado negativo de R$ 38,5 bilh\u00f5es em maio.<\/p>\n<p>Nos cinco primeiros meses do ano, o Governo Central registra d\u00e9ficit prim\u00e1rio de R$ 30 bilh\u00f5es. No mesmo per\u00edodo do ano passado, havia super\u00e1vit prim\u00e1rio de R$ 1,834 bilh\u00e3o.<\/p>\n<p>O resultado prim\u00e1rio representa a diferen\u00e7a entre as receitas e os gastos, desconsiderando o pagamento dos juros da d\u00edvida p\u00fablica. A Lei de Diretrizes Or\u00e7ament\u00e1rias (LDO) deste ano e o novo arcabou\u00e7o fiscal estabelecem meta de d\u00e9ficit prim\u00e1rio zero, com margem de toler\u00e2ncia de 0,25 ponto percentual do Produto Interno Bruto (PIB) para cima ou para baixo, para o Governo Central.<\/p>\n<p>No fim de maio, o<a href=\"https:\/\/agenciabrasil.ebc.com.br\/economia\/noticia\/2024-05\/governo-libera-r-29-bilhoes-bloqueados-do-orcamento\" target=\"_blank\" rel=\"noopener\"> Relat\u00f3rio de Avalia\u00e7\u00e3o de Receitas e Despesas<\/a> projetou d\u00e9ficit prim\u00e1rio de R$ 14,5 bilh\u00f5es para o Governo Central, o equivalente a um resultado negativo de 0,1% do PIB. Com a arrecada\u00e7\u00e3o recorde do in\u00edcio do ano, o governo desbloqueou R$ 2,9 bilh\u00f5es e manteve a estimativa de arrecadar R$ 168 bilh\u00f5es em receitas extras em 2024 para cumprir a meta fiscal.<\/p>\n<h2>Receitas<\/h2>\n<p>Na compara\u00e7\u00e3o com maio do ano passado, as receitas subiram, mas as despesas aumentaram em volume maior por causa da antecipa\u00e7\u00e3o do d\u00e9cimo terceiro do Instituto Nacional de Seguro Social (INSS) e de gastos com o Bolsa Fam\u00edlia. No \u00faltimo m\u00eas, as receitas l\u00edquidas subiram 13,2% em valores nominais. Descontada a infla\u00e7\u00e3o pelo \u00cdndice Nacional de Pre\u00e7os ao Consumidor Amplo (IPCA), a alta chega a 9%. No mesmo per\u00edodo, as despesas totais subiram 18,5% em valores nominais e 14% ap\u00f3s descontar a infla\u00e7\u00e3o.<\/p>\n<p>O <a href=\"https:\/\/agenciabrasil.ebc.com.br\/economia\/noticia\/2024-06\/arrecadacao-federal-cresce-1046-e-chega-r-20298-bilhoes-em-maio\" target=\"_blank\" rel=\"noopener\">d\u00e9ficit prim\u00e1rio ocorreu apesar da arrecada\u00e7\u00e3o federal recorde em maio<\/a>. Se considerar apenas as receitas administradas (relativas ao pagamento de tributos), houve alta de 14,3% em maio na compara\u00e7\u00e3o com o mesmo m\u00eas do ano passado, j\u00e1 descontada a infla\u00e7\u00e3o.<\/p>\n<p>Os principais destaques foram o aumento da Contribui\u00e7\u00e3o para o Financiamento da Seguridade Social (Cofins), decorrente da recomposi\u00e7\u00e3o de tributos sobre os combust\u00edveis e da recupera\u00e7\u00e3o da economia, e o aumento na arrecada\u00e7\u00e3o do Imposto de Renda Retido na Fonte, por causa da tributa\u00e7\u00e3o sobre os fundos exclusivos, que entrou em vigor no fim do ano passado.<\/p>\n<p>As receitas n\u00e3o administradas pela Receita Federal subiram 2,7% acima da infla\u00e7\u00e3o na mesma compara\u00e7\u00e3o. As maiores altas foram provocadas em concess\u00f5es e permiss\u00f5es, no total de R$ 764 milh\u00f5es de aumento e demais receitas, com alta de R$ 672,5 milh\u00f5es. Essas altas compensaram a queda de R$ 205,2 milh\u00f5es nos royalties, decorrente da queda do petr\u00f3leo no mercado internacional.<\/p>\n<h2>Despesas<\/h2>\n<p>Quanto aos gastos, o principal fator de alta foram os gastos com a Previd\u00eancia Social, que subiram R$ 24,2 bilh\u00f5es acima da infla\u00e7\u00e3o, principalmente devido \u00e0 diferen\u00e7a nos calend\u00e1rios de pagamentos do d\u00e9cimo terceiro da Previd\u00eancia Social, al\u00e9m do aumento do n\u00famero de benefici\u00e1rios e da pol\u00edtica de valoriza\u00e7\u00e3o do sal\u00e1rio-m\u00ednimo.<\/p>\n<p>Turbinados pelo novo Bolsa Fam\u00edlia, os gastos com despesas obrigat\u00f3rias com controle de fluxo (que engloba os programas sociais) subiram R$ 3,543 bilh\u00f5es acima da infla\u00e7\u00e3o em maio na compara\u00e7\u00e3o com o mesmo m\u00eas do ano passado.<\/p>\n<p>Tamb\u00e9m subiram gastos com cr\u00e9ditos extraordin\u00e1rios para o Rio Grande do Sul (+R$ 6,38 bilh\u00f5es) e gastos discricion\u00e1rios (n\u00e3o obrigat\u00f3rios), com alta de R$ 8,1 bilh\u00f5es, dos quais R$ 4,2 bilh\u00f5es para a sa\u00fade.<\/p>\n<p>Os gastos com o funcionalismo federal subiram R$ 2,5 bilh\u00f5es (+1,7%), descontada a infla\u00e7\u00e3o nos cinco primeiros meses do ano em rela\u00e7\u00e3o ao mesmo per\u00edodo do ano passado. A alta foi compensada pela quita\u00e7\u00e3o de precat\u00f3rios no in\u00edcio do ano, o que diminuiu em 63,5%, descontada a infla\u00e7\u00e3o, o pagamento de senten\u00e7as judiciais.<\/p>\n<p>Quanto aos investimentos (obras p\u00fablicas e compra de equipamentos), o total nos cinco primeiros meses do ano foi de R$ 24,532 bilh\u00f5es. O valor representa alta de 33,6% acima do IPCA em rela\u00e7\u00e3o ao mesmo per\u00edodo de 2023. Nos \u00faltimos meses, essa despesa tem alternado momentos de crescimento e de queda descontada a infla\u00e7\u00e3o. O Tesouro atribui a volatilidade ao ritmo vari\u00e1vel no fluxo de obras p\u00fablicas.<\/p>\n<\/p><\/div>\n<p><br \/>\n<br \/><a href=\"https:\/\/agenciabrasil.ebc.com.br\/economia\/noticia\/2024-06\/deficit-primario-sobe-para-r-61-bi-com-13o-para-aposentados\" rel=\"noopener\">Ag\u00eancia Brasil<\/a><\/p>\n","protected":false},"excerpt":{"rendered":"<p>\u00a0 Pressionadas pela antecipa\u00e7\u00e3o do d\u00e9cimo terceiro a aposentados e pensionistas, as contas do Governo Central (Tesouro Nacional, Previd\u00eancia Social e Banco Central) fechou maio com d\u00e9ficit prim\u00e1rio de R$ 61 bilh\u00f5es. O valor representa aumento real (acima da infla\u00e7\u00e3o) de 30,4% em rela\u00e7\u00e3o ao mesmo m\u00eas do ano passado. Este \u00e9 o segundo pior [&hellip;]<\/p>\n","protected":false},"author":1,"featured_media":9147,"comment_status":"open","ping_status":"open","sticky":false,"template":"","format":"standard","meta":{"_jetpack_newsletter_access":"","_jetpack_dont_email_post_to_subs":false,"_jetpack_newsletter_tier_id":0,"_jetpack_memberships_contains_paywalled_content":false,"_mbp_banners":[],"_jetpack_feature_clip_id":0,"_jetpack_memberships_contains_paid_content":false,"footnotes":"","jetpack_publicize_message":"","jetpack_publicize_feature_enabled":true,"jetpack_social_post_already_shared":true,"jetpack_social_options":{"image_generator_settings":{"template":"highway","default_image_id":0,"font":"","enabled":false},"version":2},"jetpack_post_was_ever_published":false},"categories":[24],"tags":[],"class_list":["post-9146","post","type-post","status-publish","format-standard","has-post-thumbnail","category-economia"],"jetpack_publicize_connections":[],"jetpack-related-posts":[],"jetpack_shortlink":"https:\/\/wp.me\/p7Eq1F-2nw","jetpack_sharing_enabled":true,"jetpack_featured_media_url":"https:\/\/i0.wp.com\/guialimeira.com.br\/news\/wp-content\/uploads\/2024\/06\/ja_1105.jpg?fit=1600%2C800&ssl=1","_links":{"self":[{"href":"https:\/\/guialimeira.com.br\/news\/wp-json\/wp\/v2\/posts\/9146","targetHints":{"allow":["GET"]}}],"collection":[{"href":"https:\/\/guialimeira.com.br\/news\/wp-json\/wp\/v2\/posts"}],"about":[{"href":"https:\/\/guialimeira.com.br\/news\/wp-json\/wp\/v2\/types\/post"}],"author":[{"embeddable":true,"href":"https:\/\/guialimeira.com.br\/news\/wp-json\/wp\/v2\/users\/1"}],"replies":[{"embeddable":true,"href":"https:\/\/guialimeira.com.br\/news\/wp-json\/wp\/v2\/comments?post=9146"}],"version-history":[{"count":0,"href":"https:\/\/guialimeira.com.br\/news\/wp-json\/wp\/v2\/posts\/9146\/revisions"}],"wp:featuredmedia":[{"embeddable":true,"href":"https:\/\/guialimeira.com.br\/news\/wp-json\/wp\/v2\/media\/9147"}],"wp:attachment":[{"href":"https:\/\/guialimeira.com.br\/news\/wp-json\/wp\/v2\/media?parent=9146"}],"wp:term":[{"taxonomy":"category","embeddable":true,"href":"https:\/\/guialimeira.com.br\/news\/wp-json\/wp\/v2\/categories?post=9146"},{"taxonomy":"post_tag","embeddable":true,"href":"https:\/\/guialimeira.com.br\/news\/wp-json\/wp\/v2\/tags?post=9146"}],"curies":[{"name":"wp","href":"https:\/\/api.w.org\/{rel}","templated":true}]}}