{"id":9138,"date":"2024-06-27T09:56:11","date_gmt":"2024-06-27T12:56:11","guid":{"rendered":"https:\/\/guialimeira.com.br\/2024\/06\/27\/oficinas-culturais-abrangem-arte-musica-danca-e-mais-inscricoes-comecam-na-segunda\/"},"modified":"2024-06-27T09:56:11","modified_gmt":"2024-06-27T12:56:11","slug":"oficinas-culturais-abrangem-arte-musica-danca-e-mais-inscricoes-comecam-na-segunda","status":"publish","type":"post","link":"https:\/\/guialimeira.com.br\/news\/oficinas-culturais-abrangem-arte-musica-danca-e-mais-inscricoes-comecam-na-segunda\/","title":{"rendered":"Oficinas Culturais abrangem arte, m\u00fasica, dan\u00e7a e mais; inscri\u00e7\u00f5es come\u00e7am na segunda"},"content":{"rendered":"<p> <br \/>\n<br \/><img data-recalc-dims=\"1\" decoding=\"async\" src=\"https:\/\/i0.wp.com\/ecrie.com.br\/sistema\/conteudos\/imagem\/m_137_0_1_26062024110950.jpeg?w=696&#038;ssl=1\" \/><\/p>\n<p style=\"text-align: justify\"><span style=\"font-weight: 400\">Na pr&oacute;xima segunda-feira (1&ordm;), ser&atilde;o abertas as inscri&ccedil;&otilde;es para as Oficinas Culturais, que acontecem na Escola Municipal de Cultura e Artes &ldquo;Maestro M&aacute;rio Tintori&rdquo; (Emcea).&nbsp; S&atilde;o oferecidas vagas nas modalidades de moda, artesanato, dan&ccedil;a, fotografia, literatura, maquiagem, arte e m&uacute;sica. A a&ccedil;&atilde;o &eacute; promovida pela Prefeitura de Limeira, por meio da Secretaria de Cultura.<\/span><\/p>\n<p style=\"text-align: justify\"><span style=\"font-weight: 400\">Os interessados devem se inscrever pessoalmente na Emcea (Rua Boa Morte, 471 &#8211; Centro), de segunda a sexta, das 9h &agrave;s 12h e das 13h &agrave;s 17h30. Pessoas com menos de 18 anos devem estar acompanhadas pelo respons&aacute;vel. As vagas s&atilde;o garantidas por ordem de chegada e finalizam conforme o preenchimento da turma. Mais informa&ccedil;&otilde;es podem ser obtidas pelo telefone: 3441-5493.<\/span><\/p>\n<p style=\"text-align: justify\"><span style=\"font-weight: 400\">Confira os detalhes das oficinas culturais:<\/span><\/p>\n<p style=\"text-align: justify\">&nbsp;<\/p>\n<p style=\"text-align: center\"><strong>O F I C I N A S &nbsp; C U L T U R A I S&nbsp; .&nbsp; 2024<\/strong><\/p>\n<p style=\"text-align: justify\">&nbsp;<\/p>\n<p style=\"text-align: justify\"><strong>PROGRAMA&Ccedil;&Atilde;O DE F&Eacute;RIAS<\/strong><\/p>\n<p style=\"text-align: justify\">&nbsp;<\/p>\n<p style=\"text-align: justify\"><span style=\"font-weight: 400\">Inscri&ccedil;&otilde;es: &#8230;&#8230;&#8230;&#8230;&#8230;&#8230;&#8230;&#8230;&#8230;<\/span> <strong>A partir de 1 de julho<\/strong><\/p>\n<p style=\"text-align: justify\"><span style=\"font-weight: 400\">Hor&aacute;rio: &#8230;&#8230;&#8230;&#8230;&#8230;&#8230;&#8230;&#8230;&#8230;&#8230;..<\/span> <strong>Segunda a sexta-feira &#8211; 9h &agrave;s 12h e das 13h &aacute;s 17h30<\/strong><\/p>\n<p style=\"text-align: justify\">&nbsp;<\/p>\n<p style=\"text-align: justify\"><strong>MODA&nbsp;<\/strong><\/p>\n<p style=\"text-align: justify\"><strong>OFICINA DE MODA: VITRINE: DO ENCANTAMENTO AO LUXO &#8211; 30 vagas (15 por turma)<\/strong><\/p>\n<p style=\"text-align: justify\"><span style=\"font-weight: 400\">Coordena&ccedil;&atilde;o: Mylena Arruda<\/span><\/p>\n<p style=\"text-align: justify\"><span style=\"font-weight: 400\">Turma 1&nbsp;<\/span><\/p>\n<p style=\"text-align: justify\"><span style=\"font-weight: 400\">Per&iacute;odo: 15 a 31\/07 &#8211; segundas e quartas-feiras &#8211; 18h30 &agrave;s 21h00<\/span><\/p>\n<p style=\"text-align: justify\"><span style=\"font-weight: 400\">Turma 2<\/span><\/p>\n<p style=\"text-align: justify\"><span style=\"font-weight: 400\">Per&iacute;odo: 16\/07 a 01\/08 &#8211; ter&ccedil;as e quintas-feiras &#8211; 18h30 &agrave;s 21h00<\/span><\/p>\n<p style=\"text-align: justify\"><span style=\"font-weight: 400\">P&uacute;blico-Alvo: Interessados a partir de 16 anos<\/span><\/p>\n<p style=\"text-align: justify\"><span style=\"font-weight: 400\">A oficina desenvolve habilidades para criar uma vitrine personalizada e cheia de identidade. A vitrine &eacute; o primeiro contato com a loja, se voc&ecirc; quer que o seu cliente se conecte e se identifique com os seus os seus produtos, ferramentas do Visual Merchandising s&atilde;o essenciais para come&ccedil;ar a estrategizar a comunica&ccedil;&atilde;o visual desse espa&ccedil;o. Esta atividade tem a finalidade de desenvolver o profissional para atua&ccedil;&atilde;o aut&ocirc;noma e empreendedora nas diversas realidades comerciais da atualidade.<\/span><\/p>\n<p style=\"text-align: justify\"><span style=\"font-weight: 400\">Mylena Arruda &eacute; Jornalista, Consultora de Imagem, Analista de Colora&ccedil;&atilde;o Pessoal e Docente de Moda em cursos livres e de n&iacute;vel t&eacute;cnico no SENAC. Especialista em Design de Produtos de Moda pelo SENAI CETIQT, com experi&ecirc;ncia editorial em mercado de luxo, hoje atua com a educa&ccedil;&atilde;o e comunica&ccedil;&atilde;o da imagem, promovendo autoconhecimento, empoderamento e liberdade na composi&ccedil;&atilde;o da identidade visual.<\/span><\/p>\n<p>&nbsp;<\/p>\n<p style=\"text-align: center\"><strong>O F I C I N A S &nbsp; C U L T U R A I S&nbsp; .&nbsp; 2024<\/strong><\/p>\n<p style=\"text-align: justify\">&nbsp;<\/p>\n<p style=\"text-align: justify\"><strong>PROGRAMA&Ccedil;&Atilde;O 2&ordm; SEMESTRE<\/strong><\/p>\n<p style=\"text-align: justify\">&nbsp;<\/p>\n<p style=\"text-align: justify\"><span style=\"font-weight: 400\">Inscri&ccedil;&otilde;es: &#8230;&#8230;&#8230;&#8230;&#8230;&#8230;&#8230;&#8230;&#8230;<\/span> <strong>A partir de 1 de julho<\/strong><\/p>\n<p style=\"text-align: justify\"><span style=\"font-weight: 400\">Hor&aacute;rio: &#8230;&#8230;&#8230;&#8230;&#8230;&#8230;&#8230;&#8230;&#8230;&#8230;..<\/span> <strong>Segunda a sexta-feira &#8211; 9h &agrave;s 17h30<\/strong><\/p>\n<p style=\"text-align: justify\">&nbsp;<\/p>\n<p style=\"text-align: justify\"><strong>ARTESANATO&nbsp;<\/strong><\/p>\n<p style=\"text-align: justify\"><strong>OFICINA DE ARTESANATO: ENTRELA&Ccedil;ANDO CRIATIVIDADE COM MACRAM&Ecirc; &#8211; 15 vagas<\/strong><\/p>\n<p style=\"text-align: justify\"><span style=\"font-weight: 400\">Coordena&ccedil;&atilde;o: Aline Savazzi<\/span><\/p>\n<p style=\"text-align: justify\"><span style=\"font-weight: 400\">Per&iacute;odo: 27\/08 a 29\/10 &#8211; ter&ccedil;as-feiras &#8211; 19h &agrave;s 21h<\/span><\/p>\n<p style=\"text-align: justify\"><span style=\"font-weight: 400\">P&uacute;blico-Alvo: Interessados, a partir de 16 anos<\/span><\/p>\n<p style=\"text-align: justify\"><span style=\"font-weight: 400\">Nesta oficina os participantes ter&atilde;o a oportunidade de aprender pontos, realizar combina&ccedil;&otilde;es e criar pe&ccedil;as exclusivas, que podem ser decorativas ou utilit&aacute;rias, como hangers para plantas, paineis, toalhas e mais.<\/span><\/p>\n<p style=\"text-align: justify\"><span style=\"font-weight: 400\">Aline Savazzi &eacute; formada em Educa&ccedil;&atilde;o F&iacute;sica. Professora de Bal&eacute;, Jazz e Dan&ccedil;a Contempor&acirc;nea h&aacute; 20 anos. Atua como professora de gin&aacute;stica, pilates, yoga e exerc&iacute;cio funcional, realizando atendimentos em grupo e particular. Participou de cursos e workshops por todo o Brasil.<\/span><\/p>\n<p>&nbsp;<\/p>\n<p style=\"text-align: justify\"><strong>ARTES PL&Aacute;STICAS | PINTURA&nbsp;<\/strong><\/p>\n<p style=\"text-align: justify\"><strong>OFICINA DE PINTURA EM TELA COM TINTA ACR&Iacute;LICA &#8211; 30 vagas (15 por turma)<\/strong><\/p>\n<p style=\"text-align: justify\"><span style=\"font-weight: 400\">Coordena&ccedil;&atilde;o: Neuza Tamashiro<\/span><\/p>\n<p style=\"text-align: justify\"><span style=\"font-weight: 400\">Per&iacute;odo: 15\/08 a 07\/11 &#8211; quintas-feiras<\/span><\/p>\n<p style=\"text-align: justify\"><span style=\"font-weight: 400\">Turma 1: 8h30 &agrave;s 10h30<\/span><\/p>\n<p style=\"text-align: justify\"><span style=\"font-weight: 400\">Turma 2: 15h00 &agrave;s 17h00 (exceto 12\/9 &#8211; n&atilde;o haver&aacute; aula)<\/span><\/p>\n<p style=\"text-align: justify\"><span style=\"font-weight: 400\">P&uacute;blico-Alvo: Crian&ccedil;as, com idade entre 9 a 14 anos<\/span><\/p>\n<p style=\"text-align: justify\"><span style=\"font-weight: 400\">As atividades com tinta possibilitam que a crian&ccedil;a descubra um mundo cheio de cores, linhas, formas e sentimentos. Na pintura em tela, ser&atilde;o usadas v&aacute;rias maneiras para construir uma imagem, trabalhando a imagina&ccedil;&atilde;o e criatividade, por meio de desenhos e muitas cores.<\/span><\/p>\n<p style=\"text-align: justify\"><span style=\"font-weight: 400\">Neuza Tamashiro &eacute; artista pl&aacute;stica e professora de t&eacute;cnicas de Artes Pl&aacute;sticas h&aacute; mais de 20 anos em Limeira. Aborda temas suaves da bot&acirc;nica, da fauna e de caracter&iacute;sticas Japonesas. Participou de mostras em toda a regi&atilde;o e recentemente foi professora da marca E_CRAF em eventos de Artesanato, como a Mega Artesanal em S&atilde;o Paulo.<\/span><\/p>\n<p>&nbsp;<\/p>\n<p style=\"text-align: justify\"><strong>DAN&Ccedil;A<\/strong><\/p>\n<p style=\"text-align: justify\"><strong>OFICINA: OS PRIMEIROS PASSOS DO BAL&Eacute; &#8211; 45 vagas (15 por turma)<\/strong><\/p>\n<p style=\"text-align: justify\"><span style=\"font-weight: 400\">Coordena&ccedil;&atilde;o: Aline Savazzi<\/span><\/p>\n<p style=\"text-align: justify\"><span style=\"font-weight: 400\">Per&iacute;odo: 06\/08 a 29\/10 &#8211; ter&ccedil;as-feiras<\/span><\/p>\n<p style=\"text-align: justify\"><span style=\"font-weight: 400\">Turma 1: 9h &agrave;s 10h<\/span><\/p>\n<p style=\"text-align: justify\"><span style=\"font-weight: 400\">Turma 2: 16h30 &agrave;s 17h30<\/span><\/p>\n<p style=\"text-align: justify\"><span style=\"font-weight: 400\">Turma 3: 18h &agrave;s 19h<\/span><\/p>\n<p style=\"text-align: justify\"><span style=\"font-weight: 400\">P&uacute;blico-Alvo: Crian&ccedil;as, com idade entre 4 a 6 anos<\/span><\/p>\n<p style=\"text-align: justify\"><span style=\"font-weight: 400\">Atrav&eacute;s dos movimentos leves e expressivos, o participante potencializa aspectos f&iacute;sicos, cognitivos e sociais. Nesta oficina, ser&atilde;o propostos jogos, brincadeiras e atividades dirigidas, abordando o ensino do Bal&eacute; Cl&aacute;ssico e diferentes manifesta&ccedil;&otilde;es da cultura corporal de movimentos para se vivenciar a dan&ccedil;a de forma global em todas as suas potencialidades.<\/span><\/p>\n<p style=\"text-align: justify\"><span style=\"font-weight: 400\">Aline Savazzi &eacute; formada em Educa&ccedil;&atilde;o F&iacute;sica. Professora de Bal&eacute;, Jazz e Dan&ccedil;a Contempor&acirc;nea h&aacute; 20 anos. Atua como professora de gin&aacute;stica, pilates, yoga e exerc&iacute;cio funcional, realizando atendimentos em grupo e particular. Participou de cursos e workshops por todo o Brasil.<\/span><\/p>\n<p>&nbsp;<\/p>\n<p style=\"text-align: justify\"><strong>OFICINA DE DAN&Ccedil;A &#8211; STILETTO: DIVAS NO SALTO &#8211; 15 vagas<\/strong><\/p>\n<p style=\"text-align: justify\"><span style=\"font-weight: 400\">Coordena&ccedil;&atilde;o: Gisele Barana<\/span><\/p>\n<p style=\"text-align: justify\"><span style=\"font-weight: 400\">Per&iacute;odo: 12\/09 a 28\/11 &#8211; quintas-feiras &#8211; 19h &agrave;s 20h30<\/span><\/p>\n<p style=\"text-align: justify\"><span style=\"font-weight: 400\">P&uacute;blico-Alvo: Interessados, a partir de 16 anos.<\/span><\/p>\n<p style=\"text-align: justify\"><span style=\"font-weight: 400\">O Stiletto, assim como as outras modalidades de dan&ccedil;a, traz diversos benef&iacute;cios ao corpo. <\/span><span style=\"font-weight: 400\">Estilo que melhora a postura e o equil&iacute;brio, al&eacute;m de promover um trabalho muscular em todo o corpo. Nesta atividade os participantes aprender&atilde;o a caminhar e dan&ccedil;ar no salto alto, atrav&eacute;s de coreografias de grandes musicais da Broadway.<\/span><\/p>\n<p style=\"text-align: justify\"><span style=\"font-weight: 400\">Gisele Barana &eacute; <\/span><span style=\"font-weight: 400\">Professora de dan&ccedil;as entre elas no estilo (flamenco, musical jazz Broadway, sapateado, ballet, dan&ccedil;a de rua, dan&ccedil;a flamenca, personal trainer e pilates bola solo), al&eacute;m de b<\/span><span style=\"font-weight: 400\">acharel em Educa&ccedil;&atilde;o F&iacute;sica pela Universidade Metodista de Piracicaba. Possui cursos de especializa&ccedil;&atilde;o na &aacute;rea <\/span><span style=\"font-weight: 400\">realizados no Brasil e exterior.<\/span><\/p>\n<p>&nbsp;<\/p>\n<p style=\"text-align: justify\"><strong>OFICINA DE DAN&Ccedil;A DE SAL&Atilde;O: INTRODUZINDO O BOLERO &#8211; 20 vagas (10 casais)<\/strong><\/p>\n<p style=\"text-align: justify\"><span style=\"font-weight: 400\">Coordena&ccedil;&atilde;o: Grazi Mendes<\/span><\/p>\n<p style=\"text-align: justify\"><span style=\"font-weight: 400\">Per&iacute;odo: 29\/08 a 28\/11 &#8211; quintas-feiras &#8211; 19h &agrave;s 20h30<\/span><\/p>\n<p style=\"text-align: justify\"><span style=\"font-weight: 400\">P&uacute;blico-Alvo: Interessados, a partir de 16 anos<\/span><\/p>\n<p style=\"text-align: justify\"><span style=\"font-weight: 400\">Um ritmo de dan&ccedil;a elegante e rom&acirc;ntico, o Bolero &eacute; uma das principais dan&ccedil;as de sal&atilde;o. Os participantes aprender&atilde;o os passos b&aacute;sicos desse ritmo.<\/span><\/p>\n<p style=\"text-align: justify\"><span style=\"font-weight: 400\">Grazi Mendes &eacute; formada em Bal&eacute; Cl&aacute;ssico, Jazz e Dan&ccedil;a de Sal&atilde;o. Iniciou na dan&ccedil;a aos 4 anos e desde ent&atilde;o fez diversos cursos para aprimoramento. Ministrou aulas de Ballet, Jazz, Ritmos (ax&eacute;, funk pop) e v&aacute;rios ritmos da Dan&ccedil;a de Sal&atilde;o.<\/span><\/p>\n<p>&nbsp;<\/p>\n<p style=\"text-align: justify\"><strong>OFICINA: A DAN&Ccedil;A DO VENTRE E SEUS BENEF&Iacute;CIOS &#8211; 15 vagas<\/strong><\/p>\n<p style=\"text-align: justify\"><span style=\"font-weight: 400\">Coordena&ccedil;&atilde;o: Mait&ecirc; Voigt<\/span><\/p>\n<p style=\"text-align: justify\"><span style=\"font-weight: 400\">Per&iacute;odo: 10\/09 a 26\/11 &#8211; ter&ccedil;as-feiras &#8211; 19h &agrave;s 20h30<\/span><\/p>\n<p style=\"text-align: justify\"><span style=\"font-weight: 400\">P&uacute;blico-Alvo: Interessados, a partir de 16 anos<\/span><\/p>\n<p style=\"text-align: justify\"><span style=\"font-weight: 400\">A atividade vai iniciar os participantes na Dan&ccedil;a do Ventre. Atrav&eacute;s de movimentos de quadril, tronco, m&atilde;o e bra&ccedil;os, a dan&ccedil;a do ventre auxilia na coordena&ccedil;&atilde;o motora e t&ocirc;nus muscular de quem a pratica. Al&eacute;m dos benef&iacute;cios psicol&oacute;gicos, sua pr&aacute;tica eleva a postura e gera um maior entendimento do corpo, trazendo melhorias na rotina e conex&atilde;o mente e corpo.<\/span><\/p>\n<p style=\"text-align: justify\"><span style=\"font-weight: 400\">Mait&ecirc; Voigt &eacute; Diretora, Bailarina, Professora e Core&oacute;grafa, al&eacute;m de ministrar aulas particulares na &aacute;rea. &Eacute; tamb&eacute;m propriet&aacute;ria do N&uacute;cleo Tendas em Limeira, que oferece aulas de Dan&ccedil;a do Ventre, Dan&ccedil;as &Aacute;rabes Folcl&oacute;ricas e Dan&ccedil;as Ciganas. Participou de diversas aulas, workshops e cursos de especializa&ccedil;&atilde;o em busca de aperfei&ccedil;oamento com mestres nacionais e internacionais. Iniciou neste ano, p&oacute;s gradua&ccedil;&atilde;o em Lato Sensu em Dan&ccedil;a Terapia, pela institui&ccedil;&atilde;o Faculeste.&nbsp;<\/span><\/p>\n<p>&nbsp;<\/p>\n<p style=\"text-align: justify\"><strong>FOTOGRAFIA<\/strong><\/p>\n<p style=\"text-align: justify\"><strong>OFICINA: FOTOGRAFIA SOCIAL &#8211; ETERNIZANDO MOMENTOS &#8211; 15 vagas<\/strong><\/p>\n<p style=\"text-align: justify\"><span style=\"font-weight: 400\">Coordena&ccedil;&atilde;o: Tiago Degaspari<\/span><\/p>\n<p style=\"text-align: justify\"><span style=\"font-weight: 400\">Per&iacute;odo: 13\/08 a 29\/10 &#8211; ter&ccedil;as-feiras &#8211; 18h30 &agrave;s 20h30<\/span><\/p>\n<p style=\"text-align: justify\"><span style=\"font-weight: 400\">P&uacute;blico-Alvo: Interessados na &aacute;rea, com c&acirc;meras fotogr&aacute;ficas a partir de 16 anos<\/span><\/p>\n<p style=\"text-align: justify\"><span style=\"font-weight: 400\">Eternizar momentos &eacute; um desafio para os fot&oacute;grafos, e essa oficina vem justamente para expor conceitos e t&eacute;cnicas que facilitem os trabalhos sociais nas diversas vertentes da &aacute;rea: de casamentos &agrave; anivers&aacute;rios, de eventos empresariais &agrave; festas familiares, contribuindo diretamente na constru&ccedil;&atilde;o de mem&oacute;ria pessoal, familiar ou social.<\/span><\/p>\n<p style=\"text-align: justify\"><span style=\"font-weight: 400\">Tiago Degaspari &eacute; formado em Fotografia pela UNIMEP &#8211; Universidade Metodista de Piracicaba. Ex-Docente do curso T&eacute;cnico de Fotografia do SENAC Piracicaba. Vanguardista na fotografia, participou de exposi&ccedil;&otilde;es nacionais e internacionais, al&eacute;m de autor de tr&ecirc;s livros, sendo eles: Passarinhar em Iracem&aacute;polis, BH Nossa Natureza e &#8220;Inspira Cacau&#8221;, lan&ccedil;ado em outubro\/22, em S&atilde;o Paulo.<\/span><\/p>\n<p>&nbsp;<\/p>\n<p style=\"text-align: justify\"><span style=\"font-size: 16px;font-family: arial, helvetica, sans-serif\"><strong>LITERATURA&nbsp;<\/strong><\/span><\/p>\n<p style=\"text-align: justify\"><strong>OFICINA: ESCRITA CRIATIVA PARA CRIAN&Ccedil;AS: LIBERANDO A IMAGINA&Ccedil;&Atilde;O &#8211; 15 vagas<\/strong><\/p>\n<p style=\"text-align: justify\"><span style=\"font-weight: 400\">Coordena&ccedil;&atilde;o: Denise Aparecida da Silva<\/span><\/p>\n<p style=\"text-align: justify\"><span style=\"font-weight: 400\">Per&iacute;odo: 12\/9 a 28\/11 &#8211; quintas-feiras &#8211; 19h &agrave;s 20h<\/span><\/p>\n<p style=\"text-align: justify\"><span style=\"font-weight: 400\">P&uacute;blico-Alvo: Crian&ccedil;as, com idade entre 8 a 12 anos<\/span><\/p>\n<p style=\"text-align: justify\"><span style=\"font-weight: 400\">A partir da leitura e do debate, sobre as tem&aacute;ticas abordadas nas obras apresentadas e lidas, bem como sobre as estruturas narrativas utilizadas, os participantes ser&atilde;o convidados a exercitarem a sua escrita com base em algum aspecto importante do texto lido, a fim de auxiliar tanto em seu desenvolvimento psicol&oacute;gico como em sua afinidade com a leitura-escrita.<\/span><\/p>\n<p style=\"text-align: justify\"><span style=\"font-weight: 400\">Denise Aparecida da Silva &eacute; graduada em Letras e mestra em Lingu&iacute;stica Textual pela UNICAMP. &Eacute; idealizadora, professora e revisora de textos no Orienta Reda&ccedil;&atilde;o; e escritora, tendo como textos publicados: o romance &ldquo;Toda a &aacute;gua dentro da gente&rdquo; na Editora Patu&aacute;, o conto &ldquo;A Bolha&rdquo; na Revista Contos de Samsara (6&ordf; edi&ccedil;&atilde;o) e o poema &ldquo;A Lua&rdquo; na Revista Desvario.<\/span><\/p>\n<p>&nbsp;<\/p>\n<p style=\"text-align: justify\"><strong>MAQUIAGEM&nbsp;<\/strong><\/p>\n<p style=\"text-align: justify\"><strong>OFICINA DE MAQUIAGEM ART&Iacute;STICA: ARTE NO ESPELHO &#8211; 15 vagas<\/strong><\/p>\n<p style=\"text-align: justify\"><span style=\"font-weight: 400\">Coordena&ccedil;&atilde;o: Well Baz&iacute;lio<\/span><\/p>\n<p style=\"text-align: justify\"><span style=\"font-weight: 400\">Per&iacute;odo: 12\/09 a 28\/11 &#8211; quintas-feiras &#8211; 18h30 &agrave;s 20h30<\/span><\/p>\n<p style=\"text-align: justify\"><span style=\"font-weight: 400\">P&uacute;blico-Alvo: Interessados, a partir de 14 anos<\/span><\/p>\n<p style=\"text-align: justify\"><span style=\"font-weight: 400\">Oficina destinada para artistas c&ecirc;nicos ou entusiastas da &aacute;rea da maquiagem, profissionais da est&eacute;tica, proporcionando a estes, uma imers&atilde;o profunda nos conceitos, t&eacute;cnicas e estilos que transformam rostos em verdadeiras telas de express&atilde;o, descobrindo como cada tra&ccedil;o, sombra e cor podem contar hist&oacute;rias extraordin&aacute;rias.<\/span><\/p>\n<p style=\"text-align: justify\"><span style=\"font-weight: 400\">Well Baz&iacute;lio &eacute; Ator, Bailarino, Figurinista e Maquiador, possui forma&ccedil;&atilde;o t&eacute;cnica em Artes Dram&aacute;ticas pelo SENAC-SP. Realiza diversos trabalhos nessas &aacute;reas para a Encante-se Personagens V e tamb&eacute;m do Grupo Levitar de Teatro em Limeira. &Eacute; propriet&aacute;rio da empresa Entrelace Ateli&ecirc; de Costura e Maquiagem.<\/span><\/p>\n<p>&nbsp;<\/p>\n<p style=\"text-align: justify\"><strong>M&Uacute;SICA<\/strong><\/p>\n<p style=\"text-align: justify\"><strong>OFICINA: DESENVOLVENDO RITMOS NO CAJ&Oacute;N &#8211; 15 vagas<\/strong><\/p>\n<p style=\"text-align: justify\"><span style=\"font-weight: 400\">Coordena&ccedil;&atilde;o: Marcos Lima<\/span><\/p>\n<p style=\"text-align: justify\"><span style=\"font-weight: 400\">Per&iacute;odo: 19\/08 a 25\/11 &#8211; segundas-feiras &#8211; 19h &agrave;s 20h30<\/span><\/p>\n<p style=\"text-align: justify\"><span style=\"font-weight: 400\">P&uacute;blico-Alvo: Interessados, a partir de 14 anos, com o instrumento proposto<\/span><\/p>\n<p style=\"text-align: justify\"><span style=\"font-weight: 400\">Esta oficina visa o desenvolvimento r&iacute;tmico no instrumento &ldquo;Caj&oacute;n&rdquo;. Desenvolver a introdu&ccedil;&atilde;o &agrave; leitura r&iacute;tmica em forma de partituras e aplica&ccedil;&atilde;o sonora, explorando as possibilidades do instrumento. Aplica&ccedil;&atilde;o r&iacute;tmica em ritmos brasileiros.<\/span><\/p>\n<p style=\"text-align: justify\"><span style=\"font-weight: 400\">Marcos Lima &eacute; m&uacute;sico e luthier. &Eacute; oficineiro de instrumentos musicais, com &ecirc;nfase em reaproveitamento de materiais, no N&uacute;cleo Nova Vida, em Limeira, desde 2015. Foi professor de Percuss&atilde;o pela Escola Livre de M&uacute;sica, de 2004 a 2019. &Eacute; Empreendedor, Luthier dos ASALATOS MALI, comercializado a n&iacute;vel nacional. &Eacute; tamb&eacute;m gestor de Arte e Cultura, com especializa&ccedil;&atilde;o pela &#8211; UFRGS.&nbsp;<\/span><\/p>\n<p>&nbsp;<\/p>\n<p style=\"text-align: center\"><strong>O F I C I N A S &nbsp; C U L T U R A I S&nbsp; .&nbsp; 2024<\/strong><\/p>\n<p style=\"text-align: center\"><strong>PROGRAMA&Ccedil;&Atilde;O EM&nbsp;<\/strong><strong>COMEMORA&Ccedil;&Atilde;O A CONSCI&Ecirc;NCIA NEGRA<\/strong><\/p>\n<p style=\"text-align: justify\"><strong>CULTURA AFRO BRASILEIRA<\/strong><\/p>\n<p style=\"text-align: justify\"><strong>OFICINA: CULTURA AFRO-BRASILEIRA: &ldquo;BRASIS, QUEST&Otilde;ES RACIAIS &amp; CULTURA POL&Iacute;TICA &#8211; 15 vagas<\/strong><\/p>\n<p style=\"text-align: justify\"><span style=\"font-weight: 400\">Coordena&ccedil;&atilde;o: Maur&iacute;cio Brugnaro Junior<\/span><\/p>\n<p style=\"text-align: justify\"><span style=\"font-weight: 400\">Per&iacute;odo: 07\/10 a 25\/11 &#8211; segundas-feiras &#8211; 19h &agrave;s 21h<\/span><\/p>\n<p style=\"text-align: justify\"><span style=\"font-weight: 400\">P&uacute;blico-Alvo: Interessados na &aacute;rea, a partir de 14 anos<\/span><\/p>\n<p style=\"text-align: justify\"><span style=\"font-weight: 400\">Oferecer aos participantes uma base cultural, social e pol&iacute;tica s&oacute;lida e cr&iacute;tica que colabore para a compreens&atilde;o da realidade contempor&acirc;nea, tornando-os capazes de identificar, interpretar e criticar fen&ocirc;menos latentes na realidade brasileira cotidiana. Ao longo da atividade, ser&atilde;o passados os conceitos-chave do vocabul&aacute;rio de estudos sociais, quest&otilde;es hist&oacute;ricas ao redor da na&ccedil;&atilde;o, disputas e movimentos sociais e produ&ccedil;&atilde;o art&iacute;sticas que versam sobre a tem&aacute;tica.<\/span><\/p>\n<p style=\"text-align: justify\"><span style=\"font-weight: 400\">Maur&iacute;cio Brugnaro<\/span> <span style=\"font-weight: 400\">&eacute; graduado em Ci&ecirc;ncias Sociais no Instituto de Filosofia e ci&ecirc;ncias Humanas (IFCH) da Universidade Estadual de Campinas (UNICAMP), membro do laborat&oacute;rio de pensamento pol&iacute;tico (PEPOL\/Unicamp) e pesquisador-associado do N&uacute;cleo Pr&aacute;xis de pesquisa, educa&ccedil;&atilde;o popular e pol&iacute;tica\/Universidade de S&atilde;o Paulo (USP). Publicou artigos em peri&oacute;dicos cient&iacute;ficos e jornais de relev&acirc;ncia no debate pol&iacute;tico.<\/span><\/p>\n<p>&nbsp;<\/p>\n<p style=\"text-align: justify\"><strong>OFICINA: ARTE DE RUA E AFRICANIDADES &#8211; 15 vagas<\/strong><\/p>\n<p style=\"text-align: justify\"><span style=\"font-weight: 400\">Coordena&ccedil;&atilde;o: Amanda de Castro<\/span><\/p>\n<p style=\"text-align: justify\"><span style=\"font-weight: 400\">Per&iacute;odo: 08\/10 a 26\/11 &#8211; ter&ccedil;as-feiras &#8211; 19h00 &agrave;s 21h<\/span><\/p>\n<p style=\"text-align: justify\"><span style=\"font-weight: 400\">P&uacute;blico-Alvo:<\/span> <span style=\"font-weight: 400\">Interessados na &aacute;rea, a partir de 14 anos<\/span><\/p>\n<p style=\"text-align: justify\"><span style=\"font-weight: 400\">Atividade com o objetivo de provocar a potencialidade do encontro com a diferen&ccedil;a, o contato com a mem&oacute;ria e a ancestralidade negra, por meio da cultura e da arte, possibilitando as express&otilde;es art&iacute;sticas e a constru&ccedil;&atilde;o de identidade. Ser&atilde;o trabalhados temas e t&eacute;cnicas da arte urbana e da cultura popular, tais como lambe lambe, grafite, escrita criativa e produ&ccedil;&atilde;o artesanal.<\/span><\/p>\n<p style=\"text-align: justify\"><span style=\"font-weight: 400\">Amanda Castro &eacute; Psic&oacute;loga formada pela FHO Uniararas, atua como educadora social e articuladora cultural no CEDECA. Tem experi&ecirc;ncia com o p&uacute;blico de crian&ccedil;as, adolescentes e jovens nos temas sobre sa&uacute;de mental, cultura e arte urbana. Realiza a Oficina de Bonecas ABAYOMI h&aacute; 7 anos em espa&ccedil;os p&uacute;blicos, escolas e servi&ccedil;os socioassistenciais. Organiza diversos eventos nesta tem&aacute;tica em institui&ccedil;&otilde;es e universidades.<\/span><\/p>\n<p>&nbsp;<\/p>\n<p style=\"text-align: center\"><strong>O F I C I N A S &nbsp; C U L T U R A I S&nbsp; .&nbsp; 2024<\/strong><\/p>\n<p style=\"text-align: center\"><strong>PROGRAMA&Ccedil;&Atilde;O EXTERNA<\/strong><\/p>\n<p style=\"text-align: justify\"><strong><br \/><\/strong><strong>M&Uacute;SICA<\/strong><\/p>\n<p style=\"text-align: justify\"><strong>OFICINA: A FAZENDA R&Iacute;TMICA &#8211; 15 vagas<\/strong><\/p>\n<p style=\"text-align: justify\"><span style=\"font-weight: 400\">Coordena&ccedil;&atilde;o: Anderson Fernando<\/span><\/p>\n<p style=\"text-align: justify\"><span style=\"font-weight: 400\">Per&iacute;odo:&nbsp; 12\/08 a 18\/11 &#8211; segundas-feiras &#8211; 13h30 &agrave;s 15h00<\/span><\/p>\n<p style=\"text-align: justify\"><span style=\"font-weight: 400\">P&uacute;blico-Alvo: Interessados na &aacute;rea, com idade entre 8 e 12 anos, da <\/span><span style=\"font-weight: 400\">EMEIEF Limeira.<\/span><\/p>\n<p style=\"text-align: justify\"><span style=\"font-weight: 400\">Local.: <\/span><span style=\"font-weight: 400\">Biblioteca Municipal Prof&ordm; Jo&atilde;o de Sousa Ferraz (Anfiteatro) &#8211; Rua Dr. Jos&eacute; Botelho Veloso S\/N &#8211; Vila S&atilde;o Jo&atilde;o.<\/span><\/p>\n<p style=\"text-align: justify\"><span style=\"font-weight: 400\">Introduzir as crian&ccedil;as no mundo da m&uacute;sica atrav&eacute;s da leitura de partitura, utilizando a associa&ccedil;&atilde;o dos elementos musicais aos bichos. A oficina promove a busca da estimula&ccedil;&atilde;o, a coordena&ccedil;&atilde;o motora, a criatividade, o racioc&iacute;nio l&oacute;gico e o interesse pela m&uacute;sica.<\/span><\/p>\n<p style=\"text-align: justify\"><span style=\"font-weight: 400\">Anderson Fernando &eacute; ritimista e baterista pelo conservat&oacute;rio de Tatu&iacute;. Atua como professor, em diversas escolas de m&uacute;sica, al&eacute;m de orquestras no estado de S&atilde;o Paulo, como a OFSM e a OSLI. Hoje a maior parte de suas aulas e masterclass &eacute; sobre r&iacute;tmicas e cultura popular brasileira.<\/span><\/p>\n<p style=\"text-align: justify\">&nbsp;<\/p>\n<p style=\"text-align: justify\">&nbsp;<\/p>\n<p><br \/>\n<br \/><a href=\"https:\/\/limeira.sp.gov.br\/oficinas-culturais-abrangem-arte-musica-danca-e-mais-inscricoes-comecam-na-segunda\" rel=\"noopener\">Informa\u00e7\u00f5es da PML <\/a><\/p>\n","protected":false},"excerpt":{"rendered":"<p>Na pr&oacute;xima segunda-feira (1&ordm;), ser&atilde;o abertas as inscri&ccedil;&otilde;es para as Oficinas Culturais, que acontecem na Escola Municipal de Cultura e Artes &ldquo;Maestro M&aacute;rio Tintori&rdquo; (Emcea).&nbsp; S&atilde;o oferecidas vagas nas modalidades de moda, artesanato, dan&ccedil;a, fotografia, literatura, maquiagem, arte e m&uacute;sica. A a&ccedil;&atilde;o &eacute; promovida pela Prefeitura de Limeira, por meio da Secretaria de Cultura. Os [&hellip;]<\/p>\n","protected":false},"author":1,"featured_media":9139,"comment_status":"open","ping_status":"open","sticky":false,"template":"","format":"standard","meta":{"_jetpack_newsletter_access":"","_jetpack_dont_email_post_to_subs":false,"_jetpack_newsletter_tier_id":0,"_jetpack_memberships_contains_paywalled_content":false,"_mbp_banners":[],"_jetpack_feature_clip_id":0,"_jetpack_memberships_contains_paid_content":false,"footnotes":"","jetpack_publicize_message":"","jetpack_publicize_feature_enabled":true,"jetpack_social_post_already_shared":true,"jetpack_social_options":{"image_generator_settings":{"template":"highway","default_image_id":0,"font":"","enabled":false},"version":2},"jetpack_post_was_ever_published":false},"categories":[16],"tags":[],"class_list":["post-9138","post","type-post","status-publish","format-standard","has-post-thumbnail","category-local"],"jetpack_publicize_connections":[],"jetpack-related-posts":[],"jetpack_shortlink":"https:\/\/wp.me\/p7Eq1F-2no","jetpack_sharing_enabled":true,"jetpack_featured_media_url":"https:\/\/i0.wp.com\/guialimeira.com.br\/news\/wp-content\/uploads\/2024\/06\/m_137_0_1_26062024110950.jpeg?fit=800%2C928&ssl=1","_links":{"self":[{"href":"https:\/\/guialimeira.com.br\/news\/wp-json\/wp\/v2\/posts\/9138","targetHints":{"allow":["GET"]}}],"collection":[{"href":"https:\/\/guialimeira.com.br\/news\/wp-json\/wp\/v2\/posts"}],"about":[{"href":"https:\/\/guialimeira.com.br\/news\/wp-json\/wp\/v2\/types\/post"}],"author":[{"embeddable":true,"href":"https:\/\/guialimeira.com.br\/news\/wp-json\/wp\/v2\/users\/1"}],"replies":[{"embeddable":true,"href":"https:\/\/guialimeira.com.br\/news\/wp-json\/wp\/v2\/comments?post=9138"}],"version-history":[{"count":0,"href":"https:\/\/guialimeira.com.br\/news\/wp-json\/wp\/v2\/posts\/9138\/revisions"}],"wp:featuredmedia":[{"embeddable":true,"href":"https:\/\/guialimeira.com.br\/news\/wp-json\/wp\/v2\/media\/9139"}],"wp:attachment":[{"href":"https:\/\/guialimeira.com.br\/news\/wp-json\/wp\/v2\/media?parent=9138"}],"wp:term":[{"taxonomy":"category","embeddable":true,"href":"https:\/\/guialimeira.com.br\/news\/wp-json\/wp\/v2\/categories?post=9138"},{"taxonomy":"post_tag","embeddable":true,"href":"https:\/\/guialimeira.com.br\/news\/wp-json\/wp\/v2\/tags?post=9138"}],"curies":[{"name":"wp","href":"https:\/\/api.w.org\/{rel}","templated":true}]}}