{"id":9124,"date":"2024-06-27T08:06:26","date_gmt":"2024-06-27T11:06:26","guid":{"rendered":"https:\/\/guialimeira.com.br\/2024\/06\/27\/dolar-sobe-para-r-551-e-fecha-no-maior-valor-desde-janeiro-de-2022\/"},"modified":"2024-06-27T08:06:26","modified_gmt":"2024-06-27T11:06:26","slug":"dolar-sobe-para-r-551-e-fecha-no-maior-valor-desde-janeiro-de-2022","status":"publish","type":"post","link":"https:\/\/guialimeira.com.br\/news\/dolar-sobe-para-r-551-e-fecha-no-maior-valor-desde-janeiro-de-2022\/","title":{"rendered":"D\u00f3lar sobe para R$ 5,51 e fecha no maior valor desde janeiro de 2022"},"content":{"rendered":"<p> <br \/>\n<\/p>\n<div>\n<p>Num dia de imenso nervosismo no mercado financeiro, o d\u00f3lar subiu para o maior valor em dois anos e meio. A bolsa de valores fechou em leve alta, sustentada por a\u00e7\u00f5es de empresas exportadoras, beneficiadas pela alta da moeda norte-americana.<img data-recalc-dims=\"1\" decoding=\"async\" src=\"https:\/\/i0.wp.com\/agenciabrasil.ebc.com.br\/ebc.png?w=696&#038;ssl=1\" style=\"width:1px; height:1px; display:inline;\"\/><img data-recalc-dims=\"1\" decoding=\"async\" src=\"https:\/\/i0.wp.com\/agenciabrasil.ebc.com.br\/ebc.gif?w=696&#038;ssl=1\" style=\"width:1px; height:1px; display:inline;\"\/><\/p>\n<p>O d\u00f3lar comercial encerrou esta quarta-feira (26) vendido a R$ 5,519, com alta de R$ 0,065 (+1,2%). A cota\u00e7\u00e3o operou em alta durante toda a sess\u00e3o. Na m\u00e1xima do dia, por volta das 16h, atingiu R$ 5,52.<\/p>\n<p>Com o desempenho de hoje, a moeda norte-americana est\u00e1 no maior valor desde 18 de janeiro de 2022, quando tinha fechado em R$ 5,56. A divisa sobe 5,14% em junho e acumula alta de 13,72% em 2024.<\/p>\n<p>No mercado de a\u00e7\u00f5es, o dia foi marcado pela volatilidade. Ap\u00f3s operar em baixa quase todo o dia, o \u00edndice Ibovespa, da B3, fechou aos 122.701 pontos, com alta de 0,3%. Apenas nesta semana, o indicador acumula alta de 1,07%.<\/p>\n<p>A sess\u00e3o foi marcada por turbul\u00eancias tanto internas como externas. No exterior, as taxas dos t\u00edtulos do Tesouro norte-americano subiram novamente, aumentando a cota\u00e7\u00e3o do d\u00f3lar em todo o planeta. Juros altos em economias avan\u00e7adas estimulam a fuga de capitais de pa\u00edses emergentes, como o Brasil.<\/p>\n<p>No mercado interno, v\u00e1rios fatores contribu\u00edram para a turbul\u00eancia. Em entrevista ao Portal UOL, o presidente Luiz In\u00e1cio Lula da Silva disse que o plano de ajuste fiscal dar\u00e1 prioridade no aumento de arrecada\u00e7\u00e3o do que ao corte de gastos. A declara\u00e7\u00e3o foi mal recebida pelo mercado financeiro.<\/p>\n<p>Outro fator que contribuiu para azedar as negocia\u00e7\u00f5es foi a divulga\u00e7\u00e3o de que o d\u00e9ficit prim\u00e1rio em maio atingiu R$ 61 bilh\u00f5es, impulsionado pela <a href=\"https:\/\/agenciabrasil.ebc.com.br\/economia\/noticia\/2024-06\/deficit-primario-sobe-para-r-61-bi-com-13o-para-aposentados\" target=\"_blank\" rel=\"noopener\">antecipa\u00e7\u00e3o do d\u00e9cimo terceiro<\/a> \u00e0 Previd\u00eancia Social. O resultado veio pior que as previs\u00f5es do Prisma Fiscal, pesquisa do Minist\u00e9rio da Fazenda com institui\u00e7\u00f5es financeiras. Os analistas de mercado apostavam em resultado negativo de R$ 38,5 bilh\u00f5es nas contas p\u00fablicas.<\/p>\n<p><em>*Com informa\u00e7\u00f5es da Reuters<\/em><\/p>\n<\/p><\/div>\n<p><br \/>\n<br \/><a href=\"https:\/\/agenciabrasil.ebc.com.br\/economia\/noticia\/2024-06\/dolar-sobe-para-r-551-e-fecha-no-maior-valor-desde-janeiro-de-2022\" rel=\"noopener\">Ag\u00eancia Brasil<\/a><\/p>\n","protected":false},"excerpt":{"rendered":"<p>Num dia de imenso nervosismo no mercado financeiro, o d\u00f3lar subiu para o maior valor em dois anos e meio. A bolsa de valores fechou em leve alta, sustentada por a\u00e7\u00f5es de empresas exportadoras, beneficiadas pela alta da moeda norte-americana. O d\u00f3lar comercial encerrou esta quarta-feira (26) vendido a R$ 5,519, com alta de R$ [&hellip;]<\/p>\n","protected":false},"author":1,"featured_media":772,"comment_status":"open","ping_status":"open","sticky":false,"template":"","format":"standard","meta":{"_jetpack_newsletter_access":"","_jetpack_dont_email_post_to_subs":false,"_jetpack_newsletter_tier_id":0,"_jetpack_memberships_contains_paywalled_content":false,"_mbp_banners":[],"_jetpack_feature_clip_id":0,"_jetpack_memberships_contains_paid_content":false,"footnotes":"","jetpack_publicize_message":"","jetpack_publicize_feature_enabled":true,"jetpack_social_post_already_shared":true,"jetpack_social_options":{"image_generator_settings":{"template":"highway","default_image_id":0,"font":"","enabled":false},"version":2},"jetpack_post_was_ever_published":false},"categories":[24],"tags":[],"class_list":["post-9124","post","type-post","status-publish","format-standard","has-post-thumbnail","category-economia"],"jetpack_publicize_connections":[],"jetpack-related-posts":[],"jetpack_shortlink":"https:\/\/wp.me\/p7Eq1F-2na","jetpack_sharing_enabled":true,"jetpack_featured_media_url":"https:\/\/i0.wp.com\/guialimeira.com.br\/news\/wp-content\/uploads\/2024\/04\/2021-10-04t201440z_1_lynxmpeh93155_rtroptp_4_usa-biden-taxes-wealthy.jpg?fit=1600%2C800&ssl=1","_links":{"self":[{"href":"https:\/\/guialimeira.com.br\/news\/wp-json\/wp\/v2\/posts\/9124","targetHints":{"allow":["GET"]}}],"collection":[{"href":"https:\/\/guialimeira.com.br\/news\/wp-json\/wp\/v2\/posts"}],"about":[{"href":"https:\/\/guialimeira.com.br\/news\/wp-json\/wp\/v2\/types\/post"}],"author":[{"embeddable":true,"href":"https:\/\/guialimeira.com.br\/news\/wp-json\/wp\/v2\/users\/1"}],"replies":[{"embeddable":true,"href":"https:\/\/guialimeira.com.br\/news\/wp-json\/wp\/v2\/comments?post=9124"}],"version-history":[{"count":0,"href":"https:\/\/guialimeira.com.br\/news\/wp-json\/wp\/v2\/posts\/9124\/revisions"}],"wp:featuredmedia":[{"embeddable":true,"href":"https:\/\/guialimeira.com.br\/news\/wp-json\/wp\/v2\/media\/772"}],"wp:attachment":[{"href":"https:\/\/guialimeira.com.br\/news\/wp-json\/wp\/v2\/media?parent=9124"}],"wp:term":[{"taxonomy":"category","embeddable":true,"href":"https:\/\/guialimeira.com.br\/news\/wp-json\/wp\/v2\/categories?post=9124"},{"taxonomy":"post_tag","embeddable":true,"href":"https:\/\/guialimeira.com.br\/news\/wp-json\/wp\/v2\/tags?post=9124"}],"curies":[{"name":"wp","href":"https:\/\/api.w.org\/{rel}","templated":true}]}}