{"id":9114,"date":"2024-06-27T07:05:15","date_gmt":"2024-06-27T10:05:15","guid":{"rendered":"https:\/\/guialimeira.com.br\/2024\/06\/27\/cmn-define-centro-da-meta-continua-de-inflacao-em-3\/"},"modified":"2024-06-27T07:05:15","modified_gmt":"2024-06-27T10:05:15","slug":"cmn-define-centro-da-meta-continua-de-inflacao-em-3","status":"publish","type":"post","link":"https:\/\/guialimeira.com.br\/news\/cmn-define-centro-da-meta-continua-de-inflacao-em-3\/","title":{"rendered":"CMN define centro da meta cont\u00ednua de infla\u00e7\u00e3o em 3%"},"content":{"rendered":"<p> <br \/>\n<\/p>\n<div>\n<p>Horas ap\u00f3s a edi\u00e7\u00e3o do decreto que instituiu um novo <a href=\"https:\/\/agenciabrasil.ebc.com.br\/economia\/noticia\/2024-06\/bc-descumprira-meta-se-inflacao-ficar-fora-do-alvo-por-seis-meses\" target=\"_blank\" rel=\"noopener\">sistema de metas de infla\u00e7\u00e3o<\/a>, o Conselho Monet\u00e1rio Nacional (CMN) fixou o centro da meta cont\u00ednua em 3%, com margem de toler\u00e2ncia de 1,5 ponto percentual para cima ou para baixo. O colegiado reuniu-se nesta quarta-feira (26) e precisava regulamentar o indicador, que entrar\u00e1 em vigor em 1\u00ba de janeiro de 2025.<img data-recalc-dims=\"1\" decoding=\"async\" src=\"https:\/\/i0.wp.com\/agenciabrasil.ebc.com.br\/ebc.png?w=696&#038;ssl=1\" style=\"width:1px; height:1px; display:inline;\"\/><img data-recalc-dims=\"1\" decoding=\"async\" src=\"https:\/\/i0.wp.com\/agenciabrasil.ebc.com.br\/ebc.gif?w=696&#038;ssl=1\" style=\"width:1px; height:1px; display:inline;\"\/><\/p>\n<p>O CMN tamb\u00e9m definiu que o \u00cdndice Nacional de Pre\u00e7os ao Consumidor Amplo (IPCA) ser\u00e1 usado para medir a infla\u00e7\u00e3o. &#8220;O Banco Central do Brasil efetivar\u00e1 as necess\u00e1rias modifica\u00e7\u00f5es em seus regulamentos e normas, visando \u00e0 execu\u00e7\u00e3o do contido nesta resolu\u00e7\u00e3o&#8221;, diz o texto.<\/p>\n<p>Com a fixa\u00e7\u00e3o da meta cont\u00ednua, o CMN n\u00e3o precisa mais definir uma meta de infla\u00e7\u00e3o a cada ano. Apenas caso queira mudar a meta, o Conselho Monet\u00e1rio se reunira e publicar\u00e1 os novos limites de infla\u00e7\u00e3o, que s\u00f3 entrar\u00e1 em vigor depois de 36 meses (tr\u00eas anos).<\/p>\n<p>Formado pelo ministro da Fazenda, Fernando Haddad; pela ministra do Planejamento, Simone Tebet; e pelo presidente do BC, Roberto Campos Neto, o CMN re\u00fane-se todos os meses. Para 2024, continua em vigor a regra antiga, que estabeleceu meta de 3% com margem de toler\u00e2ncia de 1,5 ponto, os mesmos valores da meta cont\u00ednua.<\/p>\n<\/p><\/div>\n<p><br \/>\n<br \/><a href=\"https:\/\/agenciabrasil.ebc.com.br\/economia\/noticia\/2024-06\/cmn-define-centro-da-meta-continua-de-inflacao-em-3\" rel=\"noopener\">Ag\u00eancia Brasil<\/a><\/p>\n","protected":false},"excerpt":{"rendered":"<p>Horas ap\u00f3s a edi\u00e7\u00e3o do decreto que instituiu um novo sistema de metas de infla\u00e7\u00e3o, o Conselho Monet\u00e1rio Nacional (CMN) fixou o centro da meta cont\u00ednua em 3%, com margem de toler\u00e2ncia de 1,5 ponto percentual para cima ou para baixo. O colegiado reuniu-se nesta quarta-feira (26) e precisava regulamentar o indicador, que entrar\u00e1 em [&hellip;]<\/p>\n","protected":false},"author":1,"featured_media":1026,"comment_status":"open","ping_status":"open","sticky":false,"template":"","format":"standard","meta":{"_jetpack_newsletter_access":"","_jetpack_dont_email_post_to_subs":false,"_jetpack_newsletter_tier_id":0,"_jetpack_memberships_contains_paywalled_content":false,"_mbp_banners":[],"_jetpack_feature_clip_id":0,"_jetpack_memberships_contains_paid_content":false,"footnotes":"","jetpack_publicize_message":"","jetpack_publicize_feature_enabled":true,"jetpack_social_post_already_shared":true,"jetpack_social_options":{"image_generator_settings":{"template":"highway","default_image_id":0,"font":"","enabled":false},"version":2},"jetpack_post_was_ever_published":false},"categories":[24],"tags":[],"class_list":["post-9114","post","type-post","status-publish","format-standard","has-post-thumbnail","category-economia"],"jetpack_publicize_connections":[],"jetpack-related-posts":[],"jetpack_shortlink":"https:\/\/wp.me\/p7Eq1F-2n0","jetpack_sharing_enabled":true,"jetpack_featured_media_url":"https:\/\/i0.wp.com\/guialimeira.com.br\/news\/wp-content\/uploads\/2024\/04\/real_moedadinheiro_jfcrz_abr_1701220049_1.jpg?fit=1600%2C800&ssl=1","_links":{"self":[{"href":"https:\/\/guialimeira.com.br\/news\/wp-json\/wp\/v2\/posts\/9114","targetHints":{"allow":["GET"]}}],"collection":[{"href":"https:\/\/guialimeira.com.br\/news\/wp-json\/wp\/v2\/posts"}],"about":[{"href":"https:\/\/guialimeira.com.br\/news\/wp-json\/wp\/v2\/types\/post"}],"author":[{"embeddable":true,"href":"https:\/\/guialimeira.com.br\/news\/wp-json\/wp\/v2\/users\/1"}],"replies":[{"embeddable":true,"href":"https:\/\/guialimeira.com.br\/news\/wp-json\/wp\/v2\/comments?post=9114"}],"version-history":[{"count":0,"href":"https:\/\/guialimeira.com.br\/news\/wp-json\/wp\/v2\/posts\/9114\/revisions"}],"wp:featuredmedia":[{"embeddable":true,"href":"https:\/\/guialimeira.com.br\/news\/wp-json\/wp\/v2\/media\/1026"}],"wp:attachment":[{"href":"https:\/\/guialimeira.com.br\/news\/wp-json\/wp\/v2\/media?parent=9114"}],"wp:term":[{"taxonomy":"category","embeddable":true,"href":"https:\/\/guialimeira.com.br\/news\/wp-json\/wp\/v2\/categories?post=9114"},{"taxonomy":"post_tag","embeddable":true,"href":"https:\/\/guialimeira.com.br\/news\/wp-json\/wp\/v2\/tags?post=9114"}],"curies":[{"name":"wp","href":"https:\/\/api.w.org\/{rel}","templated":true}]}}