{"id":9108,"date":"2024-06-27T07:02:10","date_gmt":"2024-06-27T10:02:10","guid":{"rendered":"https:\/\/guialimeira.com.br\/2024\/06\/27\/inscricoes-em-cursos-do-mais-saude-com-agente-sao-prorrogadas\/"},"modified":"2024-06-27T07:02:10","modified_gmt":"2024-06-27T10:02:10","slug":"inscricoes-em-cursos-do-mais-saude-com-agente-sao-prorrogadas","status":"publish","type":"post","link":"https:\/\/guialimeira.com.br\/news\/inscricoes-em-cursos-do-mais-saude-com-agente-sao-prorrogadas\/","title":{"rendered":"Inscri\u00e7\u00f5es em cursos do Mais Sa\u00fade com Agente s\u00e3o prorrogadas"},"content":{"rendered":"<p> <br \/>\n<\/p>\n<div>\n<p>O Minist\u00e9rio da Sa\u00fade prorrogou at\u00e9 a pr\u00f3xima segunda-feira (1\u00ba) as inscri\u00e7\u00f5es para o Programa Mais Sa\u00fade com Agente. Gestores comunit\u00e1rios de sa\u00fade e de combate \u00e0s endemias podem se inscrever por meio do endere\u00e7o eletr\u00f4nico\u00a0<a href=\"http:\/\/www.maissaudecomagente.ufrgs.br\/inscri\u00e7\u00e3o\" target=\"_blank\" rel=\"noopener\">www.maissaudecomagente.ufrgs.br\/inscri\u00e7\u00e3o<\/a>.<img data-recalc-dims=\"1\" decoding=\"async\" src=\"https:\/\/i0.wp.com\/agenciabrasil.ebc.com.br\/ebc.png?w=696&#038;ssl=1\" style=\"width:1px; height:1px; display:inline;\"\/><img data-recalc-dims=\"1\" decoding=\"async\" src=\"https:\/\/i0.wp.com\/agenciabrasil.ebc.com.br\/ebc.gif?w=696&#038;ssl=1\" style=\"width:1px; height:1px; display:inline;\"\/><\/p>\n<p>S\u00e3o 180 mil vagas destinadas a todo o pa\u00eds. At\u00e9 o momento, o programa recebeu pouco mais de 135 mil inscri\u00e7\u00f5es, sendo 99.769 de agentes comunit\u00e1rios de sa\u00fade (ACSs) e 35.540 de agentes de combate \u00e0s endemias (ACEs).<\/p>\n<p>A proposta, segundo minist\u00e9rio, \u00e9 oferecer mais condi\u00e7\u00f5es para que agentes analisem informa\u00e7\u00f5es coletadas nas resid\u00eancias e no territ\u00f3rio de atua\u00e7\u00e3o, al\u00e9m de orientar a popula\u00e7\u00e3o, a fim de melhorar a qualidade da aten\u00e7\u00e3o prim\u00e1ria e fortalecer a vigil\u00e2ncia em sa\u00fade.<\/p>\n<p>Em nota, a pasta refor\u00e7ou que ser\u00e3o analisadas apenas inscri\u00e7\u00f5es conclu\u00eddas e que, portanto, \u00e9 necess\u00e1rio verificar a mensagem final de valida\u00e7\u00e3o do cadastro. Para agentes de sa\u00fade do Rio Grande do Sul afetados pelas enchentes, ser\u00e1 ofertado um segundo momento de inscri\u00e7\u00e3o.<\/p>\n<h2>Entenda<\/h2>\n<p>O Programa Mais Sa\u00fade com Agente visa ampliar as habilidades de acolhimento para atendimento a popula\u00e7\u00f5es vulner\u00e1veis, buscando equidade de g\u00eanero, ra\u00e7a e etnia, sa\u00fade mental e cuidado de pessoas que fazem uso abusivo de \u00e1lcool e outras drogas.<\/p>\n<p>\u201cEssa \u00e9 uma estrat\u00e9gia que busca atender especificidades das comunidades em que atuam, o que deve resultar em atendimentos mais humanizados e assertivos no SUS\u201d, destacou o minist\u00e9rio.<\/p>\n<h2>Agentes<\/h2>\n<p>Os agentes comunit\u00e1rios de sa\u00fade atuam na preven\u00e7\u00e3o de doen\u00e7as e promo\u00e7\u00e3o da sa\u00fade, por meio de visitas domiciliares para orienta\u00e7\u00e3o das comunidades, registro de informa\u00e7\u00f5es, educa\u00e7\u00e3o em sa\u00fade e encaminhamento ao Sistema \u00danico de Sa\u00fade (SUS).<\/p>\n<p>J\u00e1 os agentes de combate \u00e0s endemias atuam na preven\u00e7\u00e3o de doen\u00e7as e agravos ligados ao ambiente, como dengue, leishmaniose e raiva, al\u00e9m de identificar e eliminar focos de transmiss\u00e3o, orientando a popula\u00e7\u00e3o, notificando e encaminhando casos suspeitos.<\/p>\n<\/p><\/div>\n<p><br \/>\n<br \/><a href=\"https:\/\/agenciabrasil.ebc.com.br\/saude\/noticia\/2024-06\/inscricoes-em-cursos-do-mais-saude-com-agente-sao-prorrogadas\" rel=\"noopener\">Ag\u00eancia Brasil <\/a><\/p>\n","protected":false},"excerpt":{"rendered":"<p>O Minist\u00e9rio da Sa\u00fade prorrogou at\u00e9 a pr\u00f3xima segunda-feira (1\u00ba) as inscri\u00e7\u00f5es para o Programa Mais Sa\u00fade com Agente. Gestores comunit\u00e1rios de sa\u00fade e de combate \u00e0s endemias podem se inscrever por meio do endere\u00e7o eletr\u00f4nico\u00a0www.maissaudecomagente.ufrgs.br\/inscri\u00e7\u00e3o. S\u00e3o 180 mil vagas destinadas a todo o pa\u00eds. At\u00e9 o momento, o programa recebeu pouco mais de 135 [&hellip;]<\/p>\n","protected":false},"author":1,"featured_media":9109,"comment_status":"open","ping_status":"open","sticky":false,"template":"","format":"standard","meta":{"_jetpack_newsletter_access":"","_jetpack_dont_email_post_to_subs":false,"_jetpack_newsletter_tier_id":0,"_jetpack_memberships_contains_paywalled_content":false,"_mbp_banners":[],"_jetpack_feature_clip_id":0,"_jetpack_memberships_contains_paid_content":false,"footnotes":"","jetpack_publicize_message":"","jetpack_publicize_feature_enabled":true,"jetpack_social_post_already_shared":true,"jetpack_social_options":{"image_generator_settings":{"template":"highway","default_image_id":0,"font":"","enabled":false},"version":2},"jetpack_post_was_ever_published":false},"categories":[15],"tags":[],"class_list":["post-9108","post","type-post","status-publish","format-standard","has-post-thumbnail","category-saude"],"jetpack_publicize_connections":[],"jetpack-related-posts":[],"jetpack_shortlink":"https:\/\/wp.me\/p7Eq1F-2mU","jetpack_sharing_enabled":true,"jetpack_featured_media_url":"https:\/\/i0.wp.com\/guialimeira.com.br\/news\/wp-content\/uploads\/2024\/06\/combate_dengue_12.jpg?fit=1600%2C800&ssl=1","_links":{"self":[{"href":"https:\/\/guialimeira.com.br\/news\/wp-json\/wp\/v2\/posts\/9108","targetHints":{"allow":["GET"]}}],"collection":[{"href":"https:\/\/guialimeira.com.br\/news\/wp-json\/wp\/v2\/posts"}],"about":[{"href":"https:\/\/guialimeira.com.br\/news\/wp-json\/wp\/v2\/types\/post"}],"author":[{"embeddable":true,"href":"https:\/\/guialimeira.com.br\/news\/wp-json\/wp\/v2\/users\/1"}],"replies":[{"embeddable":true,"href":"https:\/\/guialimeira.com.br\/news\/wp-json\/wp\/v2\/comments?post=9108"}],"version-history":[{"count":0,"href":"https:\/\/guialimeira.com.br\/news\/wp-json\/wp\/v2\/posts\/9108\/revisions"}],"wp:featuredmedia":[{"embeddable":true,"href":"https:\/\/guialimeira.com.br\/news\/wp-json\/wp\/v2\/media\/9109"}],"wp:attachment":[{"href":"https:\/\/guialimeira.com.br\/news\/wp-json\/wp\/v2\/media?parent=9108"}],"wp:term":[{"taxonomy":"category","embeddable":true,"href":"https:\/\/guialimeira.com.br\/news\/wp-json\/wp\/v2\/categories?post=9108"},{"taxonomy":"post_tag","embeddable":true,"href":"https:\/\/guialimeira.com.br\/news\/wp-json\/wp\/v2\/tags?post=9108"}],"curies":[{"name":"wp","href":"https:\/\/api.w.org\/{rel}","templated":true}]}}