{"id":9105,"date":"2024-06-27T06:53:12","date_gmt":"2024-06-27T09:53:12","guid":{"rendered":"https:\/\/guialimeira.com.br\/2024\/06\/27\/diretores-de-escolas-municipais-recebem-certificados-apos-formacao\/"},"modified":"2024-06-27T06:53:12","modified_gmt":"2024-06-27T09:53:12","slug":"diretores-de-escolas-municipais-recebem-certificados-apos-formacao","status":"publish","type":"post","link":"https:\/\/guialimeira.com.br\/news\/diretores-de-escolas-municipais-recebem-certificados-apos-formacao\/","title":{"rendered":"Diretores de escolas municipais recebem certificados ap\u00f3s forma\u00e7\u00e3o"},"content":{"rendered":"<p> <br \/>\n<br \/><img data-recalc-dims=\"1\" decoding=\"async\" src=\"https:\/\/i0.wp.com\/ecrie.com.br\/sistema\/conteudos\/imagem\/m_137_0_2_26062024152900.jpg?w=696&#038;ssl=1\" \/><\/p>\n<p style=\"text-align: justify\">Cerca de 80 diretores da rede municipal de ensino receberam certificados pela conclus&atilde;o do Curso de Mentoria de Diretores Escolares, promovido pela equipe de Supervis&atilde;o da Secretaria de Educa&ccedil;&atilde;o. A cerim&ocirc;nia ocorreu no Teatro Nair Bello, com a presen&ccedil;a do respons&aacute;vel pela pasta, Andr&eacute; De Francesco, e do secret&aacute;rio de Comunica&ccedil;&atilde;o Social, S&eacute;rgio Moreira.<\/p>\n<p style=\"text-align: justify\">A capacita&ccedil;&atilde;o foi adaptada de um curso de aperfei&ccedil;oamento da Universidade Federal de S&atilde;o Carlos (Ufscar) e consistiu em um processo de colabora&ccedil;&atilde;o com o objetivo de incentivar a gest&atilde;o participativa, por meio da troca de experi&ecirc;ncia e de saberes entre os diretores. A forma&ccedil;&atilde;o teve carga de 40 horas e foi acompanhada por Agentes de Desenvolvimento Educacional da pasta.<\/p>\n<p style=\"text-align: justify\">&ldquo;A gest&atilde;o do prefeito Mario Botion e da vice-prefeita Erika Tank tem uma pol&iacute;tica permanente de forma&ccedil;&atilde;o dos servidores, em especial os da educa&ccedil;&atilde;o. No caso dos gestores, o objetivo &eacute; promover o aprofundamento e um olhar diferente para que os diretores tenham ferramentas para lidar com o desafio da gest&atilde;o escolar, o que impacta positivamente no ensino aos alunos&rdquo;, comentou Francesco.<\/p>\n<p><br \/>\n<br \/><a href=\"https:\/\/limeira.sp.gov.br\/diretores-de-escolas-municipais-recebem-certificados-apos-formacao\" rel=\"noopener\">Informa\u00e7\u00f5es da PML <\/a><\/p>\n","protected":false},"excerpt":{"rendered":"<p>Cerca de 80 diretores da rede municipal de ensino receberam certificados pela conclus&atilde;o do Curso de Mentoria de Diretores Escolares, promovido pela equipe de Supervis&atilde;o da Secretaria de Educa&ccedil;&atilde;o. A cerim&ocirc;nia ocorreu no Teatro Nair Bello, com a presen&ccedil;a do respons&aacute;vel pela pasta, Andr&eacute; De Francesco, e do secret&aacute;rio de Comunica&ccedil;&atilde;o Social, S&eacute;rgio Moreira. A [&hellip;]<\/p>\n","protected":false},"author":1,"featured_media":9106,"comment_status":"open","ping_status":"open","sticky":false,"template":"","format":"standard","meta":{"_jetpack_newsletter_access":"","_jetpack_dont_email_post_to_subs":false,"_jetpack_newsletter_tier_id":0,"_jetpack_memberships_contains_paywalled_content":false,"_mbp_banners":[],"_jetpack_feature_clip_id":0,"_jetpack_memberships_contains_paid_content":false,"footnotes":"","jetpack_publicize_message":"","jetpack_publicize_feature_enabled":true,"jetpack_social_post_already_shared":true,"jetpack_social_options":{"image_generator_settings":{"template":"highway","default_image_id":0,"font":"","enabled":false},"version":2},"jetpack_post_was_ever_published":false},"categories":[16],"tags":[],"class_list":["post-9105","post","type-post","status-publish","format-standard","has-post-thumbnail","category-local"],"jetpack_publicize_connections":[],"jetpack-related-posts":[],"jetpack_shortlink":"https:\/\/wp.me\/p7Eq1F-2mR","jetpack_sharing_enabled":true,"jetpack_featured_media_url":"https:\/\/i0.wp.com\/guialimeira.com.br\/news\/wp-content\/uploads\/2024\/06\/m_137_0_2_26062024152900.jpg?fit=1280%2C852&ssl=1","_links":{"self":[{"href":"https:\/\/guialimeira.com.br\/news\/wp-json\/wp\/v2\/posts\/9105","targetHints":{"allow":["GET"]}}],"collection":[{"href":"https:\/\/guialimeira.com.br\/news\/wp-json\/wp\/v2\/posts"}],"about":[{"href":"https:\/\/guialimeira.com.br\/news\/wp-json\/wp\/v2\/types\/post"}],"author":[{"embeddable":true,"href":"https:\/\/guialimeira.com.br\/news\/wp-json\/wp\/v2\/users\/1"}],"replies":[{"embeddable":true,"href":"https:\/\/guialimeira.com.br\/news\/wp-json\/wp\/v2\/comments?post=9105"}],"version-history":[{"count":0,"href":"https:\/\/guialimeira.com.br\/news\/wp-json\/wp\/v2\/posts\/9105\/revisions"}],"wp:featuredmedia":[{"embeddable":true,"href":"https:\/\/guialimeira.com.br\/news\/wp-json\/wp\/v2\/media\/9106"}],"wp:attachment":[{"href":"https:\/\/guialimeira.com.br\/news\/wp-json\/wp\/v2\/media?parent=9105"}],"wp:term":[{"taxonomy":"category","embeddable":true,"href":"https:\/\/guialimeira.com.br\/news\/wp-json\/wp\/v2\/categories?post=9105"},{"taxonomy":"post_tag","embeddable":true,"href":"https:\/\/guialimeira.com.br\/news\/wp-json\/wp\/v2\/tags?post=9105"}],"curies":[{"name":"wp","href":"https:\/\/api.w.org\/{rel}","templated":true}]}}