{"id":9089,"date":"2024-06-27T04:59:32","date_gmt":"2024-06-27T07:59:32","guid":{"rendered":"https:\/\/guialimeira.com.br\/2024\/06\/27\/proex-podera-financiar-pre-embarque-de-exportacoes-brasileiras\/"},"modified":"2024-06-27T04:59:32","modified_gmt":"2024-06-27T07:59:32","slug":"proex-podera-financiar-pre-embarque-de-exportacoes-brasileiras","status":"publish","type":"post","link":"https:\/\/guialimeira.com.br\/news\/proex-podera-financiar-pre-embarque-de-exportacoes-brasileiras\/","title":{"rendered":"Proex poder\u00e1 financiar pr\u00e9-embarque de exporta\u00e7\u00f5es brasileiras"},"content":{"rendered":"<p> <br \/>\n<\/p>\n<div>\n<p>As empresas exportadoras brasileiras poder\u00e3o financiar as vendas para o exterior at\u00e9 seis meses antes do embarque. O Conselho Monet\u00e1rio Nacional (CMN) aprovou nesta quarta-feira (26) a amplia\u00e7\u00e3o do Programa de Financiamento \u00e0s Exporta\u00e7\u00f5es (Proex) para permitir o financiamento pr\u00e9-embarque.<img data-recalc-dims=\"1\" decoding=\"async\" src=\"https:\/\/i0.wp.com\/agenciabrasil.ebc.com.br\/ebc.png?w=696&#038;ssl=1\" style=\"width:1px; height:1px; display:inline;\"\/><img data-recalc-dims=\"1\" decoding=\"async\" src=\"https:\/\/i0.wp.com\/agenciabrasil.ebc.com.br\/ebc.gif?w=696&#038;ssl=1\" style=\"width:1px; height:1px; display:inline;\"\/><\/p>\n<p>Atualmente, o financiamento ocorre na fase p\u00f3s-embarque, com o cr\u00e9dito s\u00f3 sendo liberado ap\u00f3s a comprova\u00e7\u00e3o do embarque das mercadorias ou do faturamento dos servi\u00e7os. Com a nova medida, o desembolso poder\u00e1 ocorrer at\u00e9 180 dias antes da exporta\u00e7\u00e3o, que dever\u00e1 ser comprovado\u00a0em at\u00e9 15 dias da data prevista no cronograma aprovado. Nesse caso, o financiamento come\u00e7ar\u00e1 no momento do desembolso, e n\u00e3o no da exporta\u00e7\u00e3o.<\/p>\n<p>Em nota, o Minist\u00e9rio da Fazenda informou que esse tipo de financiamento ajudar\u00e1 empresas com acesso restrito a outras fontes de cr\u00e9dito antes do embarque. As exporta\u00e7\u00f5es cobertas por outros financiamentos (pr\u00e9 ou p\u00f3s-embarque) ou com adiantamentos recebidos pelo exportador n\u00e3o poder\u00e3o receber o financiamento pr\u00e9-embarque do Proex.<\/p>\n<p>Quando n\u00e3o houver comprova\u00e7\u00e3o de que a exporta\u00e7\u00e3o ocorreu at\u00e9 a data prevista, quando os bens ou servi\u00e7os exportados n\u00e3o forem fabricados ou prestados pelo exportador, ou quando o exportador n\u00e3o apresentar os documentos exigidos, ou false\u00e1-los, o financiamento ser\u00e1 suspenso, e o exportador dever\u00e1 reembolsar os valores corrigidos \u00e0 Uni\u00e3o. Caso a descaracteriza\u00e7\u00e3o das opera\u00e7\u00f5es seja superior a 15% de seu montante total, o exportador ficar\u00e1 impedido de contratar com o Proex por cinco anos.<\/p>\n<p>Segundo o Minist\u00e9rio da Fazenda, o financiamento pr\u00e9-embarque n\u00e3o aumenta as despesas do Tesouro Nacional. Isso porque os recursos sair\u00e3o dos valores j\u00e1 previstos no Or\u00e7amento Geral da Uni\u00e3o para o Proex Financiamento.<\/p>\n<p>Criado em 2001, o Proex apoia as exporta\u00e7\u00f5es brasileiras de bens e servi\u00e7os por meio da promo\u00e7\u00e3o de financiamento em condi\u00e7\u00f5es equivalentes \u00e0s praticadas no mercado internacional.<\/p>\n<\/p><\/div>\n<p><br \/>\n<br \/><a href=\"https:\/\/agenciabrasil.ebc.com.br\/economia\/noticia\/2024-06\/proex-podera-financiar-pre-embarque-de-exportacoes-brasileiras\" rel=\"noopener\">Ag\u00eancia Brasil<\/a><\/p>\n","protected":false},"excerpt":{"rendered":"<p>As empresas exportadoras brasileiras poder\u00e3o financiar as vendas para o exterior at\u00e9 seis meses antes do embarque. O Conselho Monet\u00e1rio Nacional (CMN) aprovou nesta quarta-feira (26) a amplia\u00e7\u00e3o do Programa de Financiamento \u00e0s Exporta\u00e7\u00f5es (Proex) para permitir o financiamento pr\u00e9-embarque. Atualmente, o financiamento ocorre na fase p\u00f3s-embarque, com o cr\u00e9dito s\u00f3 sendo liberado ap\u00f3s a [&hellip;]<\/p>\n","protected":false},"author":1,"featured_media":9090,"comment_status":"open","ping_status":"open","sticky":false,"template":"","format":"standard","meta":{"_jetpack_newsletter_access":"","_jetpack_dont_email_post_to_subs":false,"_jetpack_newsletter_tier_id":0,"_jetpack_memberships_contains_paywalled_content":false,"_mbp_banners":[],"_jetpack_feature_clip_id":0,"_jetpack_memberships_contains_paid_content":false,"footnotes":"","jetpack_publicize_message":"","jetpack_publicize_feature_enabled":true,"jetpack_social_post_already_shared":true,"jetpack_social_options":{"image_generator_settings":{"template":"highway","default_image_id":0,"font":"","enabled":false},"version":2},"jetpack_post_was_ever_published":false},"categories":[24],"tags":[],"class_list":["post-9089","post","type-post","status-publish","format-standard","has-post-thumbnail","category-economia"],"jetpack_publicize_connections":[],"jetpack-related-posts":[],"jetpack_shortlink":"https:\/\/wp.me\/p7Eq1F-2mB","jetpack_sharing_enabled":true,"jetpack_featured_media_url":"https:\/\/i0.wp.com\/guialimeira.com.br\/news\/wp-content\/uploads\/2024\/06\/portos_0.jpg?fit=1600%2C800&ssl=1","_links":{"self":[{"href":"https:\/\/guialimeira.com.br\/news\/wp-json\/wp\/v2\/posts\/9089","targetHints":{"allow":["GET"]}}],"collection":[{"href":"https:\/\/guialimeira.com.br\/news\/wp-json\/wp\/v2\/posts"}],"about":[{"href":"https:\/\/guialimeira.com.br\/news\/wp-json\/wp\/v2\/types\/post"}],"author":[{"embeddable":true,"href":"https:\/\/guialimeira.com.br\/news\/wp-json\/wp\/v2\/users\/1"}],"replies":[{"embeddable":true,"href":"https:\/\/guialimeira.com.br\/news\/wp-json\/wp\/v2\/comments?post=9089"}],"version-history":[{"count":0,"href":"https:\/\/guialimeira.com.br\/news\/wp-json\/wp\/v2\/posts\/9089\/revisions"}],"wp:featuredmedia":[{"embeddable":true,"href":"https:\/\/guialimeira.com.br\/news\/wp-json\/wp\/v2\/media\/9090"}],"wp:attachment":[{"href":"https:\/\/guialimeira.com.br\/news\/wp-json\/wp\/v2\/media?parent=9089"}],"wp:term":[{"taxonomy":"category","embeddable":true,"href":"https:\/\/guialimeira.com.br\/news\/wp-json\/wp\/v2\/categories?post=9089"},{"taxonomy":"post_tag","embeddable":true,"href":"https:\/\/guialimeira.com.br\/news\/wp-json\/wp\/v2\/tags?post=9089"}],"curies":[{"name":"wp","href":"https:\/\/api.w.org\/{rel}","templated":true}]}}