{"id":9083,"date":"2024-06-27T04:56:25","date_gmt":"2024-06-27T07:56:25","guid":{"rendered":"https:\/\/guialimeira.com.br\/2024\/06\/27\/saude-treina-profissionais-que-atuam-em-territorio-yanomami\/"},"modified":"2024-06-27T04:56:25","modified_gmt":"2024-06-27T07:56:25","slug":"saude-treina-profissionais-que-atuam-em-territorio-yanomami","status":"publish","type":"post","link":"https:\/\/guialimeira.com.br\/news\/saude-treina-profissionais-que-atuam-em-territorio-yanomami\/","title":{"rendered":"Sa\u00fade treina profissionais que atuam em territ\u00f3rio yanomami"},"content":{"rendered":"<p> <br \/>\n<\/p>\n<div>\n<p>Profissionais de sa\u00fade que atuam na Terra Ind\u00edgena Yanomami est\u00e3o sendo qualificados para reduzirem urg\u00eancias obst\u00e9tricas e neonatais; aperfei\u00e7oarem o diagn\u00f3stico e o tratamento contra a mal\u00e1ria; e melhorarem a triagem nutricional da popula\u00e7\u00e3o. Os cursos t\u00eam dura\u00e7\u00e3o de 10 dias e v\u00e3o at\u00e9 a pr\u00f3xima quinta-feira (27).<img data-recalc-dims=\"1\" decoding=\"async\" src=\"https:\/\/i0.wp.com\/agenciabrasil.ebc.com.br\/ebc.png?w=696&#038;ssl=1\" style=\"width:1px; height:1px; display:inline;\"\/><img data-recalc-dims=\"1\" decoding=\"async\" src=\"https:\/\/i0.wp.com\/agenciabrasil.ebc.com.br\/ebc.gif?w=696&#038;ssl=1\" style=\"width:1px; height:1px; display:inline;\"\/><\/p>\n<p>Em nota, o Minist\u00e9rio da Sa\u00fade informou que a capacita\u00e7\u00e3o tem como foco a assist\u00eancia \u00e0s urg\u00eancias e emerg\u00eancias obst\u00e9tricas, neonatais e infantis na aten\u00e7\u00e3o prim\u00e1ria. Ao todo, 70 profissionais, incluindo m\u00e9dicos, enfermeiros e t\u00e9cnicos de enfermagem que atuam no territ\u00f3rio yanomami, na maternidade da Casa de Sa\u00fade Ind\u00edgena (Casai) e no Servi\u00e7o de Atendimento M\u00f3vel de Urg\u00eancia (SAMU), recebem treinamento.<\/p>\n<p>\u201cA forma\u00e7\u00e3o busca prevenir a mortalidade materna causada por hemorragias p\u00f3s-parto, infec\u00e7\u00f5es puerperais\/sepse e ecl\u00e2mpsia. A estrat\u00e9gia de capacita\u00e7\u00e3o vai incluir emerg\u00eancias obst\u00e9tricas, cuidados ao nascimento, reanima\u00e7\u00e3o e transporte neonatal, al\u00e9m da qualifica\u00e7\u00e3o para a Aten\u00e7\u00e3o Integrada \u00e0s Doen\u00e7as Prevalentes na Inf\u00e2ncia\u201d, destacou a pasta.<\/p>\n<h2>Mal\u00e1ria<\/h2>\n<p>De acordo com o minist\u00e9rio, um segundo treinamento, igualmente aplicado na Terra Ind\u00edgena Yanomami, foca na reciclagem do profissional de sa\u00fade para a preven\u00e7\u00e3o, o diagn\u00f3stico e o tratamento da mal\u00e1ria. No curso, s\u00e3o atualizadas pr\u00e1ticas como abordagem do ciclo da doen\u00e7a, sintomas, diagn\u00f3stico como exame cl\u00ednico e realiza\u00e7\u00e3o de teste r\u00e1pido e coleta de l\u00e2minas.<\/p>\n<p>\u201cDentro da forma\u00e7\u00e3o, os profissionais de sa\u00fade ter\u00e3o contato com lideran\u00e7as ind\u00edgenas e m\u00e9dicos tradicionais para a troca de conhecimentos sobre os cuidados e como os povos ind\u00edgenas se comportam quando acometidos pela doen\u00e7a.\u201d<\/p>\n<p>Quest\u00f5es como quebra e abandono de tratamento, administra\u00e7\u00e3o da medica\u00e7\u00e3o e caracter\u00edsticas espec\u00edficas do povo yanomami, segundo a pasta, tamb\u00e9m s\u00e3o abordadas, al\u00e9m de pr\u00e1ticas de educa\u00e7\u00e3o em sa\u00fade como controle ambiental, notifica\u00e7\u00e3o e registro dos casos.<\/p>\n<h2>Triagem nutricional<\/h2>\n<p>Ainda de acordo com o minist\u00e9rio, a triagem e a preven\u00e7\u00e3o da desnutri\u00e7\u00e3o s\u00e3o o foco de aulas direcionadas aos agentes de sa\u00fade. \u201cA ideia \u00e9 fortalecer pr\u00e1ticas como identifica\u00e7\u00e3o de elementos determinantes da desnutri\u00e7\u00e3o. O curso refor\u00e7a a necessidade de aten\u00e7\u00e3o para a\u00e7\u00f5es da assist\u00eancia como medir temperatura e altura, pesar e fazer o teste de per\u00edmetro braquial\u201d.<\/p>\n<p>Dados da Secretaria de Sa\u00fade Ind\u00edgena (Sesai) indicam que o povo yanomami tem a maior terra ind\u00edgena do Brasil, com 10 milh\u00f5es de hectares, mais de 380 comunidades e 30 mil ind\u00edgenas.<\/p>\n<\/p><\/div>\n<p><br \/>\n<br \/><a href=\"https:\/\/agenciabrasil.ebc.com.br\/saude\/noticia\/2024-06\/saude-treina-profissionais-que-atuam-em-territorio-yanomami\" rel=\"noopener\">Ag\u00eancia Brasil <\/a><\/p>\n","protected":false},"excerpt":{"rendered":"<p>Profissionais de sa\u00fade que atuam na Terra Ind\u00edgena Yanomami est\u00e3o sendo qualificados para reduzirem urg\u00eancias obst\u00e9tricas e neonatais; aperfei\u00e7oarem o diagn\u00f3stico e o tratamento contra a mal\u00e1ria; e melhorarem a triagem nutricional da popula\u00e7\u00e3o. Os cursos t\u00eam dura\u00e7\u00e3o de 10 dias e v\u00e3o at\u00e9 a pr\u00f3xima quinta-feira (27). Em nota, o Minist\u00e9rio da Sa\u00fade informou [&hellip;]<\/p>\n","protected":false},"author":1,"featured_media":9084,"comment_status":"open","ping_status":"open","sticky":false,"template":"","format":"standard","meta":{"_jetpack_newsletter_access":"","_jetpack_dont_email_post_to_subs":false,"_jetpack_newsletter_tier_id":0,"_jetpack_memberships_contains_paywalled_content":false,"_mbp_banners":[],"_jetpack_feature_clip_id":0,"_jetpack_memberships_contains_paid_content":false,"footnotes":"","jetpack_publicize_message":"","jetpack_publicize_feature_enabled":true,"jetpack_social_post_already_shared":true,"jetpack_social_options":{"image_generator_settings":{"template":"highway","default_image_id":0,"font":"","enabled":false},"version":2},"jetpack_post_was_ever_published":false},"categories":[15],"tags":[],"class_list":["post-9083","post","type-post","status-publish","format-standard","has-post-thumbnail","category-saude"],"jetpack_publicize_connections":[],"jetpack-related-posts":[],"jetpack_shortlink":"https:\/\/wp.me\/p7Eq1F-2mv","jetpack_sharing_enabled":true,"jetpack_featured_media_url":"https:\/\/i0.wp.com\/guialimeira.com.br\/news\/wp-content\/uploads\/2024\/06\/yanomami-frazao-7.jpg?fit=1600%2C800&ssl=1","_links":{"self":[{"href":"https:\/\/guialimeira.com.br\/news\/wp-json\/wp\/v2\/posts\/9083","targetHints":{"allow":["GET"]}}],"collection":[{"href":"https:\/\/guialimeira.com.br\/news\/wp-json\/wp\/v2\/posts"}],"about":[{"href":"https:\/\/guialimeira.com.br\/news\/wp-json\/wp\/v2\/types\/post"}],"author":[{"embeddable":true,"href":"https:\/\/guialimeira.com.br\/news\/wp-json\/wp\/v2\/users\/1"}],"replies":[{"embeddable":true,"href":"https:\/\/guialimeira.com.br\/news\/wp-json\/wp\/v2\/comments?post=9083"}],"version-history":[{"count":0,"href":"https:\/\/guialimeira.com.br\/news\/wp-json\/wp\/v2\/posts\/9083\/revisions"}],"wp:featuredmedia":[{"embeddable":true,"href":"https:\/\/guialimeira.com.br\/news\/wp-json\/wp\/v2\/media\/9084"}],"wp:attachment":[{"href":"https:\/\/guialimeira.com.br\/news\/wp-json\/wp\/v2\/media?parent=9083"}],"wp:term":[{"taxonomy":"category","embeddable":true,"href":"https:\/\/guialimeira.com.br\/news\/wp-json\/wp\/v2\/categories?post=9083"},{"taxonomy":"post_tag","embeddable":true,"href":"https:\/\/guialimeira.com.br\/news\/wp-json\/wp\/v2\/tags?post=9083"}],"curies":[{"name":"wp","href":"https:\/\/api.w.org\/{rel}","templated":true}]}}