{"id":9077,"date":"2024-06-27T04:50:19","date_gmt":"2024-06-27T07:50:19","guid":{"rendered":"https:\/\/guialimeira.com.br\/2024\/06\/27\/brasileiro-juventude-derrota-lider-flamengo-no-alfredo-jaconi\/"},"modified":"2024-06-27T04:50:19","modified_gmt":"2024-06-27T07:50:19","slug":"brasileiro-juventude-derrota-lider-flamengo-no-alfredo-jaconi","status":"publish","type":"post","link":"https:\/\/guialimeira.com.br\/news\/brasileiro-juventude-derrota-lider-flamengo-no-alfredo-jaconi\/","title":{"rendered":"Brasileiro: Juventude derrota l\u00edder Flamengo no Alfredo Jaconi"},"content":{"rendered":"<p> <br \/>\n<\/p>\n<div>\n<p>O Juventude aproveitou o fator casa para derrotar o Flamengo por 2 a 1 de virada, na noite desta quarta-feira (26) no est\u00e1dio Alfredo Jaconi, localizado em Caxias do Sul, em partida v\u00e1lida pela 12\u00aa rodada do Campeonato Brasileiro que foi transmitida ao vivo pela <strong>R\u00e1dio Nacional<\/strong>.<img data-recalc-dims=\"1\" decoding=\"async\" src=\"https:\/\/i0.wp.com\/agenciabrasil.ebc.com.br\/ebc.png?w=696&#038;ssl=1\" style=\"width:1px; height:1px; display:inline;\"\/><img data-recalc-dims=\"1\" decoding=\"async\" src=\"https:\/\/i0.wp.com\/agenciabrasil.ebc.com.br\/ebc.gif?w=696&#038;ssl=1\" style=\"width:1px; height:1px; display:inline;\"\/><\/p>\n<blockquote class=\"twitter-tweet\">\n<p dir=\"ltr\" lang=\"pt\" xml:lang=\"pt\">COM A FOR\u00c7A DO ALFREDO JACONI, JUVENTUDE DERROTA O L\u00cdDER DO CAMPEONATO BRASILEIRO \ud83c\uddf3\ud83c\uddec<\/p>\n<p>Com atua\u00e7\u00e3o de luxo na casa da Papada, o Juz\u00e3o fez 2 a 1 no Flamengo e sobe na tabela de classifica\u00e7\u00e3o. Lucas Barbosa e Mandaca marcaram os gols da equipe alviverde.<\/p>\n<p>\ud83d\udcf7 Fernando Alves\/ECJ <a href=\"https:\/\/t.co\/Pn4cHbv5Sr\">pic.twitter.com\/Pn4cHbv5Sr<\/a><\/p>\n<p>\u2014 E.C. Juventude (@ECJuventude) <a href=\"https:\/\/twitter.com\/ECJuventude\/status\/1806128909668204662?ref_src=twsrc%5Etfw\" rel=\"noopener\">June 27, 2024<\/a><\/p><\/blockquote>\n<p>Por\u00e9m, mesmo com este rev\u00e9s o Rubro-Negro permaneceu na ponta da classifica\u00e7\u00e3o da competi\u00e7\u00e3o nacional com 24 pontos conquistados, pois o Palmeiras, que iniciou a rodada na vice-lideran\u00e7a com 23 pontos, acabou sendo superado pelo Fortaleza por 3 a 0.<\/p>\n<p>A primeira etapa da partida disputada no Alfredo Jaconi foi marcada pelo equil\u00edbrio. A equipe comandada pelo t\u00e9cnico Tite abriu o placar aos 18 minutos com o centroavante Pedro, que finalizou de peito bola levantada na \u00e1rea por Luiz Ara\u00fajo. Por\u00e9m, sete minutos depois o Juventude deixou tudo igual gra\u00e7as a cabe\u00e7ada perfeita do atacante Lucas Barbosa. O placar permaneceu inalterado at\u00e9 os 41 minutos do segundo tempo, quando Luis Mandaca marcou o gol da vit\u00f3ria.<\/p>\n<h2>Trope\u00e7o do Palmeiras<\/h2>\n<p>Com o trope\u00e7o do Flamengo, o Palmeiras enfrentou o Fortaleza no Castel\u00e3o com a possibilidade de assumir a ponta da classifica\u00e7\u00e3o caso somasse tr\u00eas pontos fora de casa. Por\u00e9m, a equipe comandada pelo t\u00e9cnico portugu\u00eas Abel Ferreira foi superada por 3 a 0 pelo Tricolor, que marcou uma vez com Bruno Pacheco e duas com Lucero. Ap\u00f3s este resultado o Verd\u00e3o caiu para a 4\u00aa posi\u00e7\u00e3o. J\u00e1 o time de Juan Pablo Vojvoda chegou aos 17 pontos, na 9\u00aa coloca\u00e7\u00e3o.<\/p>\n<blockquote class=\"twitter-tweet\">\n<p dir=\"ltr\" lang=\"pt\" xml:lang=\"pt\">FIIIIIIIIIIIIIM DE JOGOOOO NA ARENA CASTEL\u00c3OOOOO! EM UMA NOITE SENSACIONAL, O FORTALEZA VENCE O PALMEIRAS POR 3&#215;0 E SOMA MAIS TR\u00caS PONTOS FUNDAMENTAIS NA TABELA DO BRASILEIR\u00c3O! PR\u00d3XIMO DOMINGO TE ESPERAMOS DE NOVO EM NOSSA CASA!<\/p>\n<p>VAMOOOOOOOOOOOOOOOOOOOS! \ud83e\udd81<\/p>\n<p>\u26bd\u26bd Lucero<br \/>\u26bd Bruno\u2026 <a href=\"https:\/\/t.co\/FmCe4X5hxk\">pic.twitter.com\/FmCe4X5hxk<\/a><\/p>\n<p>\u2014 Fortaleza Esporte Clube \ud83e\udd81 (@FortalezaEC) <a href=\"https:\/\/twitter.com\/FortalezaEC\/status\/1806151967531532645?ref_src=twsrc%5Etfw\" rel=\"noopener\">June 27, 2024<\/a><\/p><\/blockquote>\n<h2>Bahia vice-l\u00edder<\/h2>\n<p>A equipe que melhor aproveitou a rodada nesta quarta foi o Bahia, que derrotou o Vasco por 2 a 1 na Arena Fonte Nova. Com este triunfo o Tricolor Baiano chegou aos mesmos 24 pontos do l\u00edder Flamengo, mas permaneceu na vice-lideran\u00e7a por ter um menor saldo de gols. J\u00e1 o Cruzmaltino permaneceu com dez pontos, na 15\u00aa coloca\u00e7\u00e3o.<\/p>\n<blockquote class=\"twitter-tweet\">\n<p dir=\"ltr\" lang=\"pt\" xml:lang=\"pt\">\ud83d\ude4c\ud83c\udffd DE VOLTA AO TOPO! Esquadr\u00e3o vence Vasco por 2 a 1 numa Fonte pulsando e reassume dianteira do Brasileira, ao lado do Flamengo. Gols de Thaciano e Oscar. Vamo! <a href=\"https:\/\/twitter.com\/hashtag\/BBMP?src=hash&amp;ref_src=twsrc%5Etfw\" rel=\"noopener\">#BBMP<\/a> <a href=\"https:\/\/t.co\/qsfnIeNKth\">pic.twitter.com\/qsfnIeNKth<\/a><\/p>\n<p>\u2014 Esporte Clube Bahia (@ecbahia) <a href=\"https:\/\/twitter.com\/ecbahia\/status\/1806152367508713920?ref_src=twsrc%5Etfw\" rel=\"noopener\">June 27, 2024<\/a><\/p><\/blockquote>\n<h2>Outros resultados:<\/h2>\n<p>Cruzeiro 2 x 0 Athletico-PR<br \/>Botafogo 2 x 1 Bragantino<br \/>Corinthians 1 x 1 Cuiab\u00e1<br \/>Atl\u00e9tico-GO 1 x 1 Gr\u00eamio<br \/>Internacional 1 x 2 Atl\u00e9tico-MG<\/p>\n<\/p><\/div>\n<p><script async src=\"\/\/platform.twitter.com\/widgets.js\" charset=\"utf-8\"><\/script><br \/>\n<br \/><br \/>\n<br \/><a href=\"https:\/\/agenciabrasil.ebc.com.br\/esportes\/noticia\/2024-06\/brasileiro-juventude-derrota-lider-flamengo-no-alfredo-jaconi\" rel=\"noopener\">Ag\u00eancia Brasil<\/a><\/p>\n","protected":false},"excerpt":{"rendered":"<p>O Juventude aproveitou o fator casa para derrotar o Flamengo por 2 a 1 de virada, na noite desta quarta-feira (26) no est\u00e1dio Alfredo Jaconi, localizado em Caxias do Sul, em partida v\u00e1lida pela 12\u00aa rodada do Campeonato Brasileiro que foi transmitida ao vivo pela R\u00e1dio Nacional. COM A FOR\u00c7A DO ALFREDO JACONI, JUVENTUDE DERROTA [&hellip;]<\/p>\n","protected":false},"author":1,"featured_media":9078,"comment_status":"open","ping_status":"open","sticky":false,"template":"","format":"standard","meta":{"_jetpack_newsletter_access":"","_jetpack_dont_email_post_to_subs":false,"_jetpack_newsletter_tier_id":0,"_jetpack_memberships_contains_paywalled_content":false,"_mbp_banners":[],"_jetpack_feature_clip_id":0,"_jetpack_memberships_contains_paid_content":false,"footnotes":"","jetpack_publicize_message":"","jetpack_publicize_feature_enabled":true,"jetpack_social_post_already_shared":true,"jetpack_social_options":{"image_generator_settings":{"template":"highway","default_image_id":0,"font":"","enabled":false},"version":2},"jetpack_post_was_ever_published":false},"categories":[23],"tags":[],"class_list":["post-9077","post","type-post","status-publish","format-standard","has-post-thumbnail","category-esportes"],"jetpack_publicize_connections":[],"jetpack-related-posts":[],"jetpack_shortlink":"https:\/\/wp.me\/p7Eq1F-2mp","jetpack_sharing_enabled":true,"jetpack_featured_media_url":"https:\/\/i0.wp.com\/guialimeira.com.br\/news\/wp-content\/uploads\/2024\/06\/grcqfavwsaay5d1.jpg?fit=1600%2C800&ssl=1","_links":{"self":[{"href":"https:\/\/guialimeira.com.br\/news\/wp-json\/wp\/v2\/posts\/9077","targetHints":{"allow":["GET"]}}],"collection":[{"href":"https:\/\/guialimeira.com.br\/news\/wp-json\/wp\/v2\/posts"}],"about":[{"href":"https:\/\/guialimeira.com.br\/news\/wp-json\/wp\/v2\/types\/post"}],"author":[{"embeddable":true,"href":"https:\/\/guialimeira.com.br\/news\/wp-json\/wp\/v2\/users\/1"}],"replies":[{"embeddable":true,"href":"https:\/\/guialimeira.com.br\/news\/wp-json\/wp\/v2\/comments?post=9077"}],"version-history":[{"count":0,"href":"https:\/\/guialimeira.com.br\/news\/wp-json\/wp\/v2\/posts\/9077\/revisions"}],"wp:featuredmedia":[{"embeddable":true,"href":"https:\/\/guialimeira.com.br\/news\/wp-json\/wp\/v2\/media\/9078"}],"wp:attachment":[{"href":"https:\/\/guialimeira.com.br\/news\/wp-json\/wp\/v2\/media?parent=9077"}],"wp:term":[{"taxonomy":"category","embeddable":true,"href":"https:\/\/guialimeira.com.br\/news\/wp-json\/wp\/v2\/categories?post=9077"},{"taxonomy":"post_tag","embeddable":true,"href":"https:\/\/guialimeira.com.br\/news\/wp-json\/wp\/v2\/tags?post=9077"}],"curies":[{"name":"wp","href":"https:\/\/api.w.org\/{rel}","templated":true}]}}