{"id":9063,"date":"2024-06-25T15:19:33","date_gmt":"2024-06-25T18:19:33","guid":{"rendered":"https:\/\/guialimeira.com.br\/2024\/06\/25\/blitz-educativa-orienta-150-motoristas-sobre-descarte-de-residuos-e-prevencao-as-queimadas\/"},"modified":"2024-06-25T15:19:33","modified_gmt":"2024-06-25T18:19:33","slug":"blitz-educativa-orienta-150-motoristas-sobre-descarte-de-residuos-e-prevencao-as-queimadas","status":"publish","type":"post","link":"https:\/\/guialimeira.com.br\/news\/blitz-educativa-orienta-150-motoristas-sobre-descarte-de-residuos-e-prevencao-as-queimadas\/","title":{"rendered":"Blitz educativa orienta 150 motoristas sobre descarte de res\u00edduos e preven\u00e7\u00e3o \u00e0s queimadas"},"content":{"rendered":"<p> <br \/>\n<br \/><img data-recalc-dims=\"1\" decoding=\"async\" src=\"https:\/\/i0.wp.com\/ecrie.com.br\/sistema\/conteudos\/imagem\/m_137_0_1_25062024145400.jpg?w=696&#038;ssl=1\" \/><\/p>\n<p>Conscientizar a popula&ccedil;&atilde;o sobre a import&acirc;ncia da destina&ccedil;&atilde;o&nbsp;correta&nbsp;de res&iacute;duos s&oacute;lidos e os problemas ambientais causados pelas queimadas.&nbsp;Esses foram os objetivos da blitz educativa realizada ontem (24), no bairro Geada. Organizada pela&nbsp;Prefeitura de Limeira, por meio da Secretaria de&nbsp;Meio Ambiente e Agricultura, com apoio de agentes de tr&acirc;nsito&nbsp;e de integrantes do Pelot&atilde;o Ambiental da Guarda Civil Municipal (GCM), a a&ccedil;&atilde;o fez parte do M&ecirc;s de Conscientiza&ccedil;&atilde;o e Preserva&ccedil;&atilde;o do Meio Ambiente.<\/p>\n<p>Aproximadamente 150 motoristas que passavam pelo local&nbsp;foram abordados pela blitz e ganharam folhetos sobre os riscos do descarte inadequado de lixo.&nbsp;Eles tamb&eacute;m receberam orienta&ccedil;&otilde;es quanto &agrave; necessidade de separa&ccedil;&atilde;o dos materiais para reciclagem:&nbsp;papel, pl&aacute;stico, vidro e metal. Para tanto, os folhetos apresentavam o endere&ccedil;o de todos os ecopontos da cidade e informa&ccedil;&otilde;es sobre o tipo de res&iacute;duo que deve ser descartado nesses locais.<\/p>\n<p>&ldquo;A pr&aacute;tica do descarte irregular de&nbsp;lixo nas vias p&uacute;blicas polui o Meio Ambiente&nbsp;e&nbsp;causa&nbsp;o entupimento das galerias de &aacute;guas pluviais,&nbsp;resultando em alagamentos&rdquo;, destacou o secret&aacute;rio de Meio Ambiente e Agricultura, Reinaldo Buck Belussi. Ele observou, ainda, que al&eacute;m da contamina&ccedil;&atilde;o da &aacute;gua e do solo, os materiais inserv&iacute;veis podem acumular &aacute;gua, ocasionando a prolifera&ccedil;&atilde;o do Aedes aegypti (mosquito transmissor da dengue, zika e chikungunya), al&eacute;m de vetores de outras doen&ccedil;as.<\/p>\n<p><strong>QUEIMADAS<\/strong><strong><br \/><\/strong>Frequentes nesta &eacute;poca do ano, as queimadas&nbsp;e suas consequ&ecirc;ncias tamb&eacute;m foram abordadas durante a blitz. As queimadas, de acordo com Belussi,&nbsp;liberam subst&acirc;ncias t&oacute;xicas, como mon&oacute;xido de carbono e part&iacute;culas finas, que podem agravar problemas respirat&oacute;rios&nbsp;e afetar especialmente a sa&uacute;de de crian&ccedil;as e idosos. &ldquo;Al&eacute;m dos danos &agrave; sa&uacute;de humana, as queimadas destroem a vegeta&ccedil;&atilde;o, empobrecem o solo e contribuem significativamente para o aquecimento global&rdquo;, comentou o secret&aacute;rio.<br \/><strong>DEN&Uacute;NCIAS<\/strong><br \/>A popula&ccedil;&atilde;o foi incentivada a colaborar ativamente na prote&ccedil;&atilde;o ao Meio Ambiente. Den&uacute;ncias sobre descarte inadequado de res&iacute;duos e de queimadas podem ser enviadas &agrave;&nbsp;GCM pelo telefone 153, para o e-Ouve&nbsp;156, e para o Setor de Fiscaliza&ccedil;&atilde;o da Secretaria de Meio Ambiente e Agricultura, pelo n&uacute;mero 3442-9628.<\/p>\n<p><br \/>\n<br \/><a href=\"https:\/\/limeira.sp.gov.br\/blitz-educativa-orienta-150-motoristas-sobre-descarte-de-residuos-e-prevencao-as-queimadas\" rel=\"noopener\">Informa\u00e7\u00f5es da PML <\/a><\/p>\n","protected":false},"excerpt":{"rendered":"<p>Conscientizar a popula&ccedil;&atilde;o sobre a import&acirc;ncia da destina&ccedil;&atilde;o&nbsp;correta&nbsp;de res&iacute;duos s&oacute;lidos e os problemas ambientais causados pelas queimadas.&nbsp;Esses foram os objetivos da blitz educativa realizada ontem (24), no bairro Geada. Organizada pela&nbsp;Prefeitura de Limeira, por meio da Secretaria de&nbsp;Meio Ambiente e Agricultura, com apoio de agentes de tr&acirc;nsito&nbsp;e de integrantes do Pelot&atilde;o Ambiental da Guarda Civil [&hellip;]<\/p>\n","protected":false},"author":1,"featured_media":9064,"comment_status":"open","ping_status":"open","sticky":false,"template":"","format":"standard","meta":{"_jetpack_newsletter_access":"","_jetpack_dont_email_post_to_subs":false,"_jetpack_newsletter_tier_id":0,"_jetpack_memberships_contains_paywalled_content":false,"_mbp_banners":[],"_jetpack_feature_clip_id":0,"_jetpack_memberships_contains_paid_content":false,"footnotes":"","jetpack_publicize_message":"","jetpack_publicize_feature_enabled":true,"jetpack_social_post_already_shared":true,"jetpack_social_options":{"image_generator_settings":{"template":"highway","default_image_id":0,"font":"","enabled":false},"version":2},"jetpack_post_was_ever_published":false},"categories":[16],"tags":[],"class_list":["post-9063","post","type-post","status-publish","format-standard","has-post-thumbnail","category-local"],"jetpack_publicize_connections":[],"jetpack-related-posts":[],"jetpack_shortlink":"https:\/\/wp.me\/p7Eq1F-2mb","jetpack_sharing_enabled":true,"jetpack_featured_media_url":"https:\/\/i0.wp.com\/guialimeira.com.br\/news\/wp-content\/uploads\/2024\/06\/m_137_0_1_25062024145400.jpg?fit=900%2C506&ssl=1","_links":{"self":[{"href":"https:\/\/guialimeira.com.br\/news\/wp-json\/wp\/v2\/posts\/9063","targetHints":{"allow":["GET"]}}],"collection":[{"href":"https:\/\/guialimeira.com.br\/news\/wp-json\/wp\/v2\/posts"}],"about":[{"href":"https:\/\/guialimeira.com.br\/news\/wp-json\/wp\/v2\/types\/post"}],"author":[{"embeddable":true,"href":"https:\/\/guialimeira.com.br\/news\/wp-json\/wp\/v2\/users\/1"}],"replies":[{"embeddable":true,"href":"https:\/\/guialimeira.com.br\/news\/wp-json\/wp\/v2\/comments?post=9063"}],"version-history":[{"count":0,"href":"https:\/\/guialimeira.com.br\/news\/wp-json\/wp\/v2\/posts\/9063\/revisions"}],"wp:featuredmedia":[{"embeddable":true,"href":"https:\/\/guialimeira.com.br\/news\/wp-json\/wp\/v2\/media\/9064"}],"wp:attachment":[{"href":"https:\/\/guialimeira.com.br\/news\/wp-json\/wp\/v2\/media?parent=9063"}],"wp:term":[{"taxonomy":"category","embeddable":true,"href":"https:\/\/guialimeira.com.br\/news\/wp-json\/wp\/v2\/categories?post=9063"},{"taxonomy":"post_tag","embeddable":true,"href":"https:\/\/guialimeira.com.br\/news\/wp-json\/wp\/v2\/tags?post=9063"}],"curies":[{"name":"wp","href":"https:\/\/api.w.org\/{rel}","templated":true}]}}