{"id":9044,"date":"2024-06-25T12:01:42","date_gmt":"2024-06-25T15:01:42","guid":{"rendered":"https:\/\/guialimeira.com.br\/2024\/06\/25\/ministro-confirma-exoneracao-de-diretor-envolvido-no-leilao-do-arroz\/"},"modified":"2024-06-25T12:01:42","modified_gmt":"2024-06-25T15:01:42","slug":"ministro-confirma-exoneracao-de-diretor-envolvido-no-leilao-do-arroz","status":"publish","type":"post","link":"https:\/\/guialimeira.com.br\/news\/ministro-confirma-exoneracao-de-diretor-envolvido-no-leilao-do-arroz\/","title":{"rendered":"Ministro confirma exonera\u00e7\u00e3o de diretor envolvido no leil\u00e3o do arroz"},"content":{"rendered":"<p> <br \/>\n<\/p>\n<div>\n<p>O ministro do Desenvolvimento Agr\u00e1rio e Agricultura Familiar, Paulo Teixeira, confirmou, nesta ter\u00e7a-feira (25), que o diretor de Abastecimento da Companhia Nacional de Abastecimento (Conab), Thiago dos Santos, ser\u00e1 exonerado. A diretoria de Santos era a respons\u00e1vel pelo <a href=\"https:\/\/agenciabrasil.ebc.com.br\/geral\/noticia\/2024-06\/governo-anula-leilao-e-cancela-compra-de-arroz-importado\" target=\"_blank\" rel=\"noopener\">leil\u00e3o para importa\u00e7\u00e3o de arroz que foi anulado no in\u00edcio deste m\u00eas<\/a>\u00a0em raz\u00e3o de \u201cfragilidades\u201d no edital do certame.<img data-recalc-dims=\"1\" decoding=\"async\" src=\"https:\/\/i0.wp.com\/agenciabrasil.ebc.com.br\/ebc.png?w=696&#038;ssl=1\" style=\"width:1px; height:1px; display:inline;\"\/><img data-recalc-dims=\"1\" decoding=\"async\" src=\"https:\/\/i0.wp.com\/agenciabrasil.ebc.com.br\/ebc.gif?w=696&#038;ssl=1\" style=\"width:1px; height:1px; display:inline;\"\/><\/p>\n<p>Ao chegar ao Pal\u00e1cio do Planalto para reuni\u00e3o com o presidente Luiz In\u00e1cio Lula da Silva, Teixeira disse que o governo \u201cvai trocar\u201d o diretor da Conab. Thiago dos Santos foi indica\u00e7\u00e3o do ent\u00e3o secret\u00e1rio de Pol\u00edtica Agr\u00edcola do Minist\u00e9rio da Agricultura, Neri Geller, que tamb\u00e9m deixou o governo ap\u00f3s suspeitas de conflito de interesse em torno do leil\u00e3o. Uma das corretoras de gr\u00e3os que participou do certame \u00e9 de propriedade de um ex-assessor parlamentar de Geller na C\u00e2mara e s\u00f3cio do filho do ex-secret\u00e1rio em outra empresa.<\/p>\n<div class=\"dnd-widget-wrapper context-medio_4colunas type-image atom-align-right\">\n<div class=\"dnd-atom-rendered\"><!-- scald=242670:medio_4colunas {\"additionalClasses\":\"\"} --><\/p>\n<div class=\"shadow overflow-hidden rounded-lg d-block w-100\">\n            <img data-recalc-dims=\"1\" decoding=\"async\" src=\"https:\/\/i0.wp.com\/agenciabrasil.ebc.com.br\/sites\/default\/files\/thumbnails\/image\/loading_v2.gif?w=696&#038;ssl=1\" data-echo=\"https:\/\/imagens.ebc.com.br\/uXoXqLlZXXRdBPuXemh6b3OOq9o=\/365x0\/smart\/https:\/\/agenciabrasil.ebc.com.br\/sites\/default\/files\/thumbnails\/image\/arroz_1009201522.jpg?itok=KoZgLHOi\" alt=\"arroz\" title=\"Marcello Casal JrAg\u00eancia Brasil\" class=\"flex-fill img-cover\"\/><br \/>\n        <img data-recalc-dims=\"1\" decoding=\"async\" src=\"https:\/\/i0.wp.com\/imagens.ebc.com.br\/uXoXqLlZXXRdBPuXemh6b3OOq9o%3D\/365x0\/smart\/https%3A\/\/agenciabrasil.ebc.com.br\/sites\/default\/files\/thumbnails\/image\/arroz_1009201522.jpg?w=696&#038;ssl=1\" alt=\"arroz\" title=\"Marcello Casal JrAg\u00eancia Brasil\" class=\"flex-fill img-cover\"\/>\n    <\/div>\n<p><!-- END scald=242670 --><\/div>\n<p><h6 class=\"meta\">Em raz\u00e3o de \u201cfragilidades\u201d no edital do certame, compra de\u00a0 arroz foi cancelada\u00a0&#8211; <strong>Marcello Casal JrAg\u00eancia Brasil<\/strong><!--END copyright=242670--><\/h6>\n<\/p>\n<\/div>\n<p>Ainda n\u00e3o h\u00e1 data para a publica\u00e7\u00e3o do novo edital para a importa\u00e7\u00e3o de 1 milh\u00e3o de toneladas de arroz. O objetivo da compra p\u00fablica \u00e9 garantir o abastecimento e estabilizar os pre\u00e7os do produto no mercado interno, que tiveram uma alta m\u00e9dia de 14%, chegando em alguns lugares a 100%, ap\u00f3s as inunda\u00e7\u00f5es no Rio Grande do Sul em abril e maio deste ano.<\/p>\n<p>O estado \u00e9 respons\u00e1vel por cerca de 70% do arroz consumido no pa\u00eds. A produ\u00e7\u00e3o local foi atingida tanto na lavoura como em armaz\u00e9ns, al\u00e9m de ter a distribui\u00e7\u00e3o afetada por quest\u00f5es log\u00edsticas no estado.<\/p>\n<p>O governo federal decidiu <a href=\"https:\/\/agenciabrasil.ebc.com.br\/economia\/noticia\/2024-06\/pequenos-e-grandes-mercados-receberao-arroz-importado-pelo-governo\" target=\"_blank\" rel=\"noopener\">anular o leil\u00e3o<\/a> realizado pela Conab no dia 6 de maio\u00a0e cancelou a compra das 263,3 mil toneladas de arroz que seriam importadas para o pa\u00eds, em raz\u00e3o de \u201cfragilidades\u201d no edital. As empresas participam do leil\u00e3o representadas por corretoras em bolsas de Mercadorias e Cereais e s\u00f3 s\u00e3o conhecidas ao final.<\/p>\n<p>Novo edital ser\u00e1 publicado, com mudan\u00e7as nos mecanismos de transpar\u00eancia e seguran\u00e7a jur\u00eddica, mas ainda n\u00e3o h\u00e1 data para o novo leil\u00e3o. No total, mais de R$ 7 bilh\u00f5es foram liberados pelo governo para a compra de at\u00e9 1 milh\u00e3o de toneladas de arroz.<\/p>\n<\/p><\/div>\n<p><br \/>\n<br \/><a href=\"https:\/\/agenciabrasil.ebc.com.br\/economia\/noticia\/2024-06\/ministro-confirma-exoneracao-de-diretor-envolvido-no-leilao-do-arroz\" rel=\"noopener\">Ag\u00eancia Brasil<\/a><\/p>\n","protected":false},"excerpt":{"rendered":"<p>O ministro do Desenvolvimento Agr\u00e1rio e Agricultura Familiar, Paulo Teixeira, confirmou, nesta ter\u00e7a-feira (25), que o diretor de Abastecimento da Companhia Nacional de Abastecimento (Conab), Thiago dos Santos, ser\u00e1 exonerado. A diretoria de Santos era a respons\u00e1vel pelo leil\u00e3o para importa\u00e7\u00e3o de arroz que foi anulado no in\u00edcio deste m\u00eas\u00a0em raz\u00e3o de \u201cfragilidades\u201d no edital [&hellip;]<\/p>\n","protected":false},"author":1,"featured_media":9045,"comment_status":"open","ping_status":"open","sticky":false,"template":"","format":"standard","meta":{"_jetpack_newsletter_access":"","_jetpack_dont_email_post_to_subs":false,"_jetpack_newsletter_tier_id":0,"_jetpack_memberships_contains_paywalled_content":false,"_mbp_banners":[],"_jetpack_feature_clip_id":0,"_jetpack_memberships_contains_paid_content":false,"footnotes":"","jetpack_publicize_message":"","jetpack_publicize_feature_enabled":true,"jetpack_social_post_already_shared":true,"jetpack_social_options":{"image_generator_settings":{"template":"highway","default_image_id":0,"font":"","enabled":false},"version":2},"jetpack_post_was_ever_published":false},"categories":[24],"tags":[],"class_list":["post-9044","post","type-post","status-publish","format-standard","has-post-thumbnail","category-economia"],"jetpack_publicize_connections":[],"jetpack-related-posts":[],"jetpack_shortlink":"https:\/\/wp.me\/p7Eq1F-2lS","jetpack_sharing_enabled":true,"jetpack_featured_media_url":"https:\/\/i0.wp.com\/guialimeira.com.br\/news\/wp-content\/uploads\/2024\/06\/10082023-lula9887.jpg?fit=1600%2C800&ssl=1","_links":{"self":[{"href":"https:\/\/guialimeira.com.br\/news\/wp-json\/wp\/v2\/posts\/9044","targetHints":{"allow":["GET"]}}],"collection":[{"href":"https:\/\/guialimeira.com.br\/news\/wp-json\/wp\/v2\/posts"}],"about":[{"href":"https:\/\/guialimeira.com.br\/news\/wp-json\/wp\/v2\/types\/post"}],"author":[{"embeddable":true,"href":"https:\/\/guialimeira.com.br\/news\/wp-json\/wp\/v2\/users\/1"}],"replies":[{"embeddable":true,"href":"https:\/\/guialimeira.com.br\/news\/wp-json\/wp\/v2\/comments?post=9044"}],"version-history":[{"count":0,"href":"https:\/\/guialimeira.com.br\/news\/wp-json\/wp\/v2\/posts\/9044\/revisions"}],"wp:featuredmedia":[{"embeddable":true,"href":"https:\/\/guialimeira.com.br\/news\/wp-json\/wp\/v2\/media\/9045"}],"wp:attachment":[{"href":"https:\/\/guialimeira.com.br\/news\/wp-json\/wp\/v2\/media?parent=9044"}],"wp:term":[{"taxonomy":"category","embeddable":true,"href":"https:\/\/guialimeira.com.br\/news\/wp-json\/wp\/v2\/categories?post=9044"},{"taxonomy":"post_tag","embeddable":true,"href":"https:\/\/guialimeira.com.br\/news\/wp-json\/wp\/v2\/tags?post=9044"}],"curies":[{"name":"wp","href":"https:\/\/api.w.org\/{rel}","templated":true}]}}