{"id":9040,"date":"2024-06-25T11:57:38","date_gmt":"2024-06-25T14:57:38","guid":{"rendered":"https:\/\/guialimeira.com.br\/2024\/06\/25\/inscricoes-para-primeira-etapa-do-revalida-2024-2-vao-ate-sexta-feira\/"},"modified":"2024-06-25T11:57:38","modified_gmt":"2024-06-25T14:57:38","slug":"inscricoes-para-primeira-etapa-do-revalida-2024-2-vao-ate-sexta-feira","status":"publish","type":"post","link":"https:\/\/guialimeira.com.br\/news\/inscricoes-para-primeira-etapa-do-revalida-2024-2-vao-ate-sexta-feira\/","title":{"rendered":"Inscri\u00e7\u00f5es para primeira etapa do Revalida 2024\/2 v\u00e3o at\u00e9 sexta-feira"},"content":{"rendered":"<p> <br \/>\n<\/p>\n<div>\n<p>Interessados em participar da primeira etapa do Exame Nacional de Revalida\u00e7\u00e3o de Diplomas M\u00e9dicos Expedidos por Institui\u00e7\u00e3o de Educa\u00e7\u00e3o Superior Estrangeira (Revalida) 2024\/2 devem se inscrever, por meio do <a href=\"https:\/\/revalida.inep.gov.br\/revalida\" target=\"_blank\" rel=\"noopener\">Sistema Revalida<\/a>, at\u00e9 a pr\u00f3xima sexta-feira (28). O prazo tamb\u00e9m vale para solicita\u00e7\u00f5es de atendimento especializado e tratamento por nome social.<img data-recalc-dims=\"1\" decoding=\"async\" src=\"https:\/\/i0.wp.com\/agenciabrasil.ebc.com.br\/ebc.png?w=696&#038;ssl=1\" style=\"width:1px; height:1px; display:inline;\"\/><img data-recalc-dims=\"1\" decoding=\"async\" src=\"https:\/\/i0.wp.com\/agenciabrasil.ebc.com.br\/ebc.gif?w=696&#038;ssl=1\" style=\"width:1px; height:1px; display:inline;\"\/><\/p>\n<p>Segundo o Instituto Nacional de Estudos e Pesquisas Educacionais An\u00edsio Teixeira (Inep), nesta edi\u00e7\u00e3o o diploma de gradua\u00e7\u00e3o em medicina dever\u00e1 ser enviado apenas ap\u00f3s a inscri\u00e7\u00e3o, no per\u00edodo do recurso das vers\u00f5es preliminares, previsto para entre 28 de agosto e 1\u00ba de setembro. Caso n\u00e3o possua o diploma, o participante poder\u00e1 apresentar a declara\u00e7\u00e3o ou certificado de conclus\u00e3o de curso.\u00a0<\/p>\n<p>&#8220;Ambos os documentos dever\u00e3o ser expedidos por uma institui\u00e7\u00e3o de educa\u00e7\u00e3o superior estrangeira, reconhecida no pa\u00eds de origem pelo Minist\u00e9rio da Educa\u00e7\u00e3o ou \u00f3rg\u00e3o equivalente, e autenticado pela autoridade consular brasileira ou pelo processo da Conven\u00e7\u00e3o sobre a Elimina\u00e7\u00e3o da Exig\u00eancia de Legaliza\u00e7\u00e3o de Documentos P\u00fablicos Estrangeiros.\u201d<\/p>\n<p>Ainda segundo o Inep, a declara\u00e7\u00e3o ou o certificado de conclus\u00e3o de curso deve conter a comprova\u00e7\u00e3o de conclus\u00e3o de todo o componente curricular obrigat\u00f3rio do curso de medicina realizado no exterior, inclusive de eventuais internatos, est\u00e1gios obrigat\u00f3rios e\/ou provas finais de gradua\u00e7\u00e3o, al\u00e9m de men\u00e7\u00e3o espec\u00edfica quanto \u00e0 condi\u00e7\u00e3o de expedi\u00e7\u00e3o do diploma em tr\u00e2mite.<\/p>\n<p>A documenta\u00e7\u00e3o comprobat\u00f3ria de conclus\u00e3o de curso em idioma diferente da l\u00edngua portuguesa, inglesa, francesa ou espanhola dever\u00e1 ser acompanhada de tradu\u00e7\u00e3o juramentada.<\/p>\n<h2>Provas<\/h2>\n<p>As provas do Revalida acontecem no dia 25 de agosto em Bras\u00edlia, Belo Horizonte, Campo Grande, Curitiba, Porto Velho, Recife, Rio Branco, Salvador e S\u00e3o Paulo. Confira o cronograma completo:<\/p>\n<p>&#8211; Inscri\u00e7\u00f5es: 24 a 28 de junho<\/p>\n<p>&#8211; Solicita\u00e7\u00f5es de atendimento especializado e tratamento por nome social: 24 a 28 de junho<\/p>\n<p>&#8211; Divulga\u00e7\u00e3o da nota de corte: 10 de julho<\/p>\n<p>&#8211; Divulga\u00e7\u00e3o do Cart\u00e3o de Confirma\u00e7\u00e3o da Inscri\u00e7\u00e3o: 30 de julho<\/p>\n<p>&#8211; Aplica\u00e7\u00e3o: 25 de agosto<\/p>\n<p>&#8211; Envio da documenta\u00e7\u00e3o comprobat\u00f3ria de conclus\u00e3o de curso: 28 de agosto a 1\u00ba de setembro<\/p>\n<p>&#8211; Divulga\u00e7\u00e3o do gabarito e do padr\u00e3o de resposta (vers\u00f5es definitivas): 1\u00ba de outubro<\/p>\n<p>&#8211; Resultado final da 1\u00aa etapa: 25 de outubro<\/p>\n<h2>Entenda<\/h2>\n<p>O Revalida \u00e9 composto por duas etapas, te\u00f3rica e pr\u00e1tica, que abordam cinco grandes \u00e1reas da medicina: cl\u00ednica m\u00e9dica, cirurgia, ginecologia e obstetr\u00edcia, pediatria e medicina da fam\u00edlia e comunidade (sa\u00fade coletiva). O objetivo \u00e9 avaliar habilidades, compet\u00eancias e conhecimentos necess\u00e1rios para o exerc\u00edcio profissional adequado aos princ\u00edpios e necessidades do Sistema \u00danico de Sa\u00fade (SUS).<\/p>\n<\/p><\/div>\n<p><br \/>\n<br \/><a href=\"https:\/\/agenciabrasil.ebc.com.br\/saude\/noticia\/2024-06\/inscricoes-para-primeira-etapa-do-revalida-20242-vao-ate-sexta-feira\" rel=\"noopener\">Ag\u00eancia Brasil <\/a><\/p>\n","protected":false},"excerpt":{"rendered":"<p>Interessados em participar da primeira etapa do Exame Nacional de Revalida\u00e7\u00e3o de Diplomas M\u00e9dicos Expedidos por Institui\u00e7\u00e3o de Educa\u00e7\u00e3o Superior Estrangeira (Revalida) 2024\/2 devem se inscrever, por meio do Sistema Revalida, at\u00e9 a pr\u00f3xima sexta-feira (28). O prazo tamb\u00e9m vale para solicita\u00e7\u00f5es de atendimento especializado e tratamento por nome social. Segundo o Instituto Nacional de [&hellip;]<\/p>\n","protected":false},"author":1,"featured_media":9041,"comment_status":"open","ping_status":"open","sticky":false,"template":"","format":"standard","meta":{"_jetpack_newsletter_access":"","_jetpack_dont_email_post_to_subs":false,"_jetpack_newsletter_tier_id":0,"_jetpack_memberships_contains_paywalled_content":false,"_mbp_banners":[],"_jetpack_feature_clip_id":0,"_jetpack_memberships_contains_paid_content":false,"footnotes":"","jetpack_publicize_message":"","jetpack_publicize_feature_enabled":true,"jetpack_social_post_already_shared":true,"jetpack_social_options":{"image_generator_settings":{"template":"highway","default_image_id":0,"font":"","enabled":false},"version":2},"jetpack_post_was_ever_published":false},"categories":[15],"tags":[],"class_list":["post-9040","post","type-post","status-publish","format-standard","has-post-thumbnail","category-saude"],"jetpack_publicize_connections":[],"jetpack-related-posts":[],"jetpack_shortlink":"https:\/\/wp.me\/p7Eq1F-2lO","jetpack_sharing_enabled":true,"jetpack_featured_media_url":"https:\/\/i0.wp.com\/guialimeira.com.br\/news\/wp-content\/uploads\/2024\/06\/revalida_mcamgo_abr_100720211818.jpg?fit=1600%2C800&ssl=1","_links":{"self":[{"href":"https:\/\/guialimeira.com.br\/news\/wp-json\/wp\/v2\/posts\/9040","targetHints":{"allow":["GET"]}}],"collection":[{"href":"https:\/\/guialimeira.com.br\/news\/wp-json\/wp\/v2\/posts"}],"about":[{"href":"https:\/\/guialimeira.com.br\/news\/wp-json\/wp\/v2\/types\/post"}],"author":[{"embeddable":true,"href":"https:\/\/guialimeira.com.br\/news\/wp-json\/wp\/v2\/users\/1"}],"replies":[{"embeddable":true,"href":"https:\/\/guialimeira.com.br\/news\/wp-json\/wp\/v2\/comments?post=9040"}],"version-history":[{"count":0,"href":"https:\/\/guialimeira.com.br\/news\/wp-json\/wp\/v2\/posts\/9040\/revisions"}],"wp:featuredmedia":[{"embeddable":true,"href":"https:\/\/guialimeira.com.br\/news\/wp-json\/wp\/v2\/media\/9041"}],"wp:attachment":[{"href":"https:\/\/guialimeira.com.br\/news\/wp-json\/wp\/v2\/media?parent=9040"}],"wp:term":[{"taxonomy":"category","embeddable":true,"href":"https:\/\/guialimeira.com.br\/news\/wp-json\/wp\/v2\/categories?post=9040"},{"taxonomy":"post_tag","embeddable":true,"href":"https:\/\/guialimeira.com.br\/news\/wp-json\/wp\/v2\/tags?post=9040"}],"curies":[{"name":"wp","href":"https:\/\/api.w.org\/{rel}","templated":true}]}}