{"id":9020,"date":"2024-06-25T00:52:32","date_gmt":"2024-06-25T03:52:32","guid":{"rendered":"https:\/\/guialimeira.com.br\/2024\/06\/25\/brasil-nao-sai-do-empate-com-costa-rica-na-estreia-da-copa-america\/"},"modified":"2024-06-25T00:52:32","modified_gmt":"2024-06-25T03:52:32","slug":"brasil-nao-sai-do-empate-com-costa-rica-na-estreia-da-copa-america","status":"publish","type":"post","link":"https:\/\/guialimeira.com.br\/news\/brasil-nao-sai-do-empate-com-costa-rica-na-estreia-da-copa-america\/","title":{"rendered":"Brasil n\u00e3o sai do empate com Costa Rica na estreia da Copa Am\u00e9rica"},"content":{"rendered":"<p> <br \/>\n<\/p>\n<div>\n<p>Apesar de lutar muito o Brasil empatou em 0 a 0 com a Costa Rica, na partida que marcou sua estreia na atual edi\u00e7\u00e3o da Copa Am\u00e9rica e que foi disputado na noite desta segunda-feira (25) no SoFi Stadium, em Inglewood, na Calif\u00f3rnia.<img data-recalc-dims=\"1\" decoding=\"async\" src=\"https:\/\/i0.wp.com\/agenciabrasil.ebc.com.br\/ebc.png?w=696&#038;ssl=1\" style=\"width:1px; height:1px; display:inline;\"\/><img data-recalc-dims=\"1\" decoding=\"async\" src=\"https:\/\/i0.wp.com\/agenciabrasil.ebc.com.br\/ebc.gif?w=696&#038;ssl=1\" style=\"width:1px; height:1px; display:inline;\"\/><\/p>\n<blockquote class=\"twitter-tweet\">\n<p dir=\"ltr\" lang=\"es\" xml:lang=\"es\">Sin goles en el estreno \ud83d\udeab <a href=\"https:\/\/t.co\/M2ZMDiMANC\">pic.twitter.com\/M2ZMDiMANC<\/a><\/p>\n<p>\u2014 CONMEBOL Copa Am\u00e9rica\u2122\ufe0f (@CopaAmerica) <a href=\"https:\/\/twitter.com\/CopaAmerica\/status\/1805435111229313515?ref_src=twsrc%5Etfw\" rel=\"noopener\">June 25, 2024<\/a><\/p><\/blockquote>\n<p>Ap\u00f3s o resultado, o Brasil divide a segunda posi\u00e7\u00e3o do Grupo D da competi\u00e7\u00e3o com os costarriquenhos. A lideran\u00e7a da chave \u00e9 ocupada pela Col\u00f4mbia, que bateu o Paraguai por 2 a 1 para somarem seus tr\u00eas primeiros pontos na competi\u00e7\u00e3o. J\u00e1 os paraguaios s\u00e3o os lanternas, pois permanecem sem ponto algum.<\/p>\n<p>Contando com jogadores com maior qualidade t\u00e9cnica, a equipe comandada pelo t\u00e9cnico Dorival J\u00fanior dominou a etapa inicial, tendo maior posse de bola (69% a 31%) e com maior n\u00famero de finaliza\u00e7\u00f5es (oito a um). A sele\u00e7\u00e3o chegou a marcar aos 32 minutos, com Marquinhos de primeira ap\u00f3s a bola ser levantada na \u00e1rea. Por\u00e9m, o gol foi anulado pelo juiz, com aux\u00edlio do VAR (\u00e1rbitro de v\u00eddeo), por causa de posi\u00e7\u00e3o irregular do zagueiro.<\/p>\n<blockquote class=\"twitter-tweet\">\n<p dir=\"ltr\" lang=\"es\" xml:lang=\"es\">Sin goles en el estreno \ud83d\udeab <a href=\"https:\/\/t.co\/M2ZMDiMANC\">pic.twitter.com\/M2ZMDiMANC<\/a><\/p>\n<p>\u2014 CONMEBOL Copa Am\u00e9rica\u2122\ufe0f (@CopaAmerica) <a href=\"https:\/\/twitter.com\/CopaAmerica\/status\/1805435111229313515?ref_src=twsrc%5Etfw\" rel=\"noopener\">June 25, 2024<\/a><\/p><\/blockquote>\n<p>Ap\u00f3s o intervalo Dorival J\u00fanior colocou a equipe mais para a frente com a entrada dos nomes de Gabriel Martinelli, Endrick e Savinho. As oportunidades at\u00e9 chegaram a ser criadas, mas o goleiro Patrick Sequeira mostrou seguran\u00e7a para segurar a igualdade at\u00e9 o apito final.<\/p>\n<p>O pr\u00f3ximo compromisso da sele\u00e7\u00e3o brasileira na competi\u00e7\u00e3o ser\u00e1 a partir das 22h (hor\u00e1rio de Bras\u00edlia) da pr\u00f3xima sexta-feira (28), quando medir\u00e1 for\u00e7as com o Paraguai no Allegiant Stadium, em Las Vegas, Nevada.<\/p>\n<\/p><\/div>\n<p><script async src=\"\/\/platform.twitter.com\/widgets.js\" charset=\"utf-8\"><\/script><br \/>\n<br \/><br \/>\n<br \/><a href=\"https:\/\/agenciabrasil.ebc.com.br\/esportes\/noticia\/2024-06\/brasil-nao-sai-do-empate-com-costa-rica-na-estreia-da-copa-america\" rel=\"noopener\">Ag\u00eancia Brasil<\/a><\/p>\n","protected":false},"excerpt":{"rendered":"<p>Apesar de lutar muito o Brasil empatou em 0 a 0 com a Costa Rica, na partida que marcou sua estreia na atual edi\u00e7\u00e3o da Copa Am\u00e9rica e que foi disputado na noite desta segunda-feira (25) no SoFi Stadium, em Inglewood, na Calif\u00f3rnia. Sin goles en el estreno \ud83d\udeab pic.twitter.com\/M2ZMDiMANC \u2014 CONMEBOL Copa Am\u00e9rica\u2122\ufe0f (@CopaAmerica) [&hellip;]<\/p>\n","protected":false},"author":1,"featured_media":9021,"comment_status":"open","ping_status":"open","sticky":false,"template":"","format":"standard","meta":{"_jetpack_newsletter_access":"","_jetpack_dont_email_post_to_subs":false,"_jetpack_newsletter_tier_id":0,"_jetpack_memberships_contains_paywalled_content":false,"_mbp_banners":[],"_jetpack_feature_clip_id":0,"_jetpack_memberships_contains_paid_content":false,"footnotes":"","jetpack_publicize_message":"","jetpack_publicize_feature_enabled":true,"jetpack_social_post_already_shared":true,"jetpack_social_options":{"image_generator_settings":{"template":"highway","default_image_id":0,"font":"","enabled":false},"version":2},"jetpack_post_was_ever_published":false},"categories":[23],"tags":[],"class_list":["post-9020","post","type-post","status-publish","format-standard","has-post-thumbnail","category-esportes"],"jetpack_publicize_connections":[],"jetpack-related-posts":[],"jetpack_shortlink":"https:\/\/wp.me\/p7Eq1F-2lu","jetpack_sharing_enabled":true,"jetpack_featured_media_url":"https:\/\/i0.wp.com\/guialimeira.com.br\/news\/wp-content\/uploads\/2024\/06\/2024-06-25t024013z_683887941_mt1usatoday23615493_rtrmadp_3_soccer-copa-america-brazil-vs-costa-rica_1.jpg?fit=1600%2C800&ssl=1","_links":{"self":[{"href":"https:\/\/guialimeira.com.br\/news\/wp-json\/wp\/v2\/posts\/9020","targetHints":{"allow":["GET"]}}],"collection":[{"href":"https:\/\/guialimeira.com.br\/news\/wp-json\/wp\/v2\/posts"}],"about":[{"href":"https:\/\/guialimeira.com.br\/news\/wp-json\/wp\/v2\/types\/post"}],"author":[{"embeddable":true,"href":"https:\/\/guialimeira.com.br\/news\/wp-json\/wp\/v2\/users\/1"}],"replies":[{"embeddable":true,"href":"https:\/\/guialimeira.com.br\/news\/wp-json\/wp\/v2\/comments?post=9020"}],"version-history":[{"count":0,"href":"https:\/\/guialimeira.com.br\/news\/wp-json\/wp\/v2\/posts\/9020\/revisions"}],"wp:featuredmedia":[{"embeddable":true,"href":"https:\/\/guialimeira.com.br\/news\/wp-json\/wp\/v2\/media\/9021"}],"wp:attachment":[{"href":"https:\/\/guialimeira.com.br\/news\/wp-json\/wp\/v2\/media?parent=9020"}],"wp:term":[{"taxonomy":"category","embeddable":true,"href":"https:\/\/guialimeira.com.br\/news\/wp-json\/wp\/v2\/categories?post=9020"},{"taxonomy":"post_tag","embeddable":true,"href":"https:\/\/guialimeira.com.br\/news\/wp-json\/wp\/v2\/tags?post=9020"}],"curies":[{"name":"wp","href":"https:\/\/api.w.org\/{rel}","templated":true}]}}