{"id":9011,"date":"2024-06-24T22:48:59","date_gmt":"2024-06-25T01:48:59","guid":{"rendered":"https:\/\/guialimeira.com.br\/2024\/06\/24\/consumo-de-eletricidade-do-pais-aumenta-73-no-primeiro-trimestre\/"},"modified":"2024-06-24T22:48:59","modified_gmt":"2024-06-25T01:48:59","slug":"consumo-de-eletricidade-do-pais-aumenta-73-no-primeiro-trimestre","status":"publish","type":"post","link":"https:\/\/guialimeira.com.br\/news\/consumo-de-eletricidade-do-pais-aumenta-73-no-primeiro-trimestre\/","title":{"rendered":"Consumo de eletricidade do pa\u00eds aumenta 7,3% no primeiro trimestre"},"content":{"rendered":"<p> <br \/>\n<\/p>\n<div>\n<p>O consumo de eletricidade do pa\u00eds aumentou 7,3% no primeiro trimestre de 2024 na compara\u00e7\u00e3o com o mesmo per\u00edodo do ano passado. O maior \u00edndice de aumento, 12,3%, foi na\u00a0classe residencial. As classes comercial e industrial tamb\u00e9m tiveram expans\u00e3o relevante, de 8,4% e 3,8%, respectivamente.<img data-recalc-dims=\"1\" decoding=\"async\" src=\"https:\/\/i0.wp.com\/agenciabrasil.ebc.com.br\/ebc.png?w=696&#038;ssl=1\" style=\"width:1px; height:1px; display:inline;\"\/><img data-recalc-dims=\"1\" decoding=\"async\" src=\"https:\/\/i0.wp.com\/agenciabrasil.ebc.com.br\/ebc.gif?w=696&#038;ssl=1\" style=\"width:1px; height:1px; display:inline;\"\/><\/p>\n<p>Os dados constam do Boletim Trimestral de Consumo de Eletricidade da Empresa de Pesquisa Energ\u00e9tica (EPE).<\/p>\n<p>De janeiro a mar\u00e7o deste ano, o consumo de energia el\u00e9trica da classe comercial atingiu o maior valor trimestral desde o in\u00edcio da s\u00e9rie hist\u00f3rica da EPE em 2004: 26.942 Gwh e superou o recorde registrado no \u00faltimo trimestre do ano passado. A taxa de consumo de eletricidade da classe cresceu 8,4% nos tr\u00eas primeiros meses do ano em compara\u00e7\u00e3o com o mesmo trimestre de 2023.<\/p>\n<p>O desempenho positivo do setor de com\u00e9rcio e servi\u00e7os e o calor e as altas temperaturas no pa\u00eds estimularam o aumento do consumo no primeiro trimestre de 2024.<\/p>\n<p>O consumo de energia el\u00e9trica das resid\u00eancias no pa\u00eds foi de 46.242 Gwh no primeiro trimestre de 2024, alta de 12,3% na compara\u00e7\u00e3o a igual per\u00edodo de 2023. Foi o maior valor de energia el\u00e9trica consumida pela classe num trimestre desde o in\u00edcio da s\u00e9rie hist\u00f3rica em 2004, superando o recorde do trimestre anterior.<\/p>\n<p>A alta do consumo de energia el\u00e9trica da classe residencial no primeiro trimestre do ano foi, em grande parte, motivada pelas ondas de calor e pelas temperaturas acima da m\u00e9dia. Al\u00e9m disso, o aumento da posse de equipamentos de refrigera\u00e7\u00e3o desde o segundo semestre do ano passado, a eleva\u00e7\u00e3o do n\u00famero de consumidores residenciais e a melhora dos indicadores macroecon\u00f4micos como emprego e renda tamb\u00e9m favoreceram o crescimento do consumo da classe.<\/p>\n<\/p><\/div>\n<p><br \/>\n<br \/><a href=\"https:\/\/agenciabrasil.ebc.com.br\/economia\/noticia\/2024-06\/consumo-de-eletricidade-do-pais-aumenta-73-no-primeiro-trimestre\" rel=\"noopener\">Ag\u00eancia Brasil<\/a><\/p>\n","protected":false},"excerpt":{"rendered":"<p>O consumo de eletricidade do pa\u00eds aumentou 7,3% no primeiro trimestre de 2024 na compara\u00e7\u00e3o com o mesmo per\u00edodo do ano passado. O maior \u00edndice de aumento, 12,3%, foi na\u00a0classe residencial. As classes comercial e industrial tamb\u00e9m tiveram expans\u00e3o relevante, de 8,4% e 3,8%, respectivamente. Os dados constam do Boletim Trimestral de Consumo de Eletricidade [&hellip;]<\/p>\n","protected":false},"author":1,"featured_media":9012,"comment_status":"open","ping_status":"open","sticky":false,"template":"","format":"standard","meta":{"_jetpack_newsletter_access":"","_jetpack_dont_email_post_to_subs":false,"_jetpack_newsletter_tier_id":0,"_jetpack_memberships_contains_paywalled_content":false,"_mbp_banners":[],"_jetpack_feature_clip_id":0,"_jetpack_memberships_contains_paid_content":false,"footnotes":"","jetpack_publicize_message":"","jetpack_publicize_feature_enabled":true,"jetpack_social_post_already_shared":true,"jetpack_social_options":{"image_generator_settings":{"template":"highway","default_image_id":0,"font":"","enabled":false},"version":2},"jetpack_post_was_ever_published":false},"categories":[24],"tags":[],"class_list":["post-9011","post","type-post","status-publish","format-standard","has-post-thumbnail","category-economia"],"jetpack_publicize_connections":[],"jetpack-related-posts":[],"jetpack_shortlink":"https:\/\/wp.me\/p7Eq1F-2ll","jetpack_sharing_enabled":true,"jetpack_featured_media_url":"https:\/\/i0.wp.com\/guialimeira.com.br\/news\/wp-content\/uploads\/2024\/06\/energia_eletrica_interruptor_de_luz_energia070720211247.jpg?fit=1600%2C800&ssl=1","_links":{"self":[{"href":"https:\/\/guialimeira.com.br\/news\/wp-json\/wp\/v2\/posts\/9011","targetHints":{"allow":["GET"]}}],"collection":[{"href":"https:\/\/guialimeira.com.br\/news\/wp-json\/wp\/v2\/posts"}],"about":[{"href":"https:\/\/guialimeira.com.br\/news\/wp-json\/wp\/v2\/types\/post"}],"author":[{"embeddable":true,"href":"https:\/\/guialimeira.com.br\/news\/wp-json\/wp\/v2\/users\/1"}],"replies":[{"embeddable":true,"href":"https:\/\/guialimeira.com.br\/news\/wp-json\/wp\/v2\/comments?post=9011"}],"version-history":[{"count":0,"href":"https:\/\/guialimeira.com.br\/news\/wp-json\/wp\/v2\/posts\/9011\/revisions"}],"wp:featuredmedia":[{"embeddable":true,"href":"https:\/\/guialimeira.com.br\/news\/wp-json\/wp\/v2\/media\/9012"}],"wp:attachment":[{"href":"https:\/\/guialimeira.com.br\/news\/wp-json\/wp\/v2\/media?parent=9011"}],"wp:term":[{"taxonomy":"category","embeddable":true,"href":"https:\/\/guialimeira.com.br\/news\/wp-json\/wp\/v2\/categories?post=9011"},{"taxonomy":"post_tag","embeddable":true,"href":"https:\/\/guialimeira.com.br\/news\/wp-json\/wp\/v2\/tags?post=9011"}],"curies":[{"name":"wp","href":"https:\/\/api.w.org\/{rel}","templated":true}]}}