{"id":9006,"date":"2024-06-24T21:50:53","date_gmt":"2024-06-25T00:50:53","guid":{"rendered":"https:\/\/guialimeira.com.br\/2024\/06\/24\/semana-traz-muita-musica-exposicao-oficina-e-outros-eventos\/"},"modified":"2024-06-24T21:50:53","modified_gmt":"2024-06-25T00:50:53","slug":"semana-traz-muita-musica-exposicao-oficina-e-outros-eventos","status":"publish","type":"post","link":"https:\/\/guialimeira.com.br\/news\/semana-traz-muita-musica-exposicao-oficina-e-outros-eventos\/","title":{"rendered":"Semana traz muita m\u00fasica, exposi\u00e7\u00e3o, oficina e outros eventos"},"content":{"rendered":"<p> <br \/>\n<br \/><img data-recalc-dims=\"1\" decoding=\"async\" src=\"https:\/\/i0.wp.com\/ecrie.com.br\/sistema\/conteudos\/imagem\/m_137_0_1_30042024143313.jpg?w=696&#038;ssl=1\" \/><\/p>\n<p dir=\"ltr\" style=\"text-align: justify\">A programa&ccedil;&atilde;o desta semana est&aacute; repleta de m&uacute;sica, tendo &ldquo;Viola Livre&rdquo; com Vin&iacute;cius Muniz, o tributo &ldquo;Abba + Bee Gees: O Encontro&rdquo;, concertos da Escola Livre de M&uacute;sica e retreta com a Banda Henrique Marques. As vendas online de eventos que ocorrem no Teatro Vit&oacute;ria acontecem at&eacute; amanh&atilde; (25), depois as compras ocorrem somente na&nbsp;bilheteria.<\/p>\n<p dir=\"ltr\" style=\"text-align: justify\">A agenda cultural ainda traz exposi&ccedil;&atilde;o, oficina de fotografia, clube do livro e mais. Confira abaixo:<\/p>\n<p dir=\"ltr\" style=\"text-align: justify\"><strong>Exposi&ccedil;&atilde;o: Capturando a Ess&ecirc;ncia de Limeira<\/strong><\/p>\n<p dir=\"ltr\" style=\"text-align: justify\">Abertura na segunda-feira (24), &agrave;s 19h &#8211; Palacete Levy<\/p>\n<p dir=\"ltr\" style=\"text-align: justify\">Visita&ccedil;&atilde;o de 25 a 28 de junho, das 9h &agrave;s 17h &#8211; Palacete Levy<\/p>\n<p dir=\"ltr\" style=\"text-align: justify\">A exposi&ccedil;&atilde;o encerra a Oficina de Fotografia do Patrim&ocirc;nio Cultural, ministrada pelo fot&oacute;grafo Jo&atilde;o Batista Gimenez. &Eacute; celebrada a riqueza hist&oacute;rica e arquitet&ocirc;nica da cidade de Limeira atrav&eacute;s da arte da fotografia.<\/p>\n<p dir=\"ltr\" style=\"text-align: justify\">Entrada: Gratuita.<\/p>\n<p dir=\"ltr\" style=\"text-align: justify\">Classifica&ccedil;&atilde;o: Livre.<\/p>\n<p dir=\"ltr\" style=\"text-align: justify\">Realiza&ccedil;&atilde;o: Lei Paulo Gustavo do Minist&eacute;rio da Cultura do Governo Federal e Prefeitura de Limeira, atrav&eacute;s da Secretaria de Cultura.<\/p>\n<p dir=\"ltr\" style=\"text-align: justify\">&nbsp;<\/p>\n<p dir=\"ltr\" style=\"text-align: justify\"><strong>Jogos: Dia de Jogar<\/strong><\/p>\n<p dir=\"ltr\" style=\"text-align: justify\">Quarta-feira (26), das 17h &agrave;s 19h &#8211; Biblioteca Municipal Professor Jo&atilde;o de Sousa Ferraz<\/p>\n<p dir=\"ltr\" style=\"text-align: justify\">Atividade para quem gosta de jogos de tabuleiro. Voc&ecirc; pode vir sozinho, ou levar sua turma. Os jogos dispon&iacute;veis s&atilde;o: Detetive, Monopoly, Scrabble, Imagem &amp; A&ccedil;&atilde;o, Banco Imobili&aacute;rio, War, Jogo da Vida, Perfil, Quest, Batalha Naval e mais.&nbsp;<\/p>\n<p dir=\"ltr\" style=\"text-align: justify\">Entrada: Gratuita.<\/p>\n<p dir=\"ltr\" style=\"text-align: justify\">Classifica&ccedil;&atilde;o: A partir de 9 anos.<\/p>\n<p dir=\"ltr\" style=\"text-align: justify\">Realiza&ccedil;&atilde;o: Prefeitura, por meio da Secretaria de Cultura.<\/p>\n<p dir=\"ltr\" style=\"text-align: justify\">&nbsp;<\/p>\n<p dir=\"ltr\" style=\"text-align: justify\"><strong>M&uacute;sica: Viola Livre com Vin&iacute;cius Muniz<\/strong><\/p>\n<p dir=\"ltr\" style=\"text-align: justify\">Quarta-feira (26), &agrave;s 20h &#8211; Teatro Vit&oacute;ria Emiliano Bernardo da Silva<\/p>\n<p dir=\"ltr\" style=\"text-align: justify\">O repert&oacute;rio segue a linha evolutiva da viola, atrav&eacute;s de composi&ccedil;&otilde;es pr&oacute;prias e interpreta&ccedil;&otilde;es de importantes obras do universo do instrumento. E como continua&ccedil;&atilde;o dos processos de incorpora&ccedil;&atilde;o da viola em outros segmentos musicais, Vin&iacute;cius Muniz prop&otilde;e incorporar elementos da m&uacute;sica eletr&ocirc;nica, da m&uacute;sica cl&aacute;ssica e da m&uacute;sica instrumental brasileira junto &agrave;s t&eacute;cnicas da viola. S&atilde;o tocadas obras de Bach, Ivan Vilela, Schubert, Paulo Belinatti, John Mayer, al&eacute;m de composi&ccedil;&otilde;es pr&oacute;prias. Viola Livre &eacute; uma viagem musical cheia de detalhes e sonoridades ricas que exploram a viola em todas as suas nuances.<\/p>\n<p dir=\"ltr\" style=\"text-align: justify\">Entrada: R$ 30 (inteira) e R$ 15 (meia-entrada) e R$ 25 (B&ocirc;nus em compra antecipada at&eacute; &nbsp;31\/05).<\/p>\n<p dir=\"ltr\" style=\"text-align: justify\"><a href=\"https:\/\/www.ticketfacil.com.br\/eventos\/tv-vinicius-muniz-viola-livre.aspx\" target=\"_blank\" rel=\"noopener noreferrer\" data-saferedirecturl=\"https:\/\/www.google.com\/url?q=https:\/\/www.ticketfacil.com.br\/eventos\/tv-vinicius-muniz-viola-livre.aspx&amp;source=gmail&amp;ust=1719331195240000&amp;usg=AOvVaw2Z2TRCGj6aL7Fq2ZnuY9xV\">https:\/\/www.ticketfacil.com.br\/eventos\/tv-vinicius-muniz-viola-livre.aspx<\/a><\/p>\n<p dir=\"ltr\" style=\"text-align: justify\">Classifica&ccedil;&atilde;o: Livre.<\/p>\n<p dir=\"ltr\" style=\"text-align: justify\">Realiza&ccedil;&atilde;o: VHF Produ&ccedil;&otilde;es, com o apoio da Prefeitura, por meio da Secretaria de Cultura.<\/p>\n<p dir=\"ltr\" style=\"text-align: justify\">Dura&ccedil;&atilde;o: &nbsp;90min.<\/p>\n<p dir=\"ltr\" style=\"text-align: justify\">&nbsp;<\/p>\n<p dir=\"ltr\" style=\"text-align: justify\"><strong>Oficina de Fotografia: O que eu olho me move<\/strong><\/p>\n<p dir=\"ltr\" style=\"text-align: justify\">Quinta-feira (27), das 14h &agrave;s 18h &#8211; Museu Major Jos&eacute; Levy Sobrinho<\/p>\n<p dir=\"ltr\" style=\"text-align: justify\">A oficina vai abordar alguns nomes da fotografia documental e suas formas de narrar hist&oacute;rias diversas. O intuito &eacute; estimular o participante a observar e encontrar uma linha narrativa em seu cotidiano. Ser&aacute; proposta uma atividade de documenta&ccedil;&atilde;o a partir de um texto. Em duplas, os participantes dever&atilde;o simular uma hist&oacute;ria e registrar o processo. Os Interessados podem levar fotografias para fazer o diagn&oacute;stico e higieniza&ccedil;&atilde;o. A oficina &eacute; ministrada por Nat&aacute;lia Tonda.<\/p>\n<p dir=\"ltr\" style=\"text-align: justify\">Entrada: Gratuita, mediante inscri&ccedil;&atilde;o pelo telefone 3442-1707 ou email <a href=\"mailto:agendamento.museu@limeira.sp.gov.br\" target=\"_blank\" rel=\"noopener noreferrer\">agendamento.museu@limeira.sp.gov.br<\/a>.<\/p>\n<p dir=\"ltr\" style=\"text-align: justify\">Classifica&ccedil;&atilde;o: A partir de 16 anos.<\/p>\n<p dir=\"ltr\" style=\"text-align: justify\">Realiza&ccedil;&atilde;o: Governo do Estado de S&atilde;o Paulo e Museu da Imagem e do Som (MIS), em parceria com a Prefeitura de Limeira, por meio da Secretaria de Cultura.<\/p>\n<p dir=\"ltr\" style=\"text-align: justify\">&nbsp;<\/p>\n<p dir=\"ltr\" style=\"text-align: justify\"><strong>M&uacute;sica: Abba + Bee Gees: O Encontro<\/strong><\/p>\n<p dir=\"ltr\" style=\"text-align: justify\">Quinta-feira (27), &agrave;s 20h &#8211; Teatro Vit&oacute;ria Emiliano Bernardo da Silva<\/p>\n<p dir=\"ltr\" style=\"text-align: justify\">O espet&aacute;culo marca o encontro de duas das mais memor&aacute;veis bandas dos anos 60, 70 e 80. Abba Majest&auml;t e Bee Gees Way s&atilde;o bandas renomadas presente no circuito de shows em todo territ&oacute;rio brasileiro, refer&ecirc;ncia no segmento tributo. Com &nbsp;requinte de detalhes, s&atilde;o executadas as mais belas can&ccedil;&otilde;es que marcaram &eacute;pocas. Sucessos como Dancing Queen, Mama Mia, Chiquitita, Waterloo, I haver a dream, &ldquo;Night fever&rdquo; &#8220;Massachusetts&#8221;, Words, More than a woman, Alone, Stayin alive, You should be dancing, Tragedy e muito mais.&nbsp;<\/p>\n<p dir=\"ltr\" style=\"text-align: justify\">Entrada: Plateia &#8211; R$ 120 (inteira), R$ 60 (meia-entrada) e R$ 70 (mediante entrega de 1kg de alimento n&atilde;o perec&iacute;vel no dia do evento).<\/p>\n<p dir=\"ltr\" style=\"text-align: justify\">Mezanino- R$ 80 (inteira), R$ 40 (meia- entrada) e R$ 50 (mediante entrega de 1kg de alimento n&atilde;o perec&iacute;vel no dia do evento).<\/p>\n<p dir=\"ltr\" style=\"text-align: justify\"><a href=\"https:\/\/www.ticketfacil.com.br\/eventos\/tv-abba-bee-gees-o-encontro.aspx\" target=\"_blank\" rel=\"noopener noreferrer\" data-saferedirecturl=\"https:\/\/www.google.com\/url?q=https:\/\/www.ticketfacil.com.br\/eventos\/tv-abba-bee-gees-o-encontro.aspx&amp;source=gmail&amp;ust=1719331195240000&amp;usg=AOvVaw0xMwzMh0VURCK6qD6Ryt35\">https:\/\/www.ticketfacil.com.br\/eventos\/tv-abba-bee-gees-o-encontro.aspx<\/a><\/p>\n<p dir=\"ltr\" style=\"text-align: justify\">Classifica&ccedil;&atilde;o: A partir de 10 anos.<\/p>\n<p dir=\"ltr\" style=\"text-align: justify\">Realiza&ccedil;&atilde;o: Ferreira Eventos Culturais, com o apoio da Prefeitura, por meio da Secretaria de Cultura.<\/p>\n<p dir=\"ltr\" style=\"text-align: justify\">Dura&ccedil;&atilde;o: &nbsp;120min.&nbsp;<\/p>\n<p dir=\"ltr\" style=\"text-align: justify\">&nbsp;<\/p>\n<p dir=\"ltr\" style=\"text-align: justify\"><strong>Evento: Festa popular da Comunidade S&atilde;o Luiz Gonzaga<\/strong><\/p>\n<p dir=\"ltr\" style=\"text-align: justify\">Dias 28 e 29, &agrave;s 19h &#8211; Rua Jos&eacute; Barbosa Filho, 450, Vila S&atilde;o Jos&eacute;<\/p>\n<p dir=\"ltr\" style=\"text-align: justify\">Festa popular da Comunidade S&atilde;o Luiz Gonzaga.<\/p>\n<p dir=\"ltr\" style=\"text-align: justify\">Entrada: Gratuita.<\/p>\n<p dir=\"ltr\" style=\"text-align: justify\">Classifica&ccedil;&atilde;o: Livre.<\/p>\n<p dir=\"ltr\" style=\"text-align: justify\">Realiza&ccedil;&atilde;o: &nbsp;Comunidade S&atilde;o Luiz Gonzaga, com apoio da Prefeitura, por meio da Secretaria de Cultura.<\/p>\n<p dir=\"ltr\" style=\"text-align: justify\">&nbsp;<\/p>\n<p dir=\"ltr\" style=\"text-align: justify\"><strong>Literatura: Leia Mulheres &#8211; &ldquo;A M&atilde;o Esquerda da Escurid&atilde;o&rdquo;<\/strong><\/p>\n<p dir=\"ltr\" style=\"text-align: justify\">S&aacute;bado (29), &agrave;s 16h &#8211; Anfiteatro Dr. Olindo de Luca da Biblioteca Municipal&nbsp;<\/p>\n<p dir=\"ltr\" style=\"text-align: justify\">Escrito h&aacute; 50 anos, &ldquo;A m&atilde;o esquerda da escurid&atilde;o&rdquo; de &Uacute;rsula K. Le Guin &eacute; um marco na literatura de fantasia e fic&ccedil;&atilde;o cient&iacute;fica. Enviado em uma miss&atilde;o intergal&aacute;ctica, Genly Ai, um humano, tem como miss&atilde;o persuadir os governantes do planeta Gethen a se unirem a uma comunidade universal. Entretanto, Genly, mesmo depois de anos de estudo, percebe-se despreparado para a situa&ccedil;&atilde;o que lhe aguardava. Ao entrar em contato com uma cultura complexa, rica, quase medieval e com outra abordagem na rela&ccedil;&atilde;o entre os g&ecirc;neros, Genly perde o controle da situa&ccedil;&atilde;o. &Eacute; humano demais, e, se n&atilde;o conseguir repensar suas concep&ccedil;&otilde;es de feminino e masculino, correr&aacute; o risco de destruir tanto a miss&atilde;o quanto a si mesmo. A m&atilde;o esquerda da escurid&atilde;o prop&otilde;e ricas discuss&otilde;es sobre assuntos pol&ecirc;micos e atemporais &#8211; g&ecirc;nero, feminismo, alteridade, filosofia e antropologia -, sendo considerado pela cr&iacute;tica especializada n&atilde;o s&oacute; um dos mais importantes livros de fic&ccedil;&atilde;o cient&iacute;fica j&aacute; escritos como tamb&eacute;m uma verdadeira obra-prima da literatura moderna. A media&ccedil;&atilde;o &eacute; de Denise Ap. da Silva, Let&iacute;cia Reis e Nayara M. Pires.<\/p>\n<p dir=\"ltr\" style=\"text-align: justify\">Entrada: Gratuita.<\/p>\n<p dir=\"ltr\" style=\"text-align: justify\">Informa&ccedil;&otilde;es: Grupo do WhatsApp&nbsp;<a href=\"https:\/\/chat.whatsapp.com\/FDfJRqydElH2FGOLampDyx\" target=\"_blank\" rel=\"noopener noreferrer\" data-saferedirecturl=\"https:\/\/www.google.com\/url?q=https:\/\/chat.whatsapp.com\/FDfJRqydElH2FGOLampDyx&amp;source=gmail&amp;ust=1719331195240000&amp;usg=AOvVaw01LKQP8iVydKlz_kDJl660\">https:\/\/chat.whatsapp.com\/FDfJRqydElH2FGOLampDyx<\/a><\/p>\n<p dir=\"ltr\" style=\"text-align: justify\">Classifica&ccedil;&atilde;o: Livre.<\/p>\n<p dir=\"ltr\" style=\"text-align: justify\">Realiza&ccedil;&atilde;o: Leia Mulheres, com apoio da Prefeitura de Limeira, por meio da Secretaria de Cultura.<\/p>\n<p dir=\"ltr\" style=\"text-align: justify\">&nbsp;<\/p>\n<p dir=\"ltr\" style=\"text-align: justify\"><strong>Evento: Festa Popular da Comunidade Santa Ad&eacute;lia<\/strong><\/p>\n<p dir=\"ltr\" style=\"text-align: justify\">Dias 29 e 30 de junho, das 19h &agrave;s 22h &#8211; Comunidade Santa Ad&eacute;lia, Bairro &Aacute;guas da Serra&nbsp;<\/p>\n<p dir=\"ltr\" style=\"text-align: justify\">Dias 6 e 07 de julho, das 19h &agrave;s 22h &#8211; Comunidade Santa Ad&eacute;lia, Bairro &Aacute;guas da Serra&nbsp;<\/p>\n<p dir=\"ltr\" style=\"text-align: justify\">Festa Popular da Comunidade Santa Ad&eacute;lia.<\/p>\n<p dir=\"ltr\" style=\"text-align: justify\">Entrada: Gratuita.<\/p>\n<p dir=\"ltr\" style=\"text-align: justify\">Classifica&ccedil;&atilde;o: Livre.<\/p>\n<p dir=\"ltr\" style=\"text-align: justify\">Realiza&ccedil;&atilde;o: Comunidade Santa Ad&eacute;lia, com apoio da Prefeitura, por meio da Secretaria de Cultura.<\/p>\n<p dir=\"ltr\" style=\"text-align: justify\">&nbsp;<\/p>\n<p dir=\"ltr\" style=\"text-align: justify\"><strong>M&uacute;sica: Concerto de Encerramento do 1&deg; Semestre da ELM<\/strong><\/p>\n<p dir=\"ltr\" style=\"text-align: justify\">S&aacute;bado (29), &agrave;s 20h30 &#8211; Teatro Vit&oacute;ria Emiliano Bernardo da Silva<\/p>\n<p dir=\"ltr\" style=\"text-align: justify\">A Escola Livre de M&uacute;sica faz parte da Sociedade Pr&oacute; Sinf&ocirc;nica de Limeira e tem como objetivo a forma&ccedil;&atilde;o de m&uacute;sicos, levando em considera&ccedil;&atilde;o a intera&ccedil;&atilde;o da m&uacute;sica como meio social e profissional. A m&uacute;sica como meio social oferece a todos o direito de aprender uma nova forma de express&atilde;o e por meio dela promover cidadania. Para encerrar as atividades do primeiro semestre a escola traz a Orquestra &nbsp;de Sopros da Osli e &nbsp;Sinf&ocirc;nica Jovem.<\/p>\n<p dir=\"ltr\" style=\"text-align: justify\">Entrada: Gratuita.<\/p>\n<p dir=\"ltr\" style=\"text-align: justify\">Classifica&ccedil;&atilde;o: Livre.<\/p>\n<p dir=\"ltr\" style=\"text-align: justify\">Realiza&ccedil;&atilde;o: Sociedade Pr&oacute; &#8211; Sinf&ocirc;nica de Limeira, com o apoio da Prefeitura, por meio da Secretaria de Cultura.<\/p>\n<p dir=\"ltr\" style=\"text-align: justify\">Dura&ccedil;&atilde;o: 60min.<\/p>\n<p dir=\"ltr\" style=\"text-align: justify\">&nbsp;<\/p>\n<p dir=\"ltr\" style=\"text-align: justify\"><strong>Evento: Festa Popular da Par&oacute;quia Santa Luzia<\/strong><\/p>\n<p dir=\"ltr\" style=\"text-align: justify\">S&aacute;bado (29), das 19h &agrave;s 22h &#8211; Rua Pedro Elias, 730, Vista Alegre<\/p>\n<p dir=\"ltr\" style=\"text-align: justify\">Festa Popular da Par&oacute;quia Santa Luzia.<\/p>\n<p dir=\"ltr\" style=\"text-align: justify\">Entrada: Gratuita.<\/p>\n<p dir=\"ltr\" style=\"text-align: justify\">Classifica&ccedil;&atilde;o: Livre.<\/p>\n<p dir=\"ltr\" style=\"text-align: justify\">Realiza&ccedil;&atilde;o: Par&oacute;quia Santa Luzia, com apoio da Prefeitura, por meio da Secretaria de Cultura.<\/p>\n<p dir=\"ltr\" style=\"text-align: justify\">&nbsp;<\/p>\n<p dir=\"ltr\" style=\"text-align: justify\"><strong>M&uacute;sica: Retreta com Banda Henrique Marques<\/strong><\/p>\n<p dir=\"ltr\" style=\"text-align: justify\">Domingo (30), &agrave;s 10h30 &#8211; Pra&ccedil;a Toledo Barros<\/p>\n<p dir=\"ltr\" style=\"text-align: justify\">A Banda Henrique Marques apresenta obras da m&uacute;sica instrumental e popular brasileira, como parte do fomento cultural local.<\/p>\n<p dir=\"ltr\" style=\"text-align: justify\">Entrada: Gratuita.<\/p>\n<p dir=\"ltr\" style=\"text-align: justify\">Classifica&ccedil;&atilde;o: Livre.<\/p>\n<p dir=\"ltr\" style=\"text-align: justify\">Realiza&ccedil;&atilde;o: Banda Henrique Marques, com o apoio da Prefeitura, por meio da Secretaria de Cultura.<\/p>\n<p dir=\"ltr\" style=\"text-align: justify\">Dura&ccedil;&atilde;o: &nbsp;60 min<\/p>\n<p dir=\"ltr\" style=\"text-align: justify\">&nbsp;<\/p>\n<p dir=\"ltr\" style=\"text-align: justify\"><strong>M&uacute;sica: Concerto de Encerramento do 1&ordm; Semestre da ELM<\/strong><\/p>\n<p dir=\"ltr\" style=\"text-align: justify\">Domingo (30), &agrave;s 11h, 15h e 19h &#8211; Teatro Vit&oacute;ria Emiliano Bernardo da Silva<\/p>\n<p dir=\"ltr\" style=\"text-align: justify\">&Agrave;s 11h, se apresentam a Camerata da Osli, Orquestra de Cordas, Orquestra de C&acirc;mara &nbsp;e Orquestras Preparat&oacute;rias. &Agrave;s 15h, se apresentam a Orquestra de Viol&otilde;es da ELM e Casas da Cultura. J&aacute; &agrave;s 19h, se apresentam as bandas da escola.<\/p>\n<p dir=\"ltr\" style=\"text-align: justify\">Entrada: Gratuita.<\/p>\n<p dir=\"ltr\" style=\"text-align: justify\">Classifica&ccedil;&atilde;o: Livre.<\/p>\n<p dir=\"ltr\" style=\"text-align: justify\">Realiza&ccedil;&atilde;o: Sociedade Pr&oacute; &#8211; Sinf&ocirc;nica de Limeira, com o apoio da Prefeitura, por meio da Secretaria de Cultura.<\/p>\n<p dir=\"ltr\" style=\"text-align: justify\">Dura&ccedil;&atilde;o: 60min.&nbsp;<\/p>\n<div class=\"yj6qo\" style=\"text-align: justify\">&nbsp;<\/div>\n<div class=\"adL\" style=\"text-align: justify\">&nbsp;<\/div>\n<p><br \/>\n<br \/><a href=\"https:\/\/limeira.sp.gov.br\/semana-traz-muita-musica-exposicao-oficina-e-outros-eventos\" rel=\"noopener\">Informa\u00e7\u00f5es da PML <\/a><\/p>\n","protected":false},"excerpt":{"rendered":"<p>A programa&ccedil;&atilde;o desta semana est&aacute; repleta de m&uacute;sica, tendo &ldquo;Viola Livre&rdquo; com Vin&iacute;cius Muniz, o tributo &ldquo;Abba + Bee Gees: O Encontro&rdquo;, concertos da Escola Livre de M&uacute;sica e retreta com a Banda Henrique Marques. As vendas online de eventos que ocorrem no Teatro Vit&oacute;ria acontecem at&eacute; amanh&atilde; (25), depois as compras ocorrem somente na&nbsp;bilheteria. [&hellip;]<\/p>\n","protected":false},"author":1,"featured_media":3415,"comment_status":"open","ping_status":"open","sticky":false,"template":"","format":"standard","meta":{"_jetpack_newsletter_access":"","_jetpack_dont_email_post_to_subs":false,"_jetpack_newsletter_tier_id":0,"_jetpack_memberships_contains_paywalled_content":false,"_mbp_banners":[],"_jetpack_feature_clip_id":0,"_jetpack_memberships_contains_paid_content":false,"footnotes":"","jetpack_publicize_message":"","jetpack_publicize_feature_enabled":true,"jetpack_social_post_already_shared":true,"jetpack_social_options":{"image_generator_settings":{"template":"highway","default_image_id":0,"font":"","enabled":false},"version":2},"jetpack_post_was_ever_published":false},"categories":[16],"tags":[],"class_list":["post-9006","post","type-post","status-publish","format-standard","has-post-thumbnail","category-local"],"jetpack_publicize_connections":[],"jetpack-related-posts":[],"jetpack_shortlink":"https:\/\/wp.me\/p7Eq1F-2lg","jetpack_sharing_enabled":true,"jetpack_featured_media_url":"https:\/\/i0.wp.com\/guialimeira.com.br\/news\/wp-content\/uploads\/2024\/05\/m_137_0_1_30042024143313.jpg?fit=1280%2C852&ssl=1","_links":{"self":[{"href":"https:\/\/guialimeira.com.br\/news\/wp-json\/wp\/v2\/posts\/9006","targetHints":{"allow":["GET"]}}],"collection":[{"href":"https:\/\/guialimeira.com.br\/news\/wp-json\/wp\/v2\/posts"}],"about":[{"href":"https:\/\/guialimeira.com.br\/news\/wp-json\/wp\/v2\/types\/post"}],"author":[{"embeddable":true,"href":"https:\/\/guialimeira.com.br\/news\/wp-json\/wp\/v2\/users\/1"}],"replies":[{"embeddable":true,"href":"https:\/\/guialimeira.com.br\/news\/wp-json\/wp\/v2\/comments?post=9006"}],"version-history":[{"count":0,"href":"https:\/\/guialimeira.com.br\/news\/wp-json\/wp\/v2\/posts\/9006\/revisions"}],"wp:featuredmedia":[{"embeddable":true,"href":"https:\/\/guialimeira.com.br\/news\/wp-json\/wp\/v2\/media\/3415"}],"wp:attachment":[{"href":"https:\/\/guialimeira.com.br\/news\/wp-json\/wp\/v2\/media?parent=9006"}],"wp:term":[{"taxonomy":"category","embeddable":true,"href":"https:\/\/guialimeira.com.br\/news\/wp-json\/wp\/v2\/categories?post=9006"},{"taxonomy":"post_tag","embeddable":true,"href":"https:\/\/guialimeira.com.br\/news\/wp-json\/wp\/v2\/tags?post=9006"}],"curies":[{"name":"wp","href":"https:\/\/api.w.org\/{rel}","templated":true}]}}