{"id":9003,"date":"2024-06-24T21:47:47","date_gmt":"2024-06-25T00:47:47","guid":{"rendered":"https:\/\/guialimeira.com.br\/2024\/06\/24\/governo-paulista-busca-compradores-para-acoes-da-sabesp-no-exterior\/"},"modified":"2024-06-24T21:47:47","modified_gmt":"2024-06-25T00:47:47","slug":"governo-paulista-busca-compradores-para-acoes-da-sabesp-no-exterior","status":"publish","type":"post","link":"https:\/\/guialimeira.com.br\/news\/governo-paulista-busca-compradores-para-acoes-da-sabesp-no-exterior\/","title":{"rendered":"Governo paulista busca compradores para a\u00e7\u00f5es da Sabesp no exterior"},"content":{"rendered":"<p> <br \/>\n<\/p>\n<div>\n<p>O governador do estado de S\u00e3o Paulo, Tarc\u00edsio de Freitas, iniciou nesta segunda-feira (24), nos Estados Unidos, uma s\u00e9rie de encontros com representantes de empresas privadas e de fundos de investimentos para apresentar o modelo da oferta p\u00fablica de a\u00e7\u00f5es da Companhia de Saneamento B\u00e1sico do Estado de S\u00e3o Paulo (Sabesp), aberta na \u00faltima sexta-feira (21).<img data-recalc-dims=\"1\" decoding=\"async\" src=\"https:\/\/i0.wp.com\/agenciabrasil.ebc.com.br\/ebc.png?w=696&#038;ssl=1\" style=\"width:1px; height:1px; display:inline;\"\/><img data-recalc-dims=\"1\" decoding=\"async\" src=\"https:\/\/i0.wp.com\/agenciabrasil.ebc.com.br\/ebc.gif?w=696&#038;ssl=1\" style=\"width:1px; height:1px; display:inline;\"\/><\/p>\n<p>A comitiva que acompanha o governador \u00e9 formada pelos secret\u00e1rios de Parcerias e Investimentos, Rafael Benini, de Meio Ambiente, Infraestrutura e Log\u00edstica, Nat\u00e1lia Resende, e Comunica\u00e7\u00f5es, Lais Vita, e cumprir\u00e1 compromissos em Nova York Iorque e Boston.\u00a0 O grupo ir\u00e1 tamb\u00e9m ao Reino Unido e a Portugal, na busca de interessados na compra de a\u00e7\u00f5es da companhia.\u00a0<\/p>\n<p>O governo do estado de S\u00e3o Paulo abriu, na noite de sexta-feira, a oferta p\u00fablica de a\u00e7\u00f5es da companhia de saneamento, \u00faltima etapa da privatiza\u00e7\u00e3o da empresa. No in\u00edcio do m\u00eas, o governo paulista anunciou que ficar\u00e1 com 18,3% das a\u00e7\u00f5es da companhia. Atualmente, o estado det\u00e9m 50,3% dos papeis; o restante est\u00e1 na posse de empresas ou pessoas f\u00edsicas.\u00a0<\/p>\n<p>Segundo o Pal\u00e1cio dos Bandeirantes, a venda de a\u00e7\u00f5es ser\u00e1 dividida em dois lotes: o primeiro, de 15% dos papeis, ser\u00e1 destinado a um investidor de refer\u00eancia; j\u00e1 o segundo, com cerca de 17% das a\u00e7\u00f5es, ser\u00e1 aberto a todo o mercado, inclusive pessoas f\u00edsicas, jur\u00eddicas e funcion\u00e1rios da companhia.<\/p>\n<p>A a\u00e7\u00e3o da companhia, cotada atualmente por volta de R$ 75, aumentou mais de 40% nos \u00faltimos 12 meses.\u00a0<\/p>\n<\/p><\/div>\n<p><br \/>\n<br \/><a href=\"https:\/\/agenciabrasil.ebc.com.br\/economia\/noticia\/2024-06\/governo-paulista-busca-compradores-para-acoes-da-sabesp-no-exterior\" rel=\"noopener\">Ag\u00eancia Brasil<\/a><\/p>\n","protected":false},"excerpt":{"rendered":"<p>O governador do estado de S\u00e3o Paulo, Tarc\u00edsio de Freitas, iniciou nesta segunda-feira (24), nos Estados Unidos, uma s\u00e9rie de encontros com representantes de empresas privadas e de fundos de investimentos para apresentar o modelo da oferta p\u00fablica de a\u00e7\u00f5es da Companhia de Saneamento B\u00e1sico do Estado de S\u00e3o Paulo (Sabesp), aberta na \u00faltima sexta-feira [&hellip;]<\/p>\n","protected":false},"author":1,"featured_media":2501,"comment_status":"open","ping_status":"open","sticky":false,"template":"","format":"standard","meta":{"_jetpack_newsletter_access":"","_jetpack_dont_email_post_to_subs":false,"_jetpack_newsletter_tier_id":0,"_jetpack_memberships_contains_paywalled_content":false,"_mbp_banners":[],"_jetpack_feature_clip_id":0,"_jetpack_memberships_contains_paid_content":false,"footnotes":"","jetpack_publicize_message":"","jetpack_publicize_feature_enabled":true,"jetpack_social_post_already_shared":true,"jetpack_social_options":{"image_generator_settings":{"template":"highway","default_image_id":0,"font":"","enabled":false},"version":2},"jetpack_post_was_ever_published":false},"categories":[24],"tags":[],"class_list":["post-9003","post","type-post","status-publish","format-standard","has-post-thumbnail","category-economia"],"jetpack_publicize_connections":[],"jetpack-related-posts":[],"jetpack_shortlink":"https:\/\/wp.me\/p7Eq1F-2ld","jetpack_sharing_enabled":true,"jetpack_featured_media_url":"https:\/\/i0.wp.com\/guialimeira.com.br\/news\/wp-content\/uploads\/2024\/04\/img_5875.jpg?fit=1600%2C800&ssl=1","_links":{"self":[{"href":"https:\/\/guialimeira.com.br\/news\/wp-json\/wp\/v2\/posts\/9003","targetHints":{"allow":["GET"]}}],"collection":[{"href":"https:\/\/guialimeira.com.br\/news\/wp-json\/wp\/v2\/posts"}],"about":[{"href":"https:\/\/guialimeira.com.br\/news\/wp-json\/wp\/v2\/types\/post"}],"author":[{"embeddable":true,"href":"https:\/\/guialimeira.com.br\/news\/wp-json\/wp\/v2\/users\/1"}],"replies":[{"embeddable":true,"href":"https:\/\/guialimeira.com.br\/news\/wp-json\/wp\/v2\/comments?post=9003"}],"version-history":[{"count":0,"href":"https:\/\/guialimeira.com.br\/news\/wp-json\/wp\/v2\/posts\/9003\/revisions"}],"wp:featuredmedia":[{"embeddable":true,"href":"https:\/\/guialimeira.com.br\/news\/wp-json\/wp\/v2\/media\/2501"}],"wp:attachment":[{"href":"https:\/\/guialimeira.com.br\/news\/wp-json\/wp\/v2\/media?parent=9003"}],"wp:term":[{"taxonomy":"category","embeddable":true,"href":"https:\/\/guialimeira.com.br\/news\/wp-json\/wp\/v2\/categories?post=9003"},{"taxonomy":"post_tag","embeddable":true,"href":"https:\/\/guialimeira.com.br\/news\/wp-json\/wp\/v2\/tags?post=9003"}],"curies":[{"name":"wp","href":"https:\/\/api.w.org\/{rel}","templated":true}]}}