{"id":8981,"date":"2024-06-24T18:41:34","date_gmt":"2024-06-24T21:41:34","guid":{"rendered":"https:\/\/guialimeira.com.br\/2024\/06\/24\/sem-doses-com-validade-proxima-df-nao-amplia-vacinacao-contra-dengue\/"},"modified":"2024-06-24T18:41:34","modified_gmt":"2024-06-24T21:41:34","slug":"sem-doses-com-validade-proxima-df-nao-amplia-vacinacao-contra-dengue","status":"publish","type":"post","link":"https:\/\/guialimeira.com.br\/news\/sem-doses-com-validade-proxima-df-nao-amplia-vacinacao-contra-dengue\/","title":{"rendered":"Sem doses com validade pr\u00f3xima, DF n\u00e3o amplia vacina\u00e7\u00e3o contra dengue"},"content":{"rendered":"<p> <br \/>\n<\/p>\n<div>\n<p>Sem doses contra a dengue pr\u00f3ximas do vencimento, o Distrito Federal (DF) vai manter a vacina\u00e7\u00e3o contra a doen\u00e7a apenas para o p\u00fablico-alvo definido pelo Minist\u00e9rio da Sa\u00fade: crian\u00e7as e adolescentes de 10 a 14 anos.<img data-recalc-dims=\"1\" decoding=\"async\" src=\"https:\/\/i0.wp.com\/agenciabrasil.ebc.com.br\/ebc.png?w=696&#038;ssl=1\" style=\"width:1px; height:1px; display:inline;\"\/><img data-recalc-dims=\"1\" decoding=\"async\" src=\"https:\/\/i0.wp.com\/agenciabrasil.ebc.com.br\/ebc.gif?w=696&#038;ssl=1\" style=\"width:1px; height:1px; display:inline;\"\/><\/p>\n<p>No \u00faltimo s\u00e1bado (22), o governo federal <a href=\"https:\/\/agenciabrasil.ebc.com.br\/saude\/noticia\/2024-06\/com-doses-proximas-do-vencimento-saude-amplia-vacinacao-contra-dengue\" target=\"_blank\" rel=\"noopener\">autorizou a amplia\u00e7\u00e3o <\/a>da faixa et\u00e1ria no intuito de evitar perdas de estoques. Com isso, doses com validade at\u00e9 30 de junho e 31 de julho podem ser aplicadas, preferencialmente, em crian\u00e7as e adolescentes de 6 a 16 anos.<\/p>\n<p>Em nota enviada \u00e0 <strong>Ag\u00eancia Brasil<\/strong>, a Secretaria de Sa\u00fade do Distrito Federal informou que as doses contra a dengue dispon\u00edveis na rede local n\u00e3o vencem em junho nem em julho de 2024, apenas ao longo do pr\u00f3ximo ano.<\/p>\n<p>\u201cNossas doses vencem em 2025. Por isso, no momento, n\u00e3o haver\u00e1 uma mudan\u00e7a na estrat\u00e9gia adotada pela pasta com rela\u00e7\u00e3o ao p\u00fablico-alvo, que segue sendo de crian\u00e7as entre 10 e 14 anos\u201d, informou\u00a0a secretaria.<\/p>\n<\/p><\/div>\n<p><br \/>\n<br \/><a href=\"https:\/\/agenciabrasil.ebc.com.br\/saude\/noticia\/2024-06\/sem-doses-com-validade-proxima-df-nao-amplia-vacinacao-contra-dengue\" rel=\"noopener\">Ag\u00eancia Brasil <\/a><\/p>\n","protected":false},"excerpt":{"rendered":"<p>Sem doses contra a dengue pr\u00f3ximas do vencimento, o Distrito Federal (DF) vai manter a vacina\u00e7\u00e3o contra a doen\u00e7a apenas para o p\u00fablico-alvo definido pelo Minist\u00e9rio da Sa\u00fade: crian\u00e7as e adolescentes de 10 a 14 anos. No \u00faltimo s\u00e1bado (22), o governo federal autorizou a amplia\u00e7\u00e3o da faixa et\u00e1ria no intuito de evitar perdas de [&hellip;]<\/p>\n","protected":false},"author":1,"featured_media":8982,"comment_status":"open","ping_status":"open","sticky":false,"template":"","format":"standard","meta":{"_jetpack_newsletter_access":"","_jetpack_dont_email_post_to_subs":false,"_jetpack_newsletter_tier_id":0,"_jetpack_memberships_contains_paywalled_content":false,"_mbp_banners":[],"_jetpack_feature_clip_id":0,"_jetpack_memberships_contains_paid_content":false,"footnotes":"","jetpack_publicize_message":"","jetpack_publicize_feature_enabled":true,"jetpack_social_post_already_shared":true,"jetpack_social_options":{"image_generator_settings":{"template":"highway","default_image_id":0,"font":"","enabled":false},"version":2},"jetpack_post_was_ever_published":false},"categories":[15],"tags":[],"class_list":["post-8981","post","type-post","status-publish","format-standard","has-post-thumbnail","category-saude"],"jetpack_publicize_connections":[],"jetpack-related-posts":[],"jetpack_shortlink":"https:\/\/wp.me\/p7Eq1F-2kR","jetpack_sharing_enabled":true,"jetpack_featured_media_url":"https:\/\/i0.wp.com\/guialimeira.com.br\/news\/wp-content\/uploads\/2024\/06\/vacina_dengue_04.jpg?fit=1600%2C800&ssl=1","_links":{"self":[{"href":"https:\/\/guialimeira.com.br\/news\/wp-json\/wp\/v2\/posts\/8981","targetHints":{"allow":["GET"]}}],"collection":[{"href":"https:\/\/guialimeira.com.br\/news\/wp-json\/wp\/v2\/posts"}],"about":[{"href":"https:\/\/guialimeira.com.br\/news\/wp-json\/wp\/v2\/types\/post"}],"author":[{"embeddable":true,"href":"https:\/\/guialimeira.com.br\/news\/wp-json\/wp\/v2\/users\/1"}],"replies":[{"embeddable":true,"href":"https:\/\/guialimeira.com.br\/news\/wp-json\/wp\/v2\/comments?post=8981"}],"version-history":[{"count":0,"href":"https:\/\/guialimeira.com.br\/news\/wp-json\/wp\/v2\/posts\/8981\/revisions"}],"wp:featuredmedia":[{"embeddable":true,"href":"https:\/\/guialimeira.com.br\/news\/wp-json\/wp\/v2\/media\/8982"}],"wp:attachment":[{"href":"https:\/\/guialimeira.com.br\/news\/wp-json\/wp\/v2\/media?parent=8981"}],"wp:term":[{"taxonomy":"category","embeddable":true,"href":"https:\/\/guialimeira.com.br\/news\/wp-json\/wp\/v2\/categories?post=8981"},{"taxonomy":"post_tag","embeddable":true,"href":"https:\/\/guialimeira.com.br\/news\/wp-json\/wp\/v2\/tags?post=8981"}],"curies":[{"name":"wp","href":"https:\/\/api.w.org\/{rel}","templated":true}]}}