{"id":8977,"date":"2024-06-24T17:46:34","date_gmt":"2024-06-24T20:46:34","guid":{"rendered":"https:\/\/guialimeira.com.br\/2024\/06\/24\/acao-nas-pracas-mobiliza-esportistas-no-gigantao\/"},"modified":"2024-06-24T17:46:34","modified_gmt":"2024-06-24T20:46:34","slug":"acao-nas-pracas-mobiliza-esportistas-no-gigantao","status":"publish","type":"post","link":"https:\/\/guialimeira.com.br\/news\/acao-nas-pracas-mobiliza-esportistas-no-gigantao\/","title":{"rendered":"A\u00e7\u00e3o nas Pra\u00e7as mobiliza esportistas no \u201cGigant\u00e3o\u201d"},"content":{"rendered":"<p> <br \/>\n<br \/><img data-recalc-dims=\"1\" decoding=\"async\" src=\"https:\/\/i0.wp.com\/ecrie.com.br\/sistema\/conteudos\/imagem\/m_137_0_1_24062024173330.jpg?w=696&#038;ssl=1\" \/><\/p>\n<p>A Pra&ccedil;a de Esportes &ldquo;Eduardo Basso&rdquo;, conhecido como &ldquo;Gigant&atilde;o&rdquo;, no Cecap, foi palco na manh&atilde; de domingo (23), de mais uma edi&ccedil;&atilde;o do &ldquo;A&ccedil;&atilde;o nas Pra&ccedil;as&rdquo;, evento criado pela atual administra&ccedil;&atilde;o e que faz parte do calend&aacute;rio esportivo de Limeira.&nbsp;<\/p>\n<p><span style=\"font-size: medium\">O A&ccedil;&atilde;o nas Pra&ccedil;as re&uacute;ne esportistas de toda a cidade para competi&ccedil;&otilde;es. No domingo, foram realizados torneios de futev&ocirc;lei e de v&ocirc;lei de areia &ndash; em espa&ccedil;os distintos no &ldquo;Gigant&atilde;o&rdquo;. A realiza&ccedil;&atilde;o &eacute; da Prefeitura de Limeira, por meio da Secretaria de Esporte e Lazer.<\/span><\/p>\n<p>O torneio de v&ocirc;lei de praia teve a participa&ccedil;&atilde;o de dez equipes, enquanto que o de futev&ocirc;lei de outras tr&ecirc;s. Ao final de ambas as competi&ccedil;&otilde;es, os atletas receberam medalhas. O evento envolveu v&aacute;rios professores de Educa&ccedil;&atilde;o F&iacute;sica e funcion&aacute;rios da Secretaria de Esporte e Lazer.&nbsp;<\/p>\n<p>&nbsp;<\/p>\n<p><br \/>\n<br \/><a href=\"https:\/\/limeira.sp.gov.br\/acao-nas-pracas-mobiliza-esportistas-no-gigantao\" rel=\"noopener\">Informa\u00e7\u00f5es da PML <\/a><\/p>\n","protected":false},"excerpt":{"rendered":"<p>A Pra&ccedil;a de Esportes &ldquo;Eduardo Basso&rdquo;, conhecido como &ldquo;Gigant&atilde;o&rdquo;, no Cecap, foi palco na manh&atilde; de domingo (23), de mais uma edi&ccedil;&atilde;o do &ldquo;A&ccedil;&atilde;o nas Pra&ccedil;as&rdquo;, evento criado pela atual administra&ccedil;&atilde;o e que faz parte do calend&aacute;rio esportivo de Limeira.&nbsp; O A&ccedil;&atilde;o nas Pra&ccedil;as re&uacute;ne esportistas de toda a cidade para competi&ccedil;&otilde;es. No domingo, foram [&hellip;]<\/p>\n","protected":false},"author":1,"featured_media":8978,"comment_status":"open","ping_status":"open","sticky":false,"template":"","format":"standard","meta":{"_jetpack_newsletter_access":"","_jetpack_dont_email_post_to_subs":false,"_jetpack_newsletter_tier_id":0,"_jetpack_memberships_contains_paywalled_content":false,"_mbp_banners":[],"_jetpack_feature_clip_id":0,"_jetpack_memberships_contains_paid_content":false,"footnotes":"","jetpack_publicize_message":"","jetpack_publicize_feature_enabled":true,"jetpack_social_post_already_shared":true,"jetpack_social_options":{"image_generator_settings":{"template":"highway","default_image_id":0,"font":"","enabled":false},"version":2},"jetpack_post_was_ever_published":false},"categories":[16],"tags":[],"class_list":["post-8977","post","type-post","status-publish","format-standard","has-post-thumbnail","category-local"],"jetpack_publicize_connections":[],"jetpack-related-posts":[],"jetpack_shortlink":"https:\/\/wp.me\/p7Eq1F-2kN","jetpack_sharing_enabled":true,"jetpack_featured_media_url":"https:\/\/i0.wp.com\/guialimeira.com.br\/news\/wp-content\/uploads\/2024\/06\/m_137_0_1_24062024173330.jpg?fit=1280%2C852&ssl=1","_links":{"self":[{"href":"https:\/\/guialimeira.com.br\/news\/wp-json\/wp\/v2\/posts\/8977","targetHints":{"allow":["GET"]}}],"collection":[{"href":"https:\/\/guialimeira.com.br\/news\/wp-json\/wp\/v2\/posts"}],"about":[{"href":"https:\/\/guialimeira.com.br\/news\/wp-json\/wp\/v2\/types\/post"}],"author":[{"embeddable":true,"href":"https:\/\/guialimeira.com.br\/news\/wp-json\/wp\/v2\/users\/1"}],"replies":[{"embeddable":true,"href":"https:\/\/guialimeira.com.br\/news\/wp-json\/wp\/v2\/comments?post=8977"}],"version-history":[{"count":0,"href":"https:\/\/guialimeira.com.br\/news\/wp-json\/wp\/v2\/posts\/8977\/revisions"}],"wp:featuredmedia":[{"embeddable":true,"href":"https:\/\/guialimeira.com.br\/news\/wp-json\/wp\/v2\/media\/8978"}],"wp:attachment":[{"href":"https:\/\/guialimeira.com.br\/news\/wp-json\/wp\/v2\/media?parent=8977"}],"wp:term":[{"taxonomy":"category","embeddable":true,"href":"https:\/\/guialimeira.com.br\/news\/wp-json\/wp\/v2\/categories?post=8977"},{"taxonomy":"post_tag","embeddable":true,"href":"https:\/\/guialimeira.com.br\/news\/wp-json\/wp\/v2\/tags?post=8977"}],"curies":[{"name":"wp","href":"https:\/\/api.w.org\/{rel}","templated":true}]}}