{"id":8975,"date":"2024-06-24T17:40:34","date_gmt":"2024-06-24T20:40:34","guid":{"rendered":"https:\/\/guialimeira.com.br\/2024\/06\/24\/nisia-diz-que-sus-tem-capacidade-de-dar-melhores-respostas-a-populacao\/"},"modified":"2024-06-24T17:40:34","modified_gmt":"2024-06-24T20:40:34","slug":"nisia-diz-que-sus-tem-capacidade-de-dar-melhores-respostas-a-populacao","status":"publish","type":"post","link":"https:\/\/guialimeira.com.br\/news\/nisia-diz-que-sus-tem-capacidade-de-dar-melhores-respostas-a-populacao\/","title":{"rendered":"N\u00edsia diz que SUS tem capacidade de dar melhores respostas \u00e0 popula\u00e7\u00e3o"},"content":{"rendered":"<p> <br \/>\n<\/p>\n<div>\n<p>Durante a inaugura\u00e7\u00e3o das novas instala\u00e7\u00f5es do Hospital Alcides Carneiro, em Petr\u00f3polis, na regi\u00e3o serrana do Rio de Janeiro, a ministra da Sa\u00fade, N\u00edsia Trindade, afirmou que apesar da complexidade da oncologia, o\u00a0Sistema \u00danico de Sa\u00fade (SUS)\u00a0tem\u00a0capacidade de dar melhores respostas \u00e0 popula\u00e7\u00e3o brasileira. Ela destacou que o programa\u00a0Mais Acesso a Especialistas\u00a0\u00e9 parte essencial no processo de redu\u00e7\u00e3o de filas.\u00a0 Ao todo, ser\u00e3o abertos 87 leitos para o tratamento de c\u00e2ncer.<img data-recalc-dims=\"1\" decoding=\"async\" src=\"https:\/\/i0.wp.com\/agenciabrasil.ebc.com.br\/ebc.png?w=696&#038;ssl=1\" style=\"width:1px; height:1px; display:inline;\"\/><img data-recalc-dims=\"1\" decoding=\"async\" src=\"https:\/\/i0.wp.com\/agenciabrasil.ebc.com.br\/ebc.gif?w=696&#038;ssl=1\" style=\"width:1px; height:1px; display:inline;\"\/><\/p>\n<p>\u201cPrecisamos garantir que n\u00e3o haja um grande tempo de espera e essa \u00e9 a meta do programa Mais Acesso a Especialistas. \u00c9 isso que vamos fazer juntos para melhorar a condi\u00e7\u00e3o de atendimento e para reduzir o sofrimento dos pacientes. Isso \u00e9 SUS na pr\u00e1tica\u201d, disse a ministra.<\/p>\n<p>N\u00edsia reafirmou que tem trabalhado para fortalecer o SUS. \u201cA principal caracter\u00edstica da rede p\u00fablica \u00e9 fazer a diferen\u00e7a de forma concreta na vida do povo brasileiro. O SUS \u00e9 uma grande conquista da nossa popula\u00e7\u00e3o, mas o que importa \u00e9 o que ele representa de forma concreta na vida das pessoas\u201d, defendeu.<\/p>\n<p>Toda a linha de cuidados dos pacientes oncol\u00f3gicos passar\u00e1 a ser oferecida no hospital, desde o diagn\u00f3stico, exames, cirurgias e, agora, quimioterapia. O espa\u00e7o tem capacidade para\u00a0atender 1,1\u00a0mil pessoas por m\u00eas. Para a nova unidade oncol\u00f3gica, o minist\u00e9rio fez um aporte no valor de R$ 910 mil por ano. \u00a0<\/p>\n<\/p><\/div>\n<p><br \/>\n<br \/><a href=\"https:\/\/agenciabrasil.ebc.com.br\/saude\/noticia\/2024-06\/nisia-diz-que-sus-tem-capacidade-de-dar-melhores-respostas-populacao\" rel=\"noopener\">Ag\u00eancia Brasil <\/a><\/p>\n","protected":false},"excerpt":{"rendered":"<p>Durante a inaugura\u00e7\u00e3o das novas instala\u00e7\u00f5es do Hospital Alcides Carneiro, em Petr\u00f3polis, na regi\u00e3o serrana do Rio de Janeiro, a ministra da Sa\u00fade, N\u00edsia Trindade, afirmou que apesar da complexidade da oncologia, o\u00a0Sistema \u00danico de Sa\u00fade (SUS)\u00a0tem\u00a0capacidade de dar melhores respostas \u00e0 popula\u00e7\u00e3o brasileira. Ela destacou que o programa\u00a0Mais Acesso a Especialistas\u00a0\u00e9 parte essencial no [&hellip;]<\/p>\n","protected":false},"author":1,"featured_media":269,"comment_status":"open","ping_status":"open","sticky":false,"template":"","format":"standard","meta":{"_jetpack_newsletter_access":"","_jetpack_dont_email_post_to_subs":false,"_jetpack_newsletter_tier_id":0,"_jetpack_memberships_contains_paywalled_content":false,"_mbp_banners":[],"_jetpack_feature_clip_id":0,"_jetpack_memberships_contains_paid_content":false,"footnotes":"","jetpack_publicize_message":"","jetpack_publicize_feature_enabled":true,"jetpack_social_post_already_shared":true,"jetpack_social_options":{"image_generator_settings":{"template":"highway","default_image_id":0,"font":"","enabled":false},"version":2},"jetpack_post_was_ever_published":false},"categories":[15],"tags":[],"class_list":["post-8975","post","type-post","status-publish","format-standard","has-post-thumbnail","category-saude"],"jetpack_publicize_connections":[],"jetpack-related-posts":[],"jetpack_shortlink":"https:\/\/wp.me\/p7Eq1F-2kL","jetpack_sharing_enabled":true,"jetpack_featured_media_url":"https:\/\/i0.wp.com\/guialimeira.com.br\/news\/wp-content\/uploads\/2024\/03\/thumb_1200x600_agbrasil.png?fit=1200%2C600&ssl=1","_links":{"self":[{"href":"https:\/\/guialimeira.com.br\/news\/wp-json\/wp\/v2\/posts\/8975","targetHints":{"allow":["GET"]}}],"collection":[{"href":"https:\/\/guialimeira.com.br\/news\/wp-json\/wp\/v2\/posts"}],"about":[{"href":"https:\/\/guialimeira.com.br\/news\/wp-json\/wp\/v2\/types\/post"}],"author":[{"embeddable":true,"href":"https:\/\/guialimeira.com.br\/news\/wp-json\/wp\/v2\/users\/1"}],"replies":[{"embeddable":true,"href":"https:\/\/guialimeira.com.br\/news\/wp-json\/wp\/v2\/comments?post=8975"}],"version-history":[{"count":0,"href":"https:\/\/guialimeira.com.br\/news\/wp-json\/wp\/v2\/posts\/8975\/revisions"}],"wp:featuredmedia":[{"embeddable":true,"href":"https:\/\/guialimeira.com.br\/news\/wp-json\/wp\/v2\/media\/269"}],"wp:attachment":[{"href":"https:\/\/guialimeira.com.br\/news\/wp-json\/wp\/v2\/media?parent=8975"}],"wp:term":[{"taxonomy":"category","embeddable":true,"href":"https:\/\/guialimeira.com.br\/news\/wp-json\/wp\/v2\/categories?post=8975"},{"taxonomy":"post_tag","embeddable":true,"href":"https:\/\/guialimeira.com.br\/news\/wp-json\/wp\/v2\/tags?post=8975"}],"curies":[{"name":"wp","href":"https:\/\/api.w.org\/{rel}","templated":true}]}}