{"id":8952,"date":"2024-06-24T12:35:38","date_gmt":"2024-06-24T15:35:38","guid":{"rendered":"https:\/\/guialimeira.com.br\/2024\/06\/24\/saude-prazo-para-cadastrar-projetos-de-apoio-ao-rs-termina-na-terca\/"},"modified":"2024-06-24T12:35:38","modified_gmt":"2024-06-24T15:35:38","slug":"saude-prazo-para-cadastrar-projetos-de-apoio-ao-rs-termina-na-terca","status":"publish","type":"post","link":"https:\/\/guialimeira.com.br\/news\/saude-prazo-para-cadastrar-projetos-de-apoio-ao-rs-termina-na-terca\/","title":{"rendered":"Sa\u00fade: prazo para cadastrar projetos de apoio ao RS termina na ter\u00e7a"},"content":{"rendered":"<p> <br \/>\n<\/p>\n<div>\n<p>Termina nesta ter\u00e7a-feira (25) o prazo para apresenta\u00e7\u00e3o de projetos em sa\u00fade com o objetivo de apoiar obras de reconstru\u00e7\u00e3o do Rio Grande do Sul. De acordo com o Minist\u00e9rio da Sa\u00fade, as propostas podem ser cadastradas por munic\u00edpios, estados e entidades privadas sem fins lucrativos.<img data-recalc-dims=\"1\" decoding=\"async\" src=\"https:\/\/i0.wp.com\/agenciabrasil.ebc.com.br\/ebc.png?w=696&#038;ssl=1\" style=\"width:1px; height:1px; display:inline;\"\/><img data-recalc-dims=\"1\" decoding=\"async\" src=\"https:\/\/i0.wp.com\/agenciabrasil.ebc.com.br\/ebc.gif?w=696&#038;ssl=1\" style=\"width:1px; height:1px; display:inline;\"\/><\/p>\n<p>\u201cPor meio do <a href=\"https:\/\/investsus.saude.gov.br\/\" target=\"_blank\" rel=\"noopener\">Invest-SUS<\/a>, \u00e9 poss\u00edvel solicitar reforma de unidades de sa\u00fade, aquisi\u00e7\u00e3o de equipamentos e constru\u00e7\u00e3o de novas unidades. O Minist\u00e9rio da Sa\u00fade vai priorizar as \u00e1reas em estado de calamidade e emerg\u00eancia nesse processo de reconstru\u00e7\u00e3o.\u201d<\/p>\n<p>Em maio, o Fundo Nacional de Sa\u00fade (FNS) se reuniu com mais de 200 gestores da sa\u00fade do Rio Grande do Sul para tratar da aquisi\u00e7\u00e3o de equipamentos e da constru\u00e7\u00e3o ou reforma de unidades b\u00e1sicas de sa\u00fade (UBS) em munic\u00edpios afetados pelas enchentes.\u00a0<\/p>\n<p>\u00a0<\/p>\n<\/p><\/div>\n<p><br \/>\n<br \/><a href=\"https:\/\/agenciabrasil.ebc.com.br\/saude\/noticia\/2024-06\/saude-prazo-para-cadastrar-projetos-de-apoio-ao-rs-termina-na-terca\" rel=\"noopener\">Ag\u00eancia Brasil <\/a><\/p>\n","protected":false},"excerpt":{"rendered":"<p>Termina nesta ter\u00e7a-feira (25) o prazo para apresenta\u00e7\u00e3o de projetos em sa\u00fade com o objetivo de apoiar obras de reconstru\u00e7\u00e3o do Rio Grande do Sul. De acordo com o Minist\u00e9rio da Sa\u00fade, as propostas podem ser cadastradas por munic\u00edpios, estados e entidades privadas sem fins lucrativos. \u201cPor meio do Invest-SUS, \u00e9 poss\u00edvel solicitar reforma de [&hellip;]<\/p>\n","protected":false},"author":1,"featured_media":8953,"comment_status":"open","ping_status":"open","sticky":false,"template":"","format":"standard","meta":{"_jetpack_newsletter_access":"","_jetpack_dont_email_post_to_subs":false,"_jetpack_newsletter_tier_id":0,"_jetpack_memberships_contains_paywalled_content":false,"_mbp_banners":[],"_jetpack_feature_clip_id":0,"_jetpack_memberships_contains_paid_content":false,"footnotes":"","jetpack_publicize_message":"","jetpack_publicize_feature_enabled":true,"jetpack_social_post_already_shared":true,"jetpack_social_options":{"image_generator_settings":{"template":"highway","default_image_id":0,"font":"","enabled":false},"version":2},"jetpack_post_was_ever_published":false},"categories":[15],"tags":[],"class_list":["post-8952","post","type-post","status-publish","format-standard","has-post-thumbnail","category-saude"],"jetpack_publicize_connections":[],"jetpack-related-posts":[],"jetpack_shortlink":"https:\/\/wp.me\/p7Eq1F-2ko","jetpack_sharing_enabled":true,"jetpack_featured_media_url":"https:\/\/i0.wp.com\/guialimeira.com.br\/news\/wp-content\/uploads\/2024\/06\/mg_3655.jpg?fit=1600%2C800&ssl=1","_links":{"self":[{"href":"https:\/\/guialimeira.com.br\/news\/wp-json\/wp\/v2\/posts\/8952","targetHints":{"allow":["GET"]}}],"collection":[{"href":"https:\/\/guialimeira.com.br\/news\/wp-json\/wp\/v2\/posts"}],"about":[{"href":"https:\/\/guialimeira.com.br\/news\/wp-json\/wp\/v2\/types\/post"}],"author":[{"embeddable":true,"href":"https:\/\/guialimeira.com.br\/news\/wp-json\/wp\/v2\/users\/1"}],"replies":[{"embeddable":true,"href":"https:\/\/guialimeira.com.br\/news\/wp-json\/wp\/v2\/comments?post=8952"}],"version-history":[{"count":0,"href":"https:\/\/guialimeira.com.br\/news\/wp-json\/wp\/v2\/posts\/8952\/revisions"}],"wp:featuredmedia":[{"embeddable":true,"href":"https:\/\/guialimeira.com.br\/news\/wp-json\/wp\/v2\/media\/8953"}],"wp:attachment":[{"href":"https:\/\/guialimeira.com.br\/news\/wp-json\/wp\/v2\/media?parent=8952"}],"wp:term":[{"taxonomy":"category","embeddable":true,"href":"https:\/\/guialimeira.com.br\/news\/wp-json\/wp\/v2\/categories?post=8952"},{"taxonomy":"post_tag","embeddable":true,"href":"https:\/\/guialimeira.com.br\/news\/wp-json\/wp\/v2\/tags?post=8952"}],"curies":[{"name":"wp","href":"https:\/\/api.w.org\/{rel}","templated":true}]}}