{"id":8938,"date":"2024-06-24T07:35:33","date_gmt":"2024-06-24T10:35:33","guid":{"rendered":"https:\/\/guialimeira.com.br\/2024\/06\/24\/brasil-encara-costa-rica-na-estreia-da-copa-america-esta-noite-nos-eua\/"},"modified":"2024-06-24T07:35:33","modified_gmt":"2024-06-24T10:35:33","slug":"brasil-encara-costa-rica-na-estreia-da-copa-america-esta-noite-nos-eua","status":"publish","type":"post","link":"https:\/\/guialimeira.com.br\/news\/brasil-encara-costa-rica-na-estreia-da-copa-america-esta-noite-nos-eua\/","title":{"rendered":"Brasil encara Costa Rica na estreia da Copa Am\u00e9rica esta noite nos EUA"},"content":{"rendered":"<p> <br \/>\n<\/p>\n<div>\n<p>A noite \u00e9 de estreia da sele\u00e7\u00e3o brasileira masculina de futebol na fase de grupos da Copa Am\u00e9rica, em Los Angeles (Estados Unidos). O Brasil encara a Costa Rica a partir das 22h (hor\u00e1rio de Bras\u00edlia) desta segunda-feira (24), no SoFi Stadium, em Inglewood. A sele\u00e7\u00e3o est\u00e1 na chave D, que tem ainda Paraguai e Col\u00f4mbia. A competi\u00e7\u00e3o re\u00fane ao todo 16 sele\u00e7\u00f5es.<img data-recalc-dims=\"1\" decoding=\"async\" src=\"https:\/\/i0.wp.com\/agenciabrasil.ebc.com.br\/ebc.png?w=696&#038;ssl=1\" style=\"width:1px; height:1px; display:inline;\"\/><img data-recalc-dims=\"1\" decoding=\"async\" src=\"https:\/\/i0.wp.com\/agenciabrasil.ebc.com.br\/ebc.gif?w=696&#038;ssl=1\" style=\"width:1px; height:1px; display:inline;\"\/><\/p>\n<blockquote class=\"instagram-media\" data-instgrm-captioned=\"\" data-instgrm-permalink=\"https:\/\/www.instagram.com\/p\/C8lUftht10o\/?utm_source=ig_embed&amp;utm_campaign=loading\" data-instgrm-version=\"14\" style=\" background:#FFF; border:0; border-radius:3px; box-shadow:0 0 1px 0 rgba(0,0,0,0.5),0 1px 10px 0 rgba(0,0,0,0.15); margin: 1px; max-width:540px; min-width:326px; padding:0; width:99.375%; width:-webkit-calc(100% - 2px); width:calc(100% - 2px);\">\n<\/blockquote>\n<p>Durante coletiva no domingo (23), o t\u00e9cnico Dorival J\u00fanior adiantou algumas novidades no time titular, em rela\u00e7\u00e3o \u00e0 equipe que enfrentou os Estados Unidos no \u00faltimo dia 12. O treinador optou por escalar Guilherme Arana na lateral esquerda, antes com Wendell, e \u00c9der Milit\u00e3o na zaga, na posi\u00e7\u00e3o que era Lucas Beraldo.<\/p>\n<blockquote>\n<p>\u201cN\u00f3s fizemos sim algumas mudan\u00e7as, da base e dos dois jogos iniciais, que foram importantes para ver como os jogadores se encaixariam. Foram fundamentais esses treinamentos, onde n\u00f3s pudemos testar mais nomes. A escala\u00e7\u00e3o inicial \u00e9 justamente essa, com Milit\u00e3o e Arana, e com Alisson, em rela\u00e7\u00e3o aos primeiros jogos dessa convoca\u00e7\u00e3o\u201d explicou Dorival, que assumiu o comando da sele\u00e7\u00e3o h\u00e1 pouco mais de cinco meses.<\/p>\n<\/blockquote>\n<p>A prepara\u00e7\u00e3o para Copa Am\u00e9rica come\u00e7ou no fim de maio, na Calif\u00f3rnia (EUA). Al\u00e9m dos treinamentos, o Brasil disputou dois amistosos. No primeiro, ganhou por 3 a 2 do M\u00e9xico, no Texas, em 8 de junho, e quatro dias depois ficou no 1 a 1 com os Estados Unidos, em jogo disputado no estado do Texas.<\/p>\n<p>A sele\u00e7\u00e3o busca o 10\u00b0 t\u00edtulo na Copa Am\u00e9rica. Na \u00faltima edi\u00e7\u00e3o, realizada no Brasil em meio \u00e0 pandemia de covid-19, o escrete canarinho\u00a0foi superado\u00a0por 1 a 0 na final contra a Argentina, que levantou a ta\u00e7a pela 15\u00aa vez (o pa\u00eds \u00e9 o maior campe\u00e3o ao lado do Uruguai). O Brasil conquistou as edi\u00e7\u00f5es de 2019, 2007, 2004, 1999, 1997, 1989, 1949, 1922 e 1919.<\/p>\n<p>Capit\u00e3o da sele\u00e7\u00e3o, o lateral Danilo \u00e9 um dos mais experientes do renovado elenco brasileiro: dos <a href=\"https:\/\/agenciabrasil.ebc.com.br\/esportes\/noticia\/2024-05\/dorival-chama-mais-3-jogadores-para-selecao-brasileira-na-copa-america\" rel=\"noopener\"><strong>26 convocados,<\/strong><\/a> 19 jogadores s\u00e3o estreantes no torneio continental.<\/p>\n<blockquote>\n<p>\u201cEsperamos cumprir com as expectativas, n\u00e3o do jogo bonito, isso fica para imprensa e torcida, mas das vit\u00f3rias. Se for poss\u00edvel jogar bonito, que seja, sen\u00e3o que ven\u00e7a com determina\u00e7\u00e3o\u201d, disse o lateral, que atua na Juventus (It\u00e1lia) e h\u00e1 mais de 10 anos veste a amarelinha.<\/p>\n<\/blockquote>\n<p>A sele\u00e7\u00e3o brasileira deve ir a campo contra a Costa Rica com Alisson, Danilo, \u00c9der Milit\u00e3o, Marquinhos e Guilherme Arana; Bruno Guimar\u00e3es, Jo\u00e3o Gomes e Lucas Paquet\u00e1; Raphinha, Rodrygo e Vinicius J\u00fanior.<\/p>\n<\/p><\/div>\n<p><script async src=\"\/\/www.instagram.com\/embed.js\"><\/script><br \/>\n<br \/><br \/>\n<br \/><a href=\"https:\/\/agenciabrasil.ebc.com.br\/esportes\/noticia\/2024-06\/brasil-encara-costa-rica-na-estreia-da-copa-america-esta-noite-nos-eua\" rel=\"noopener\">Ag\u00eancia Brasil<\/a><\/p>\n","protected":false},"excerpt":{"rendered":"<p>A noite \u00e9 de estreia da sele\u00e7\u00e3o brasileira masculina de futebol na fase de grupos da Copa Am\u00e9rica, em Los Angeles (Estados Unidos). O Brasil encara a Costa Rica a partir das 22h (hor\u00e1rio de Bras\u00edlia) desta segunda-feira (24), no SoFi Stadium, em Inglewood. A sele\u00e7\u00e3o est\u00e1 na chave D, que tem ainda Paraguai e [&hellip;]<\/p>\n","protected":false},"author":1,"featured_media":7921,"comment_status":"open","ping_status":"open","sticky":false,"template":"","format":"standard","meta":{"_jetpack_newsletter_access":"","_jetpack_dont_email_post_to_subs":false,"_jetpack_newsletter_tier_id":0,"_jetpack_memberships_contains_paywalled_content":false,"_mbp_banners":[],"_jetpack_feature_clip_id":0,"_jetpack_memberships_contains_paid_content":false,"footnotes":"","jetpack_publicize_message":"","jetpack_publicize_feature_enabled":true,"jetpack_social_post_already_shared":true,"jetpack_social_options":{"image_generator_settings":{"template":"highway","default_image_id":0,"font":"","enabled":false},"version":2},"jetpack_post_was_ever_published":false},"categories":[23],"tags":[],"class_list":["post-8938","post","type-post","status-publish","format-standard","has-post-thumbnail","category-esportes"],"jetpack_publicize_connections":[],"jetpack-related-posts":[],"jetpack_shortlink":"https:\/\/wp.me\/p7Eq1F-2ka","jetpack_sharing_enabled":true,"jetpack_featured_media_url":"https:\/\/i0.wp.com\/guialimeira.com.br\/news\/wp-content\/uploads\/2024\/06\/selecao_brasileira_futebol_masculina.jpg?fit=1600%2C800&ssl=1","_links":{"self":[{"href":"https:\/\/guialimeira.com.br\/news\/wp-json\/wp\/v2\/posts\/8938","targetHints":{"allow":["GET"]}}],"collection":[{"href":"https:\/\/guialimeira.com.br\/news\/wp-json\/wp\/v2\/posts"}],"about":[{"href":"https:\/\/guialimeira.com.br\/news\/wp-json\/wp\/v2\/types\/post"}],"author":[{"embeddable":true,"href":"https:\/\/guialimeira.com.br\/news\/wp-json\/wp\/v2\/users\/1"}],"replies":[{"embeddable":true,"href":"https:\/\/guialimeira.com.br\/news\/wp-json\/wp\/v2\/comments?post=8938"}],"version-history":[{"count":0,"href":"https:\/\/guialimeira.com.br\/news\/wp-json\/wp\/v2\/posts\/8938\/revisions"}],"wp:featuredmedia":[{"embeddable":true,"href":"https:\/\/guialimeira.com.br\/news\/wp-json\/wp\/v2\/media\/7921"}],"wp:attachment":[{"href":"https:\/\/guialimeira.com.br\/news\/wp-json\/wp\/v2\/media?parent=8938"}],"wp:term":[{"taxonomy":"category","embeddable":true,"href":"https:\/\/guialimeira.com.br\/news\/wp-json\/wp\/v2\/categories?post=8938"},{"taxonomy":"post_tag","embeddable":true,"href":"https:\/\/guialimeira.com.br\/news\/wp-json\/wp\/v2\/tags?post=8938"}],"curies":[{"name":"wp","href":"https:\/\/api.w.org\/{rel}","templated":true}]}}