{"id":8929,"date":"2024-06-23T19:18:37","date_gmt":"2024-06-23T22:18:37","guid":{"rendered":"https:\/\/guialimeira.com.br\/2024\/06\/23\/ans-autoriza-suspensao-de-venda-de-planos-da-golden-cross\/"},"modified":"2024-06-23T19:18:37","modified_gmt":"2024-06-23T22:18:37","slug":"ans-autoriza-suspensao-de-venda-de-planos-da-golden-cross","status":"publish","type":"post","link":"https:\/\/guialimeira.com.br\/news\/ans-autoriza-suspensao-de-venda-de-planos-da-golden-cross\/","title":{"rendered":"ANS autoriza suspens\u00e3o de venda de planos da Golden Cross"},"content":{"rendered":"<p> <br \/>\n<\/p>\n<div>\n<p>A Ag\u00eancia Nacional de Sa\u00fade Suplementar (ANS) autorizou, na semana passada, a Golden Cross a suspender a comercializa\u00e7\u00e3o de 114 dos 143 planos ativos da operadora, a partir de 10 de julho. A solicita\u00e7\u00e3o para a suspens\u00e3o do com\u00e9rcio destes planos foi feita pela pr\u00f3pria operadora em 10 de junho.<img data-recalc-dims=\"1\" decoding=\"async\" src=\"https:\/\/i0.wp.com\/agenciabrasil.ebc.com.br\/ebc.png?w=696&#038;ssl=1\" style=\"width:1px; height:1px; display:inline;\"\/><img data-recalc-dims=\"1\" decoding=\"async\" src=\"https:\/\/i0.wp.com\/agenciabrasil.ebc.com.br\/ebc.gif?w=696&#038;ssl=1\" style=\"width:1px; height:1px; display:inline;\"\/><\/p>\n<p>A ag\u00eancia reguladora esclareceu que a suspens\u00e3o da comercializa\u00e7\u00e3o dos planos n\u00e3o afetar\u00e1 nenhum dos benefici\u00e1rios da operadora, pois a ANS n\u00e3o cancelou os contratos existentes. Desta forma, a partir de 10 de julho, a Golden Cross ainda seguir\u00e1 com 29 planos ativos para comercializa\u00e7\u00e3o, sendo 17 exclusivamente odontol\u00f3gicos e 12 m\u00e9dico-hospitalares.<\/p>\n<p>A qualquer momento, a Golden Cross tamb\u00e9m poder\u00e1 solicitar a suspens\u00e3o desses planos, se assim o quiser.<\/p>\n<p>A medida tinha sido anunciada pela Golden Cross em comunicado divulgado a seus clientes e corretores, em 6 de junho. Diante disso, no \u00faltimo dia 10, a Ag\u00eancia Nacional de Sa\u00fade Suplementar notificou a Golden Cross e <a href=\"https:\/\/agenciabrasil.ebc.com.br\/saude\/noticia\/2024-06\/golden-cross-deve-explicar-ans-suspensao-da-venda-de-planos-de-saude\" target=\"_blank\" rel=\"noopener\">pediu esclarecimentos<\/a> sobre a suspens\u00e3o de novas vendas dos planos de sa\u00fade, pois a ANS n\u00e3o havia sido oficialmente informada.<\/p>\n<h2>Golden Cross e Amil<\/h2>\n<p>Em 6 de junho, as operadoras de sa\u00fade Golden Cross e a Amil, em um comunicado conjunto, informaram aos cerca de 240 mil clientes dos planos m\u00e9dicos empresariais da Golden que, a partir do dia 1\u00ba de julho, eles passar\u00e3o a ser atendidos na rede credenciada Amil, ap\u00f3s a reestrutura\u00e7\u00e3o.<\/p>\n<p>Sobre essa parceria, a ANS tamb\u00e9m <a href=\"https:\/\/agenciabrasil.ebc.com.br\/economia\/noticia\/2024-06\/clientes-da-golden-cross-serao-atendidos-pela-rede-da-amil\" target=\"_blank\" rel=\"noopener\">notificou a operadora<\/a> para solicitar mais informa\u00e7\u00f5es.<\/p>\n<p>A ag\u00eancia reconhece que o uso de rede de uma operadora por outra prestadora de servi\u00e7os de sa\u00fade suplementar \u00e9 permitido legalmente. Com isso, n\u00e3o existe a necessidade de autoriza\u00e7\u00e3o da ANS.<\/p>\n<p>Mas \u00e9 preciso que a ag\u00eancia reguladora seja comunicada sobre os casos de mudan\u00e7a do tipo de contrato registrado, por exemplo, sobre a rede de prestadores de servi\u00e7os de sa\u00fade aos clientes.<\/p>\n<p>Em caso de d\u00favidas, o usu\u00e1rio pode verificar o que est\u00e1 coberto pelo seu plano de sa\u00fade no <a href=\"https:\/\/www.ans.gov.br\/ROL-web\/\" target=\"_blank\" rel=\"noopener\">site<\/a>.<\/p>\n<\/p><\/div>\n<p><br \/>\n<br \/><a href=\"https:\/\/agenciabrasil.ebc.com.br\/saude\/noticia\/2024-06\/ans-autoriza-suspensao-de-venda-de-planos-da-golden-cross\" rel=\"noopener\">Ag\u00eancia Brasil <\/a><\/p>\n","protected":false},"excerpt":{"rendered":"<p>A Ag\u00eancia Nacional de Sa\u00fade Suplementar (ANS) autorizou, na semana passada, a Golden Cross a suspender a comercializa\u00e7\u00e3o de 114 dos 143 planos ativos da operadora, a partir de 10 de julho. A solicita\u00e7\u00e3o para a suspens\u00e3o do com\u00e9rcio destes planos foi feita pela pr\u00f3pria operadora em 10 de junho. A ag\u00eancia reguladora esclareceu que [&hellip;]<\/p>\n","protected":false},"author":1,"featured_media":269,"comment_status":"open","ping_status":"open","sticky":false,"template":"","format":"standard","meta":{"_jetpack_newsletter_access":"","_jetpack_dont_email_post_to_subs":false,"_jetpack_newsletter_tier_id":0,"_jetpack_memberships_contains_paywalled_content":false,"_mbp_banners":[],"_jetpack_feature_clip_id":0,"_jetpack_memberships_contains_paid_content":false,"footnotes":"","jetpack_publicize_message":"","jetpack_publicize_feature_enabled":true,"jetpack_social_post_already_shared":true,"jetpack_social_options":{"image_generator_settings":{"template":"highway","default_image_id":0,"font":"","enabled":false},"version":2},"jetpack_post_was_ever_published":false},"categories":[15],"tags":[],"class_list":["post-8929","post","type-post","status-publish","format-standard","has-post-thumbnail","category-saude"],"jetpack_publicize_connections":[],"jetpack-related-posts":[],"jetpack_shortlink":"https:\/\/wp.me\/p7Eq1F-2k1","jetpack_sharing_enabled":true,"jetpack_featured_media_url":"https:\/\/i0.wp.com\/guialimeira.com.br\/news\/wp-content\/uploads\/2024\/03\/thumb_1200x600_agbrasil.png?fit=1200%2C600&ssl=1","_links":{"self":[{"href":"https:\/\/guialimeira.com.br\/news\/wp-json\/wp\/v2\/posts\/8929","targetHints":{"allow":["GET"]}}],"collection":[{"href":"https:\/\/guialimeira.com.br\/news\/wp-json\/wp\/v2\/posts"}],"about":[{"href":"https:\/\/guialimeira.com.br\/news\/wp-json\/wp\/v2\/types\/post"}],"author":[{"embeddable":true,"href":"https:\/\/guialimeira.com.br\/news\/wp-json\/wp\/v2\/users\/1"}],"replies":[{"embeddable":true,"href":"https:\/\/guialimeira.com.br\/news\/wp-json\/wp\/v2\/comments?post=8929"}],"version-history":[{"count":0,"href":"https:\/\/guialimeira.com.br\/news\/wp-json\/wp\/v2\/posts\/8929\/revisions"}],"wp:featuredmedia":[{"embeddable":true,"href":"https:\/\/guialimeira.com.br\/news\/wp-json\/wp\/v2\/media\/269"}],"wp:attachment":[{"href":"https:\/\/guialimeira.com.br\/news\/wp-json\/wp\/v2\/media?parent=8929"}],"wp:term":[{"taxonomy":"category","embeddable":true,"href":"https:\/\/guialimeira.com.br\/news\/wp-json\/wp\/v2\/categories?post=8929"},{"taxonomy":"post_tag","embeddable":true,"href":"https:\/\/guialimeira.com.br\/news\/wp-json\/wp\/v2\/tags?post=8929"}],"curies":[{"name":"wp","href":"https:\/\/api.w.org\/{rel}","templated":true}]}}