{"id":8926,"date":"2024-06-23T18:17:31","date_gmt":"2024-06-23T21:17:31","guid":{"rendered":"https:\/\/guialimeira.com.br\/2024\/06\/23\/manifestantes-protestam-contra-pl-do-aborto-no-rio-e-em-sao-paulo\/"},"modified":"2024-06-23T18:17:31","modified_gmt":"2024-06-23T21:17:31","slug":"manifestantes-protestam-contra-pl-do-aborto-no-rio-e-em-sao-paulo","status":"publish","type":"post","link":"https:\/\/guialimeira.com.br\/news\/manifestantes-protestam-contra-pl-do-aborto-no-rio-e-em-sao-paulo\/","title":{"rendered":"Manifestantes protestam contra\u00a0PL do Aborto no Rio e em S\u00e3o Paulo"},"content":{"rendered":"<p> <br \/>\n<\/p>\n<div>\n<p>Centenas de manifestantes se reuniram na Praia de Copacabana, na zona sul do Rio de Janeiro, na manh\u00e3 deste domingo (23) para pedir o arquivamento imediato do Projeto de Lei 1904\/24, que equipara o aborto acima de 22 semanas de gesta\u00e7\u00e3o ao homic\u00eddio, aumentando de dez para 20 anos a pena m\u00e1xima para quem fizer o procedimento.<img data-recalc-dims=\"1\" decoding=\"async\" src=\"https:\/\/i0.wp.com\/agenciabrasil.ebc.com.br\/ebc.png?w=696&#038;ssl=1\" style=\"width:1px; height:1px; display:inline;\"\/><img data-recalc-dims=\"1\" decoding=\"async\" src=\"https:\/\/i0.wp.com\/agenciabrasil.ebc.com.br\/ebc.gif?w=696&#038;ssl=1\" style=\"width:1px; height:1px; display:inline;\"\/><\/p>\n<p>A assistente social Clara Saraiva, uma das organizadoras da manifesta\u00e7\u00e3o e\u00a0membro da Frente Estadual contra a Criminaliza\u00e7\u00e3o das Mulheres e pela Legaliza\u00e7\u00e3o do Aborto no estado do Rio, disse que o ato \u00e9 parte de um movimento nacional chamado Crian\u00e7a n\u00e3o \u00e9 M\u00e3e, que pede o arquivamento imediato da proposta por proteger\u00a0estupradores e impedir\u00a0a mulher de exercer o direito legal ao aborto ap\u00f3s a 22\u00aa semana de gesta\u00e7\u00e3o.<\/p>\n<p>\u201cMais do que impedir, ele criminaliza tratando as mulheres como homicidas, podendo pegar uma pena de at\u00e9 20 anos o que \u00e9 extremamente grave, pena maior do que a do estupro\u201d.<\/p>\n<p>A deputada federal Jandira Feghali (PCdoB) ressaltou que os atos da popula\u00e7\u00e3o nas ruas s\u00e3o importante instrumentos de press\u00e3o aos parlamentares. &#8220;A presen\u00e7a nossa nas ruas \u00e9 decisiva, que nos d\u00e1 a principal sustenta\u00e7\u00e3o, para que a gente tenha vit\u00f3ria no Congresso Nacional. As mulheres provaram que elas conseguem botar o povo na rua. Esse PL 1904, al\u00e9m de inconstitucional, \u00e9 absolutamente criminoso e nos leva para o in\u00edcio do s\u00e9culo passado. Crian\u00e7a n\u00e3o \u00e9 m\u00e3e, estuprador n\u00e3o \u00e9 pai\u201d.<\/p>\n<p>No protesto, h\u00e1 cr\u00edticas ao presidente da C\u00e2mara dos Deputados, Arthur Lira (PP-AL). Na\u00a0\u00faltima semana, Lira\u00a0informou\u00a0que ir\u00e1 criar uma<a href=\"https:\/\/agenciabrasil.ebc.com.br\/politica\/noticia\/2024-06\/lira-anuncia-comissao-para-debater-pl-do-aborto-no-segundo-semestre\" target=\"_blank\" rel=\"noopener\"> comiss\u00e3o para debater o projeto de lei no segundo semestre<\/a>.\u00a0O adiamento do debate ocorre ap\u00f3s\u00a0cr\u00edticas, da sociedade civil e de autoridades,\u00a0ao teor do projeto e pelos deputados federais\u00a0terem aprovado regime de urg\u00eancia\u00a0para a proposta, o que significa votar\u00a0diretamente no plen\u00e1rio sem passar por discuss\u00f5es nas comiss\u00f5es da Casa.\u00a0<\/p>\n<p>O aposentado Francisco Viana de Souza tamb\u00e9m participou da passeata e considera que &#8220;o\u00a0povo foi desrespeitado\u201d com aprova\u00e7\u00e3o do regime de urg\u00eancia.\u00a0<\/p>\n<h2>S\u00e3o Paulo\u00a0<\/h2>\n<p>Em S\u00e3o Paulo, a concentra\u00e7\u00e3o do ato foi em frente ao Museu de Arte de S\u00e3o Paulo, na Avenida Paulista, regi\u00e3o central da capital. \u00c9 a terceira manifesta\u00e7\u00e3o que ocorre\u00a0no local contra o PL 1904 desde o dia 13 de junho.<\/p>\n<p>Uma bateria de tambores dava ritmo aos gritos de ordem. Ao microfone, as manifestantes se revezavam para explicar as raz\u00f5es do protesto. Parte delas\u00a0usava o len\u00e7o verde que se tornou s\u00edmbolo dos atos em defesa ao direito ao aborto legal.<\/p>\n<p>A militante Let\u00edcia Parks, do movimento P\u00e3o e Rosas, explica que h\u00e1 o risco de o\u00a0projeto ser votado em agosto, por isso a necessidade de mobiliza\u00e7\u00e3o constante.<\/p>\n<blockquote>\n<p>\u201c\u00c9 muito importante dar um recado para o Congresso de que n\u00f3s n\u00e3o vamos parar de lutar enquanto esse PL continuar em pauta\u201d, enfatizou.<\/p>\n<\/blockquote>\n<p>A amplia\u00e7\u00e3o do direito do aborto e da autonomia das mulheres tamb\u00e9m faz, segundo Let\u00edcia, parte das reivindica\u00e7\u00f5es da manifesta\u00e7\u00e3o. \u201cA gente est\u00e1 lutando pelo direito ao aborto legal, livre, seguro e gratuito, porque n\u00e3o se trata apenas de defender um direito restrito, como \u00e9 o que a gente tem hoje, mas lutar pelo direito das mulheres, das pessoas com \u00fatero, decidirem sobre o pr\u00f3prio corpo de forma totalmente livre\u201d, disse.<\/p>\n<\/p><\/div>\n<p><br \/>\n<br \/><a href=\"https:\/\/agenciabrasil.ebc.com.br\/saude\/noticia\/2024-06\/manifestantes-protestam-contra-pl-do-aborto-no-rio-e-em-sao-paulo\" rel=\"noopener\">Ag\u00eancia Brasil <\/a><\/p>\n","protected":false},"excerpt":{"rendered":"<p>Centenas de manifestantes se reuniram na Praia de Copacabana, na zona sul do Rio de Janeiro, na manh\u00e3 deste domingo (23) para pedir o arquivamento imediato do Projeto de Lei 1904\/24, que equipara o aborto acima de 22 semanas de gesta\u00e7\u00e3o ao homic\u00eddio, aumentando de dez para 20 anos a pena m\u00e1xima para quem fizer [&hellip;]<\/p>\n","protected":false},"author":1,"featured_media":8927,"comment_status":"open","ping_status":"open","sticky":false,"template":"","format":"standard","meta":{"_jetpack_newsletter_access":"","_jetpack_dont_email_post_to_subs":false,"_jetpack_newsletter_tier_id":0,"_jetpack_memberships_contains_paywalled_content":false,"_mbp_banners":[],"_jetpack_feature_clip_id":0,"_jetpack_memberships_contains_paid_content":false,"footnotes":"","jetpack_publicize_message":"","jetpack_publicize_feature_enabled":true,"jetpack_social_post_already_shared":true,"jetpack_social_options":{"image_generator_settings":{"template":"highway","default_image_id":0,"font":"","enabled":false},"version":2},"jetpack_post_was_ever_published":false},"categories":[15],"tags":[],"class_list":["post-8926","post","type-post","status-publish","format-standard","has-post-thumbnail","category-saude"],"jetpack_publicize_connections":[],"jetpack-related-posts":[],"jetpack_shortlink":"https:\/\/wp.me\/p7Eq1F-2jY","jetpack_sharing_enabled":true,"jetpack_featured_media_url":"https:\/\/i0.wp.com\/guialimeira.com.br\/news\/wp-content\/uploads\/2024\/06\/toms1550.jpg?fit=1600%2C800&ssl=1","_links":{"self":[{"href":"https:\/\/guialimeira.com.br\/news\/wp-json\/wp\/v2\/posts\/8926","targetHints":{"allow":["GET"]}}],"collection":[{"href":"https:\/\/guialimeira.com.br\/news\/wp-json\/wp\/v2\/posts"}],"about":[{"href":"https:\/\/guialimeira.com.br\/news\/wp-json\/wp\/v2\/types\/post"}],"author":[{"embeddable":true,"href":"https:\/\/guialimeira.com.br\/news\/wp-json\/wp\/v2\/users\/1"}],"replies":[{"embeddable":true,"href":"https:\/\/guialimeira.com.br\/news\/wp-json\/wp\/v2\/comments?post=8926"}],"version-history":[{"count":0,"href":"https:\/\/guialimeira.com.br\/news\/wp-json\/wp\/v2\/posts\/8926\/revisions"}],"wp:featuredmedia":[{"embeddable":true,"href":"https:\/\/guialimeira.com.br\/news\/wp-json\/wp\/v2\/media\/8927"}],"wp:attachment":[{"href":"https:\/\/guialimeira.com.br\/news\/wp-json\/wp\/v2\/media?parent=8926"}],"wp:term":[{"taxonomy":"category","embeddable":true,"href":"https:\/\/guialimeira.com.br\/news\/wp-json\/wp\/v2\/categories?post=8926"},{"taxonomy":"post_tag","embeddable":true,"href":"https:\/\/guialimeira.com.br\/news\/wp-json\/wp\/v2\/tags?post=8926"}],"curies":[{"name":"wp","href":"https:\/\/api.w.org\/{rel}","templated":true}]}}