{"id":8924,"date":"2024-06-23T17:20:56","date_gmt":"2024-06-23T20:20:56","guid":{"rendered":"https:\/\/guialimeira.com.br\/2024\/06\/23\/liga-das-nacoes-brasil-vai-as-quartas-apesar-de-reves-contra-franca\/"},"modified":"2024-06-23T17:20:56","modified_gmt":"2024-06-23T20:20:56","slug":"liga-das-nacoes-brasil-vai-as-quartas-apesar-de-reves-contra-franca","status":"publish","type":"post","link":"https:\/\/guialimeira.com.br\/news\/liga-das-nacoes-brasil-vai-as-quartas-apesar-de-reves-contra-franca\/","title":{"rendered":"Liga das Na\u00e7\u00f5es: Brasil vai \u00e0s quartas, apesar de rev\u00e9s contra Fran\u00e7a"},"content":{"rendered":"<p> <br \/>\n<\/p>\n<div>\n<p>A sele\u00e7\u00e3o brasileira masculina avan\u00e7ou \u00e0s quartas de final da Liga das Na\u00e7\u00f5es de V\u00f4lei (LNV) neste domingo (23), mesmo com derrota por 3 sets a 2 (25-23, 27-29, 13-25, 25-19 e 18-16), para a Fran\u00e7a, atual campe\u00e3 ol\u00edmpica, em Manila (Filipinas). A equipe comandada pelo t\u00e9cnico Bernardinho encerrou a primeira fase (classificat\u00f3ria) na s\u00e9tima posi\u00e7\u00e3o, com 21 pontos. O mata-mata come\u00e7a na pr\u00f3xima quinta-feira (27), na cidade de Lodz (Pol\u00f4nia). O advers\u00e1rio , que ser\u00e1 definido ap\u00f3s o t\u00e9rmino dos jogos de hoje (23), poder\u00e1 ser Eslov\u00eania, vice-l\u00edder da LNV com 26 pontos, It\u00e1lia (terceira colocada, com 27) ou a l\u00edder Pol\u00f4nia (29 pontos).<img data-recalc-dims=\"1\" decoding=\"async\" src=\"https:\/\/i0.wp.com\/agenciabrasil.ebc.com.br\/ebc.png?w=696&#038;ssl=1\" style=\"width:1px; height:1px; display:inline;\"\/><img data-recalc-dims=\"1\" decoding=\"async\" src=\"https:\/\/i0.wp.com\/agenciabrasil.ebc.com.br\/ebc.gif?w=696&#038;ssl=1\" style=\"width:1px; height:1px; display:inline;\"\/><\/p>\n<blockquote class=\"twitter-tweet\">\n<p dir=\"ltr\" lang=\"pt\" xml:lang=\"pt\">Sele\u00e7\u00e3o masculina \u00e9 superada pela Fran\u00e7a na \u00faltima rodada da primeira fase da Liga das Na\u00e7\u00f5es. O Brasil avan\u00e7a para as quartas de final em s\u00e9timo lugar. <a href=\"https:\/\/twitter.com\/hashtag\/VNL?src=hash&amp;ref_src=twsrc%5Etfw\" rel=\"noopener\">#VNL<\/a> <a href=\"https:\/\/twitter.com\/hashtag\/LigaDasNacoes?src=hash&amp;ref_src=twsrc%5Etfw\" rel=\"noopener\">#LigaDasNacoes<\/a> <a href=\"https:\/\/twitter.com\/hashtag\/Volei?src=hash&amp;ref_src=twsrc%5Etfw\" rel=\"noopener\">#Volei<\/a> <a href=\"https:\/\/t.co\/Tsa55Kz5Jn\">pic.twitter.com\/Tsa55Kz5Jn<\/a><\/p>\n<p>\u2014 V\u00f4lei Brasil (@volei) <a href=\"https:\/\/twitter.com\/volei\/status\/1804809971449594036?ref_src=twsrc%5Etfw\" rel=\"noopener\">June 23, 2024<\/a><\/p><\/blockquote>\n<p>O principal pontuador neste domingo (23) foi o jogador Faure, da Fran\u00e7a, com 29 acertos. Do lado brasileiro, o ponteiro Lucarelli anotou 18 pontos e o oposto Alan 15 acertos.<\/p>\n<p>O trope\u00e7o diante da Fran\u00e7a foi o terceiro seguido da sele\u00e7\u00e3o masculina na terceira e \u00faltima semana da primeira fase. O Brasil levou a melhor em seis dos 12 jogos da etapa classificat\u00f3ria, disputada ao longo de tr\u00eas semanas.<\/p>\n<p>No jogo de hoje (23), o t\u00e9cnico Bernardinho relacionou os levantadores Bras\u00edlia, Bruninho e Cachopa; os opostos Alan, Darlan, Adriano, Leal, Lucarelli, e Lukas Bergmann; os centrais Fl\u00e1vio, Isac e Luc\u00e3o; e os l\u00edberos Honorato e Thales.<\/p>\n<p>A LNV \u00e9 o \u00faltimo grande torneio antes da Olimp\u00edada de Paris e serve de norte para o t\u00e9cnico Bernardinho definir a lista de convocados com apenas 12 jogadores.<\/p>\n<h2>Sele\u00e7\u00e3o termina em 4\u00ba lugar na LNV Feminina<\/h2>\n<p>Ainda abaladas ap\u00f3s o <a href=\"https:\/\/agenciabrasil.ebc.com.br\/esportes\/noticia\/2024-06\/brasil-perde-para-japao-e-buscara-bronze-na-liga-das-nacoes-feminina\" rel=\"noopener\"><strong>rev\u00e9s contra o Jap\u00e3o na semifinal da LNV <\/strong><\/a>no s\u00e1bado (22). que adiou o sonho do t\u00edtulo in\u00e9dito na LNV, as brasileiras amargaram outra derrota hoje, deixando escapara a\u00a0medalha de bronze.A sele\u00e7\u00e3o foi\u00a0superada pela Pol\u00f4nia\u00a0por 3 sets a 2 ( 21\/25, 28\/26, 21\/25. 25\/19e 9\/15). De um total de 15 jogos na competi\u00e7\u00e3o, a equipe comandada pelo t\u00e9cnico Jos\u00e9 Roberto Guimar\u00e3es seguiu invicta, com 13 vit\u00f3rias, at\u00e9 ser superada pelas asi\u00e1ticas na semi.\u00a0No entanto, na decis\u00e3o do t\u00edtulo feminino da LNV neste domingo (23), quem levou a melhor sobre o Jap\u00e3o foi a It\u00e1lia, com vit\u00f3ria por 3 sets a 1 (25\/17, 25\/17, 21\/25 e 25\/20).<\/p>\n<blockquote class=\"twitter-tweet\">\n<p dir=\"ltr\" lang=\"pt\" xml:lang=\"pt\">No tie-break, a sele\u00e7\u00e3o feminina \ud83c\udde7\ud83c\uddf7 \u00e9 superada pela Pol\u00f4nia \ud83c\uddf5\ud83c\uddf1 e termina a Liga das Na\u00e7\u00f5es em quarto lugar. <a href=\"https:\/\/twitter.com\/hashtag\/VNL?src=hash&amp;ref_src=twsrc%5Etfw\" rel=\"noopener\">#VNL<\/a> <a href=\"https:\/\/twitter.com\/hashtag\/LigaDasNacoes?src=hash&amp;ref_src=twsrc%5Etfw\" rel=\"noopener\">#LigaDasNacoes<\/a> <a href=\"https:\/\/twitter.com\/hashtag\/Volei?src=hash&amp;ref_src=twsrc%5Etfw\" rel=\"noopener\">#Volei<\/a> <a href=\"https:\/\/t.co\/5uBXW3vVA2\">pic.twitter.com\/5uBXW3vVA2<\/a><\/p>\n<p>\u2014 V\u00f4lei Brasil (@volei) <a href=\"https:\/\/twitter.com\/volei\/status\/1804854341355884960?ref_src=twsrc%5Etfw\" rel=\"noopener\">June 23, 2024<\/a><\/p><\/blockquote>\n<p>Atual l\u00edder do ranking mundial, a sele\u00e7\u00e3o brasileira feminina segue em prepara\u00e7\u00e3o para os Jogos de Paris. O Brasil\u00a0\u00e9 cabe\u00e7a de chave do Grupo B dos Jogos, que tem ainda Pol\u00f4nia, Jap\u00e3o e Qu\u00eania. O torneio de v\u00f4lei em Paris 2024 est\u00e1 programado para o per\u00edodo de\u00a027 de julho a\u00a011 de agosto.\u00a0<\/p>\n<\/p><\/div>\n<p><script async src=\"\/\/platform.twitter.com\/widgets.js\" charset=\"utf-8\"><\/script><br \/>\n<br \/><br \/>\n<br \/><a href=\"https:\/\/agenciabrasil.ebc.com.br\/esportes\/noticia\/2024-06\/liga-das-nacoes-brasil-vai-quartas-apesar-de-reves-contra-franca\" rel=\"noopener\">Ag\u00eancia Brasil<\/a><\/p>\n","protected":false},"excerpt":{"rendered":"<p>A sele\u00e7\u00e3o brasileira masculina avan\u00e7ou \u00e0s quartas de final da Liga das Na\u00e7\u00f5es de V\u00f4lei (LNV) neste domingo (23), mesmo com derrota por 3 sets a 2 (25-23, 27-29, 13-25, 25-19 e 18-16), para a Fran\u00e7a, atual campe\u00e3 ol\u00edmpica, em Manila (Filipinas). A equipe comandada pelo t\u00e9cnico Bernardinho encerrou a primeira fase (classificat\u00f3ria) na s\u00e9tima [&hellip;]<\/p>\n","protected":false},"author":1,"featured_media":8925,"comment_status":"open","ping_status":"open","sticky":false,"template":"","format":"standard","meta":{"_jetpack_newsletter_access":"","_jetpack_dont_email_post_to_subs":false,"_jetpack_newsletter_tier_id":0,"_jetpack_memberships_contains_paywalled_content":false,"_mbp_banners":[],"_jetpack_feature_clip_id":0,"_jetpack_memberships_contains_paid_content":false,"footnotes":"","jetpack_publicize_message":"","jetpack_publicize_feature_enabled":true,"jetpack_social_post_already_shared":true,"jetpack_social_options":{"image_generator_settings":{"template":"highway","default_image_id":0,"font":"","enabled":false},"version":2},"jetpack_post_was_ever_published":false},"categories":[23],"tags":[],"class_list":["post-8924","post","type-post","status-publish","format-standard","has-post-thumbnail","category-esportes"],"jetpack_publicize_connections":[],"jetpack-related-posts":[],"jetpack_shortlink":"https:\/\/wp.me\/p7Eq1F-2jW","jetpack_sharing_enabled":true,"jetpack_featured_media_url":"https:\/\/i0.wp.com\/guialimeira.com.br\/news\/wp-content\/uploads\/2024\/06\/brasil_3_a_2_franca_lnv_masc_2024.jpg?fit=1600%2C800&ssl=1","_links":{"self":[{"href":"https:\/\/guialimeira.com.br\/news\/wp-json\/wp\/v2\/posts\/8924","targetHints":{"allow":["GET"]}}],"collection":[{"href":"https:\/\/guialimeira.com.br\/news\/wp-json\/wp\/v2\/posts"}],"about":[{"href":"https:\/\/guialimeira.com.br\/news\/wp-json\/wp\/v2\/types\/post"}],"author":[{"embeddable":true,"href":"https:\/\/guialimeira.com.br\/news\/wp-json\/wp\/v2\/users\/1"}],"replies":[{"embeddable":true,"href":"https:\/\/guialimeira.com.br\/news\/wp-json\/wp\/v2\/comments?post=8924"}],"version-history":[{"count":0,"href":"https:\/\/guialimeira.com.br\/news\/wp-json\/wp\/v2\/posts\/8924\/revisions"}],"wp:featuredmedia":[{"embeddable":true,"href":"https:\/\/guialimeira.com.br\/news\/wp-json\/wp\/v2\/media\/8925"}],"wp:attachment":[{"href":"https:\/\/guialimeira.com.br\/news\/wp-json\/wp\/v2\/media?parent=8924"}],"wp:term":[{"taxonomy":"category","embeddable":true,"href":"https:\/\/guialimeira.com.br\/news\/wp-json\/wp\/v2\/categories?post=8924"},{"taxonomy":"post_tag","embeddable":true,"href":"https:\/\/guialimeira.com.br\/news\/wp-json\/wp\/v2\/tags?post=8924"}],"curies":[{"name":"wp","href":"https:\/\/api.w.org\/{rel}","templated":true}]}}